{"id":5990,"date":"2012-07-28T15:31:16","date_gmt":"2012-07-28T12:31:16","guid":{"rendered":"http:\/\/www.bbyhaber.com\/bby\/?p=5990"},"modified":"2012-09-07T19:34:58","modified_gmt":"2012-09-07T16:34:58","slug":"los-angeles-merkez-kutuphanesinde-turkce-kitaplar-bolumu-kuruldu","status":"publish","type":"post","link":"https:\/\/www.bbyhaber.com\/bby\/2012\/07\/28\/los-angeles-merkez-kutuphanesinde-turkce-kitaplar-bolumu-kuruldu","title":{"rendered":"Los Angeles Merkez K\u00fct\u00fcphanesinde T\u00fcrk\u00e7e Kitaplar B\u00f6l\u00fcm\u00fc Kuruldu"},"content":{"rendered":"<p style=\"text-align: justify;\">Los Angeles T\u00fcrk Amerikan Derne\u011fi\u2019nin (LATAA) bir s\u00fcredir y\u00fcr\u00fctt\u00fc\u011f\u00fc kampanya meyvesini verdi ve Los Angeles Merkez K\u00fct\u00fcphanesi\u2019nde T\u00fcrk\u00e7e kitaplardan olu\u015fan bir b\u00f6l\u00fcm olu\u015fturuldu. Binlerce T\u00fcrk\u2019\u00fcn ya\u015fad\u0131\u011f\u0131 Los Angeles ve \u00e7evresinde T\u00fcrkiye ve T\u00fcrk tarihi hakk\u0131nda kitaplar\u0131n eksikli\u011finden yola \u00e7\u0131kan Los Angeles T\u00fcrk Amerikan Derne\u011fi (LATAA) konunun \u00e7\u00f6z\u00fcm\u00fc ile ilgili bir \u00e7al\u0131\u015fma ba\u015flatm\u0131\u015f ve Los Angeles Merkez K\u00fct\u00fcphanesi\u2019nde T\u00fcrk\u00e7e kitaplar bolumu olu\u015fturmak i\u00e7in kollar\u0131 s\u0131vam\u0131\u015ft\u0131.<!--more--><\/p>\n<p style=\"text-align: justify;\">LATAA toplad\u0131\u011f\u0131 kitaplar\u0131 ge\u00e7ti\u011fimiz ay k\u00fct\u00fcphane yetkililerine teslim etmi\u015f ve kitaplar\u0131n tasnifi yap\u0131lmas\u0131 i\u00e7in gerekli \u00e7al\u0131\u015fmalar\u0131 yapmak i\u00e7in de k\u00fct\u00fcphane yetkililerine yard\u0131mc\u0131 olmu\u015flard\u0131. Tasnif \u00e7al\u0131\u015fmalar\u0131 sonland\u0131r\u0131lan ilk k\u0131s\u0131m kitaplar\u0131n daha \u00f6nce olu\u015fturulan &#8220;T\u00fcrk\u00e7e Kitaplar&#8221; b\u00f6l\u00fcm\u00fcndeki raflarda yerini ald\u0131\u011f\u0131n\u0131 s\u00f6yleyen Los Angeles Merkez K\u00fct\u00fcphanesi Uluslararas\u0131 Diller B\u00f6l\u00fcm\u00fc M\u00fcd\u00fcr\u00fc Kuang Pei; &#8220;Bize b\u00f6ylesi g\u00fczel bir fikirle geldikleri ve T\u00fcrk\u00e7e kitaplar b\u00f6l\u00fcm\u00fcn\u00fc olu\u015ftururken g\u00f6sterdikleri ola\u011fan\u00fcst\u00fc \u00e7abalar\u0131ndan dolay\u0131, Los Angeles T\u00fcrk Amerikan Derne\u011fi\u2019ne \u00e7ok te\u015fekk\u00fcr ederim. Art\u0131k halk\u0131m\u0131z gelip kitaplar\u0131 alabilirler, okuyabilirler,&#8221; dedi.<\/p>\n<p style=\"text-align: justify;\">Los Angeles T\u00fcrk Amerikan Derne\u011fi Ba\u015fkan\u0131 Ahmet Onerbay ise; &#8220;Uzun bir \u00e7al\u0131\u015fma sonras\u0131 halk\u0131m\u0131za b\u00f6yle bir hizmeti sunmak, daha \u00f6nce hi\u00e7 d\u00fc\u015f\u00fcn\u00fclmeyeni d\u00fc\u015f\u00fcn\u00fcp ger\u00e7ekle\u015ftirmek \u00e7ok tatmin edici, \u00e7ok g\u00fczel bir duygu. Eme\u011fi ge\u00e7en t\u00fcm y\u00f6netim kurulu arkada\u015flar\u0131m\u0131za te\u015fekk\u00fcr ediyorum. Art\u0131k Los Angeles\u2019ta bizim de bir k\u00fct\u00fcphanemiz var,&#8221; dedikten sonra k\u00fct\u00fcphane i\u00e7in kitap ba\u011f\u0131\u015f kampanyalar\u0131n\u0131n devam etti\u011fini ve k\u00fct\u00fcphanede bulunan kitap say\u0131s\u0131n\u0131 art\u0131rmak i\u00e7in halk\u0131m\u0131zdan kitap ba\u011f\u0131\u015flayarak kampanyaya destek vermeleri gerekti\u011fini dile getirdi.<\/p>\n<p style=\"text-align: justify;\">Kampanyaya destek i\u00e7in ve kampanya ile ilgili ayr\u0131nt\u0131l\u0131 bilgi almak i\u00e7in\u00a0 <a href=\"mailto:info@laturks.org\">info@laturks.org<\/a> &#8216;a yazabilirsiniz.<\/p>\n<p style=\"text-align: justify;\">Kaynak: http:\/\/www.turkishactionalert.com<\/p>\n<p style=\"text-align: justify;\"><a href=\"http:\/\/www.turkishactionalert.com\/images\/stories14\/570712-la3.jpg\"><img loading=\"lazy\" decoding=\"async\" class=\"alignnone\" src=\"http:\/\/www.turkishactionalert.com\/images\/stories14\/570712-la3.jpg\" alt=\"\" width=\"200\" height=\"200\" \/><\/a>\u00a0<a href=\"http:\/\/www.turkishactionalert.com\/images\/stories14\/570712-la2.jpg\"><img loading=\"lazy\" decoding=\"async\" class=\"alignnone\" src=\"http:\/\/www.turkishactionalert.com\/images\/stories14\/570712-la2.jpg\" alt=\"\" width=\"200\" height=\"200\" \/><\/a><\/p>\n<p style=\"text-align: justify;\">\n","protected":false},"excerpt":{"rendered":"<p>Los Angeles T\u00fcrk Amerikan Derne\u011fi\u2019nin (LATAA) bir s\u00fcredir y\u00fcr\u00fctt\u00fc\u011f\u00fc kampanya meyvesini verdi ve Los Angeles Merkez K\u00fct\u00fcphanesi\u2019nde T\u00fcrk\u00e7e kitaplardan olu\u015fan bir b\u00f6l\u00fcm olu\u015fturuldu. Binlerce T\u00fcrk\u2019\u00fcn ya\u015fad\u0131\u011f\u0131 Los Angeles ve \u00e7evresinde T\u00fcrkiye ve T\u00fcrk tarihi hakk\u0131nda kitaplar\u0131n eksikli\u011finden yola \u00e7\u0131kan Los Angeles T\u00fcrk Amerikan Derne\u011fi (LATAA) konunun \u00e7\u00f6z\u00fcm\u00fc ile ilgili bir \u00e7al\u0131\u015fma ba\u015flatm\u0131\u015f ve Los Angeles [&hellip;]<\/p>\n","protected":false},"author":1,"featured_media":0,"comment_status":"open","ping_status":"open","sticky":false,"template":"","format":"standard","meta":{"footnotes":""},"categories":[],"tags":[357,1410],"class_list":["post-5990","post","type-post","status-publish","format-standard","hentry","tag-los-angeles-merkez-kutuphanesi","tag-uluslararasi-kutuphane-haberleri"],"_links":{"self":[{"href":"https:\/\/www.bbyhaber.com\/bby\/wp-json\/wp\/v2\/posts\/5990"}],"collection":[{"href":"https:\/\/www.bbyhaber.com\/bby\/wp-json\/wp\/v2\/posts"}],"about":[{"href":"https:\/\/www.bbyhaber.com\/bby\/wp-json\/wp\/v2\/types\/post"}],"author":[{"embeddable":true,"href":"https:\/\/www.bbyhaber.com\/bby\/wp-json\/wp\/v2\/users\/1"}],"replies":[{"embeddable":true,"href":"https:\/\/www.bbyhaber.com\/bby\/wp-json\/wp\/v2\/comments?post=5990"}],"version-history":[{"count":0,"href":"https:\/\/www.bbyhaber.com\/bby\/wp-json\/wp\/v2\/posts\/5990\/revisions"}],"wp:attachment":[{"href":"https:\/\/www.bbyhaber.com\/bby\/wp-json\/wp\/v2\/media?parent=5990"}],"wp:term":[{"taxonomy":"category","embeddable":true,"href":"https:\/\/www.bbyhaber.com\/bby\/wp-json\/wp\/v2\/categories?post=5990"},{"taxonomy":"post_tag","embeddable":true,"href":"https:\/\/www.bbyhaber.com\/bby\/wp-json\/wp\/v2\/tags?post=5990"}],"curies":[{"name":"wp","href":"https:\/\/api.w.org\/{rel}","templated":true}]}}