{"id":5950,"date":"2012-07-26T10:09:19","date_gmt":"2012-07-26T10:09:19","guid":{"rendered":"http:\/\/www.bbyhaber.com\/bby\/?p=5950"},"modified":"2012-09-07T17:42:11","modified_gmt":"2012-09-07T14:42:11","slug":"korler-kutuphanesi-gonullu-bekliyor","status":"publish","type":"post","link":"https:\/\/www.bbyhaber.com\/bby\/2012\/07\/26\/korler-kutuphanesi-gonullu-bekliyor","title":{"rendered":"K\u00f6rler k\u00fct\u00fcphanesi g\u00f6n\u00fcll\u00fc bekliyor"},"content":{"rendered":"<p style=\"text-align: justify;\"><strong>Ses veren var m\u0131?<\/strong><\/p>\n<p>\u00d6\u011fretmen tatilde, doktor \u00f6\u011fle yeme\u011fi molas\u0131nda, \u00f6\u011frenciler s\u0131nav aras\u0131nda Ey\u00fcp K\u00f6rler K\u00fct\u00fcphanesi&#8217;ne gelip, g\u00f6rme engelliler i\u00e7in kitap okuyor. Seslendirilen kitaplar, T\u00fcrkiye&#8217;nin her k\u00f6\u015fesine hatta yurt d\u0131\u015f\u0131na bile g\u00f6nderiliyor. K\u00fct\u00fcphane yetkilileri &#8220;g\u00f6n\u00fcll\u00fc okuyuculara ihtiyac\u0131m\u0131z var&#8221; diyor. Temelleri 1997&#8217;de Taksim Atat\u00fcrk Kitapl\u0131\u011f\u0131yla at\u0131lan k\u00fct\u00fcphanede \u00f6rnek bir \u00e7al\u0131\u015fma y\u00fcr\u00fct\u00fcl\u00fcyor. Esnaf, doktor, \u00f6\u011frenci, \u00f6\u011fretmen&#8230; <!--more--><\/p>\n<p style=\"text-align: justify;\">Her meslekten gelen onlarca ki\u015fi, g\u00f6n\u00fcll\u00fc okuyucu olup g\u00f6rme engellilere ses veriyor. 5 bin sesli kitab\u0131n bulundu\u011fu k\u00fct\u00fcphanenin sorumlusu Nihal \u00c7a\u011flan T\u00fcrkmen &#8220;Buras\u0131 g\u00f6rmeyenlerle g\u00f6n\u00fcll\u00fc okuyucular\u0131n bulu\u015ftu\u011fu nokta&#8221; diyor. T\u00fcrkmen, \u015f\u00f6yle anlat\u0131yor: &#8220;G\u00f6rme engelliler i\u00e7in sesli kitap hayata tutunma arac\u0131. Kendilerini dinleyerek geli\u015ftiriyor, b\u00f6ylece e\u011fitimlerini tamaml\u0131yorlar. K\u00fct\u00fcphanemiz, g\u00f6n\u00fcll\u00fc okuyucular\u0131m\u0131zla ayakta duruyor. \u015eu an kay\u0131t alt\u0131nda bine yak\u0131n okuyucumuz var fakat s\u00fcrekli okumaya gelen say\u0131s\u0131 az. Bunlar aras\u0131nda esnaf, doktor, \u00f6\u011fretmen, \u00f6\u011frenci, akademisyenler bulunuyor. Ey\u00fcp Hastanesi doktorlar\u0131 \u00f6\u011fle aras\u0131 gelip burada yar\u0131m saat kitap okuyup gidiyor. Okunan kitaplar\u0131, g\u00f6rmeyen okurlar\u0131m\u0131za teslim ediyoruz. Dilerlerse kendi bilgisayarlar\u0131na al\u0131yorlar. \u0130sterlerse DVD ve CD ortam\u0131nda teslim ediyoruz. Ses kay\u0131tlar\u0131, sadece k\u00fct\u00fcphanemizde kalm\u0131yor, bunlar\u0131 T\u00fcrkiye&#8217;nin her taraf\u0131na yolluyoruz. Di\u011fer k\u00fct\u00fcphanelerle payla\u015f\u0131yoruz. Yurt d\u0131\u015f\u0131ndan bile istek geliyor. \u0130ngiltere, Azerbaycan, Almanya&#8217;ya sesli kitap g\u00f6nderdik. Kitap say\u0131m\u0131z ise her ge\u00e7en g\u00fcn art\u0131yor. G\u00f6n\u00fcll\u00fc okuyuculara \u00e7ok ihtiyac\u0131m\u0131z var. \u00d6zellikle yaz aylar\u0131nda say\u0131m\u0131z azal\u0131yor. Okumas\u0131 d\u00fczg\u00fcn olan herkesi bekliyoruz.&#8221;<\/p>\n<p style=\"text-align: justify;\"><strong>Peki her talep eden sesli kitap okuyabiliyor mu?<\/strong><\/p>\n<p style=\"text-align: justify;\">Nihal \u00c7a\u011flan T\u00fcrkmen, g\u00f6n\u00fcll\u00fcleri \u00f6nce s\u00fct\u00fcdyoya al\u0131p, seslerini de\u011ferlendirdiklerini anlat\u0131yor: &#8220;Bir kere okurun telaffuzu d\u00fczg\u00fcn olmal\u0131. Sesini kontrol etmesini bilmeli. Vurguya, iml\u00e2ya \u00f6zen g\u00f6stermeli. Sab\u0131rl\u0131 olmal\u0131. Bir kitab\u0131n bir tek sesten \u00e7\u0131kmas\u0131 gerekiyor. Bazen yar\u0131m b\u0131rak\u0131yorlar. Bu sefer o okunanlar bo\u015fa gidiyor. Bir ki\u015finin de\u011fi\u015fik g\u00fcnlerde okuduklar\u0131n\u0131 kitap bitiminde montajla birle\u015ftiriyoruz.&#8221;<\/p>\n<p><strong>Okuyucular memnun: Bu da ilmimizin zek\u00e2t\u0131<\/strong><\/p>\n<p style=\"text-align: justify;\">Emekli resim \u00f6\u011fretmeni Ay\u015fe Nursev \u00c7ift\u00e7i, K\u00f6rler K\u00fct\u00fcphanesinin m\u00fcdavim okuyucular\u0131ndan. \u0130nternetten ke\u015ffetti\u011fi k\u00fct\u00fcphaneye \u00c7ekmek\u00f6y&#8217;den \u00fc\u00e7 vas\u0131ta de\u011fi\u015ftirerek ula\u015f\u0131yor. \u0130stanbul&#8217;un kangrene d\u00f6n\u00fc\u015fen trafi\u011fine ald\u0131rmadan 4 y\u0131ld\u0131r, haftada iki g\u00fcn ses vermeye geliyor. &#8220;Ne kadar eser okudu\u011fumu bilmiyorum&#8221; diyor ve \u015f\u00f6yle anlat\u0131yor: &#8220;G\u00f6rme engelliler i\u00e7in bir \u015feyler yapmak m\u00fcthi\u015f keyif. Herkesi buray\u0131 g\u00f6rmeye \u00e7a\u011f\u0131r\u0131yorum. G\u00fczel dostluklar kuruyoruz. Bazen onlardan sipari\u015f kitap al\u0131yorum. \u015eu an bir y\u00fcksek lisans \u00f6\u011frencisi i\u00e7in Mimar Sinan kitab\u0131n\u0131 okuyorum. A\u011fustosa yeti\u015ftirece\u011fim in\u015fallah.&#8221;<\/p>\n<p style=\"text-align: justify;\">Beyaz\u0131t Devlet K\u00fct\u00fcphanesinde uzun y\u0131llar g\u00f6n\u00fcll\u00fc okuyuculuk yapan emekli Perizat\u00a0 Alt\u0131nay ise &#8220;Biz \u00f6ld\u00fckten sonra sonra sesimiz kals\u0131n. Sadece mal\u0131n\u0131z\u0131n paran\u0131z\u0131n zek\u00e2t\u0131 olmaz. \u0130lminizin ve bedeninizin da zek\u00e2t\u0131 var. Bu borcu vermenin en kolay yolu buraya gelip ses vermek diye d\u00fc\u015f\u00fcn\u00fcyorum&#8221; diyor. \u00dcniversite \u00f6\u011frencisi Merve K\u0131l\u0131\u00e7 da k\u00fct\u00fcphaneye iki senedir geliyor. &#8220;Burada kendimi \u00e7ok mutlu hissediyorum&#8221; diyen gen\u00e7 k\u0131z, &#8220;K\u00fct\u00fcphane, yol \u00fcst\u00fcnde. Her g\u00fcn binlerce ki\u015finin gelip ge\u00e7ti\u011fi bir yerde. Ama fark etmek laz\u0131m. G\u00f6rme engellilerin bu hayatta biz g\u00f6renlerden alacaklar\u0131 var. Bu borcu \u00f6demek i\u00e7in geliyorum&#8221; diye konu\u015fuyor. Ey\u00fcp&#8217;te oturan ev k\u0131z\u0131 Cahide Kazo\u011flu ise \u015funlar\u0131 s\u00f6yl\u00fcyor: &#8220;Ben bu il\u00e7ede oturuyorum. K\u00fct\u00fcphaneye \u00e7ok yak\u0131n\u0131m. Burada g\u00fczel bir ortam var. \u0130lk defa kar\u015f\u0131la\u015ft\u0131\u011f\u0131m\u0131z g\u00f6rme engelli arkada\u015flar\u0131m\u0131z bizi sesimizden tan\u0131yor. Kulaklar\u0131 \u00e7ok iyi. Hemen ay\u0131rt ediyorlar.&#8221;<\/p>\n<p><strong>G\u00f6n\u00fcll\u00fc okuyucu olmak istiyorsan\u0131z<\/strong><br \/>\nG\u00f6rme engellilere ses vermek ya da sesli kitaplardan faydalanmak i\u00e7in i\u015fte adres ve telefonu:<br \/>\n<span style=\"color: #0000ff;\"><strong>Telefon: (0212) 417 25 46 \/ Ey\u00fcp<\/strong><\/span><br \/>\n<span style=\"color: #0000ff;\"><strong>korlerbolumu@ibb.gov.tr<\/strong><\/span><\/p>\n<p>Kaynak: http:\/\/www.turkiyegazetesi.com.tr<\/p>\n","protected":false},"excerpt":{"rendered":"<p>Ses veren var m\u0131? \u00d6\u011fretmen tatilde, doktor \u00f6\u011fle yeme\u011fi molas\u0131nda, \u00f6\u011frenciler s\u0131nav aras\u0131nda Ey\u00fcp K\u00f6rler K\u00fct\u00fcphanesi&#8217;ne gelip, g\u00f6rme engelliler i\u00e7in kitap okuyor. Seslendirilen kitaplar, T\u00fcrkiye&#8217;nin her k\u00f6\u015fesine hatta yurt d\u0131\u015f\u0131na bile g\u00f6nderiliyor. K\u00fct\u00fcphane yetkilileri &#8220;g\u00f6n\u00fcll\u00fc okuyuculara ihtiyac\u0131m\u0131z var&#8221; diyor. Temelleri 1997&#8217;de Taksim Atat\u00fcrk Kitapl\u0131\u011f\u0131yla at\u0131lan k\u00fct\u00fcphanede \u00f6rnek bir \u00e7al\u0131\u015fma y\u00fcr\u00fct\u00fcl\u00fcyor. Esnaf, doktor, \u00f6\u011frenci, \u00f6\u011fretmen&#8230;<\/p>\n","protected":false},"author":1,"featured_media":0,"comment_status":"open","ping_status":"open","sticky":false,"template":"","format":"standard","meta":{"footnotes":""},"categories":[1,1487],"tags":[],"class_list":["post-5950","post","type-post","status-publish","format-standard","hentry","category-genel","category-gorme-engelli-kutuphane"],"_links":{"self":[{"href":"https:\/\/www.bbyhaber.com\/bby\/wp-json\/wp\/v2\/posts\/5950"}],"collection":[{"href":"https:\/\/www.bbyhaber.com\/bby\/wp-json\/wp\/v2\/posts"}],"about":[{"href":"https:\/\/www.bbyhaber.com\/bby\/wp-json\/wp\/v2\/types\/post"}],"author":[{"embeddable":true,"href":"https:\/\/www.bbyhaber.com\/bby\/wp-json\/wp\/v2\/users\/1"}],"replies":[{"embeddable":true,"href":"https:\/\/www.bbyhaber.com\/bby\/wp-json\/wp\/v2\/comments?post=5950"}],"version-history":[{"count":0,"href":"https:\/\/www.bbyhaber.com\/bby\/wp-json\/wp\/v2\/posts\/5950\/revisions"}],"wp:attachment":[{"href":"https:\/\/www.bbyhaber.com\/bby\/wp-json\/wp\/v2\/media?parent=5950"}],"wp:term":[{"taxonomy":"category","embeddable":true,"href":"https:\/\/www.bbyhaber.com\/bby\/wp-json\/wp\/v2\/categories?post=5950"},{"taxonomy":"post_tag","embeddable":true,"href":"https:\/\/www.bbyhaber.com\/bby\/wp-json\/wp\/v2\/tags?post=5950"}],"curies":[{"name":"wp","href":"https:\/\/api.w.org\/{rel}","templated":true}]}}