{"id":5942,"date":"2012-07-26T09:40:20","date_gmt":"2012-07-26T09:40:20","guid":{"rendered":"http:\/\/www.bbyhaber.com\/bby\/?p=5942"},"modified":"2013-11-20T12:56:53","modified_gmt":"2013-11-20T10:56:53","slug":"turk-kutuphaneciligi-dergisinin-60-yayin-yili-icin-kutlama-yapilacak","status":"publish","type":"post","link":"https:\/\/www.bbyhaber.com\/bby\/2012\/07\/26\/turk-kutuphaneciligi-dergisinin-60-yayin-yili-icin-kutlama-yapilacak","title":{"rendered":"T\u00fcrk K\u00fct\u00fcphanecili\u011fi Dergisinin 60. yay\u0131n y\u0131l\u0131 i\u00e7in kutlama yap\u0131lacak"},"content":{"rendered":"<p align=\"justify\"><span style=\"color: #000000;\">T\u00fcrk K\u00fct\u00fcphanecili\u011fi Dergisi&#8217;nin 60. Yay\u0131n Y\u0131l\u0131 <strong><span style=\"color: #0000ff;\">12 Ekim 2012<\/span><\/strong> tarihinde Milli K\u00fct\u00fcphane&#8217;de bir dizi etkinlikle kutlanacakt\u0131r. \u00dclkemizin ve d\u00fcnyan\u0131n en uzun soluklu mesleki ve bilimsel ileti\u015fim dergilerinden olan\u00a0<a href=\"http:\/\/tk.kutuphaneci.org.tr\/\" target=\"_blank\"><em>T\u00fcrk K\u00fct\u00fcphanecili\u011fi<\/em><\/a>\u00a0dergisi 60 ya\u015f\u0131na giriyor. <!--more-->Yay\u0131n hayat\u0131na ba\u015flad\u0131\u011f\u0131 1952 y\u0131l\u0131nda\u00a0<em>T\u00fcrk K\u00fct\u00fcphaneciler Derne\u011fi B\u00fclteni<\/em>\u00a0ad\u0131yla, o y\u0131llar\u0131n sivil toplum \u00f6rg\u00fct\u00fc anlay\u0131\u015f\u0131na g\u00f6re olduk\u00e7a etkin bir mesleki haberle\u015fme kayna\u011f\u0131 olma g\u00f6revini uzun y\u0131llar y\u00fcr\u00fcten dergimiz 1987 y\u0131l\u0131nda bug\u00fcnk\u00fc ismini ald\u0131. Dergimiz bu de\u011fi\u015fimin ard\u0131ndan mesleki kimli\u011finin yan\u0131 s\u0131ra bilimsel ve akademik bir kimli\u011fe kavu\u015ftu.<\/span><\/p>\n<p align=\"justify\"><span style=\"color: #000000;\">Genel olarak T\u00fcrkiye\u2019de sivil toplum \u00f6rg\u00fct\u00fc olman\u0131n zorluklar\u0131 ve \u00f6zel olarak T\u00fcrk K\u00fct\u00fcphaneciler Derne\u011fi\u2019nin uzun y\u0131llar mesle\u011fi tek ba\u015f\u0131na temsil etmesi ve ayr\u0131ca T\u00fcrkiye\u2019de yay\u0131nc\u0131l\u0131\u011fa ili\u015fkin sorunlar nedeniyle ya\u015fanan farkl\u0131 d\u00fczeydeki s\u0131k\u0131nt\u0131lara ra\u011fmen gelinen noktada 60 y\u0131l\u0131n\u0131 eksiksiz ve soluksuz olarak geride b\u0131rakan\u00a0<em>T\u00fcrk K\u00fct\u00fcphanecili\u011fi<\/em>\u00a0dergisi ad\u0131na gururluyuz, mutluyuz.<\/span><\/p>\n<p align=\"justify\"><span style=\"color: #000000;\">Bu gururu ve mutlulu\u011fu akademik birimlerimizle, b\u00fct\u00fcn k\u00fct\u00fcphane, bilgi-belge merkezi, ar\u015fiv ve ilgili di\u011fer kurum ve kurulu\u015flarda g\u00f6rev yapm\u0131\u015f ve yapmakta olan meslekta\u015flar\u0131m\u0131zla payla\u015fmak istiyoruz. Bu payla\u015f\u0131m\u0131n yarataca\u011f\u0131 ivmeyle dergimizin daha fazla tabana yay\u0131lmas\u0131, daha fazla sahiplenilmesi ve taban\u0131ndan ald\u0131\u011f\u0131 g\u00fc\u00e7le uluslararas\u0131la\u015fma s\u00fcrecindeki h\u0131z\u0131n artarak devam etmesi en b\u00fcy\u00fck beklentimizdir.<\/span><\/p>\n<p align=\"justify\"><span style=\"color: #0000ff;\"><strong><a href=\"http:\/\/tk60yil.kutuphaneci.org.tr\/index.php\/program\" target=\"_blank\"><span style=\"color: #0000ff;\">Program i\u00e7in t\u0131klay\u0131n\u0131z<\/span><\/a><\/strong><\/span><\/p>\n<p align=\"justify\"><strong><\/strong>Kaynak: http:\/\/tk60yil.kutuphaneci.org.tr<\/p>\n","protected":false},"excerpt":{"rendered":"<p>T\u00fcrk K\u00fct\u00fcphanecili\u011fi Dergisi&#8217;nin 60. Yay\u0131n Y\u0131l\u0131 12 Ekim 2012 tarihinde Milli K\u00fct\u00fcphane&#8217;de bir dizi etkinlikle kutlanacakt\u0131r. \u00dclkemizin ve d\u00fcnyan\u0131n en uzun soluklu mesleki ve bilimsel ileti\u015fim dergilerinden olan\u00a0T\u00fcrk K\u00fct\u00fcphanecili\u011fi\u00a0dergisi 60 ya\u015f\u0131na giriyor.<\/p>\n","protected":false},"author":1,"featured_media":0,"comment_status":"open","ping_status":"open","sticky":false,"template":"","format":"standard","meta":{"footnotes":""},"categories":[],"tags":[1416],"class_list":["post-5942","post","type-post","status-publish","format-standard","hentry","tag-turk-kutuphaneciligi"],"_links":{"self":[{"href":"https:\/\/www.bbyhaber.com\/bby\/wp-json\/wp\/v2\/posts\/5942"}],"collection":[{"href":"https:\/\/www.bbyhaber.com\/bby\/wp-json\/wp\/v2\/posts"}],"about":[{"href":"https:\/\/www.bbyhaber.com\/bby\/wp-json\/wp\/v2\/types\/post"}],"author":[{"embeddable":true,"href":"https:\/\/www.bbyhaber.com\/bby\/wp-json\/wp\/v2\/users\/1"}],"replies":[{"embeddable":true,"href":"https:\/\/www.bbyhaber.com\/bby\/wp-json\/wp\/v2\/comments?post=5942"}],"version-history":[{"count":0,"href":"https:\/\/www.bbyhaber.com\/bby\/wp-json\/wp\/v2\/posts\/5942\/revisions"}],"wp:attachment":[{"href":"https:\/\/www.bbyhaber.com\/bby\/wp-json\/wp\/v2\/media?parent=5942"}],"wp:term":[{"taxonomy":"category","embeddable":true,"href":"https:\/\/www.bbyhaber.com\/bby\/wp-json\/wp\/v2\/categories?post=5942"},{"taxonomy":"post_tag","embeddable":true,"href":"https:\/\/www.bbyhaber.com\/bby\/wp-json\/wp\/v2\/tags?post=5942"}],"curies":[{"name":"wp","href":"https:\/\/api.w.org\/{rel}","templated":true}]}}