{"id":5940,"date":"2012-07-25T18:43:40","date_gmt":"2012-07-25T18:43:40","guid":{"rendered":"http:\/\/www.bbyhaber.com\/bby\/?p=5940"},"modified":"2012-09-07T13:24:53","modified_gmt":"2012-09-07T10:24:53","slug":"selcuklu-ilce-belediyesi-bunyesinde-bulunan-7-kutuphane-yaz-tatiline-giren-ogrencilerini-bekliyor","status":"publish","type":"post","link":"https:\/\/www.bbyhaber.com\/bby\/2012\/07\/25\/selcuklu-ilce-belediyesi-bunyesinde-bulunan-7-kutuphane-yaz-tatiline-giren-ogrencilerini-bekliyor","title":{"rendered":"Sel\u00e7uklu \u0130l\u00e7e Belediyesi b\u00fcnyesinde bulunan 7 k\u00fct\u00fcphane yaz tatiline giren \u00f6\u011frencilerini bekliyor"},"content":{"rendered":"<p style=\"text-align: justify;\">Sel\u00e7uklu Belediyesi taraf\u0131ndan yap\u0131lan a\u00e7\u0131klamada, yaz tatiline giren \u00f6\u011frencilerin Sel\u00e7uklu Belediyesi Halk ve \u00c7ocuk K\u00fct\u00fcphanelerinden en iyi \u015fekilde yararlanmas\u0131 i\u00e7in gerekli d\u00fczenlemelerin yap\u0131ld\u0131\u011f\u0131 ifade edildi. Sel\u00e7uklu Belediyesi Halk ve \u00c7ocuk K\u00fct\u00fcphanelerinde 65 bin kitab\u0131n okuyucuyla bulu\u015ftu\u011fu kaydedildi. Toplam 10 bin \u00fcyeye ula\u015fan k\u00fct\u00fcphanelerden g\u00fcnl\u00fck ortalama bin 500 ki\u015finin yararland\u0131\u011f\u0131 ve \u00fcyelerin \u00f6d\u00fcn\u00e7 kitap alabildi\u011fi k\u00fct\u00fcphanelerde \u00fccretsiz internet eri\u015fiminin de sa\u011fland\u0131\u011f\u0131 belirtildi.<!--more--><\/p>\n<p style=\"text-align: justify;\">Sel\u00e7uklu Belediyesi Halk ve \u00c7ocuk K\u00fct\u00fcphaneleri, Dumlup\u0131nar Mahallesi, Rauf Orbay Mahallesi, Ak\u015femsettin Mahallesi, Ahmet Kele\u015fo\u011flu K\u00fclt\u00fcr Merkezi Bosna Hersek Mahallesi, Sel\u00e7uklu Belediyesi Hizmet Binas\u0131 Sosyal Tesisi ve \u015eeker&#8217;de bulunuyor. Sel\u00e7uklu Belediyesi G\u00f6rme Engelliler K\u00fct\u00fcphanesi\u2019nin yaz d\u00f6neminde ya\u015fan\u0131lacak yo\u011funluk d\u00fc\u015f\u00fcncesiyle geli\u015ftirildi\u011fi, bu kapsamda G\u00f6rme Engelliler K\u00fct\u00fcphanesi\u2019nde yer 2 bin 500 CD, 3 bin kaset ve 800 GB b\u00fcy\u00fckl\u00fc\u011f\u00fcndeki verilerin g\u00f6rme engellilerin hizmetine sunulmak \u00fczere haz\u0131r oldu\u011fu kaydedildi.<\/p>\n<p style=\"text-align: justify;\">Tatilin kitap okumaya engel olmad\u0131\u011f\u0131 aksine daha fazla kitap okunmas\u0131 i\u00e7in f\u0131rsat olu\u015fturabilecek bir d\u00f6nem oldu\u011funa dikkat \u00e7eken yetkililer, &#8220;\u00dclkemizde kitap okuma al\u0131\u015fkanl\u0131\u011f\u0131 olduk\u00e7a az. Bu seviyeyi y\u00fckseltmek i\u00e7in \u00e7ocuklar\u0131m\u0131z\u0131n ve gen\u00e7lerimizin kitaplarla tan\u0131\u015ft\u0131r\u0131lmas\u0131 ve onlara bu al\u0131\u015fkanl\u0131\u011f\u0131n kazand\u0131r\u0131lmas\u0131 gerekiyor. Halk ve \u00c7ocuk K\u00fct\u00fcphanelerimiz yaz d\u00f6neminde de hem\u015fehrilerimize hizmet etmeye devam edecek. K\u00fct\u00fcphanelerimizin hepsinde internet ba\u011flant\u0131l\u0131 bilgisayarlar\u0131m\u0131z bulunuyor. \u00d6zellikle \u00f6\u011frencilerimizi inceleme ve ara\u015ft\u0131rmalar\u0131na olanak sa\u011flayan bu hizmetlerimizden faydalanmaya davet ediyoruz&#8221; \u015feklinde a\u00e7\u0131klama yapt\u0131.<\/p>\n<p style=\"text-align: justify;\">Kaynak: http:\/\/www.hakimiyet.com<\/p>\n","protected":false},"excerpt":{"rendered":"<p>Sel\u00e7uklu Belediyesi taraf\u0131ndan yap\u0131lan a\u00e7\u0131klamada, yaz tatiline giren \u00f6\u011frencilerin Sel\u00e7uklu Belediyesi Halk ve \u00c7ocuk K\u00fct\u00fcphanelerinden en iyi \u015fekilde yararlanmas\u0131 i\u00e7in gerekli d\u00fczenlemelerin yap\u0131ld\u0131\u011f\u0131 ifade edildi. Sel\u00e7uklu Belediyesi Halk ve \u00c7ocuk K\u00fct\u00fcphanelerinde 65 bin kitab\u0131n okuyucuyla bulu\u015ftu\u011fu kaydedildi. Toplam 10 bin \u00fcyeye ula\u015fan k\u00fct\u00fcphanelerden g\u00fcnl\u00fck ortalama bin 500 ki\u015finin yararland\u0131\u011f\u0131 ve \u00fcyelerin \u00f6d\u00fcn\u00e7 kitap alabildi\u011fi k\u00fct\u00fcphanelerde [&hellip;]<\/p>\n","protected":false},"author":1,"featured_media":0,"comment_status":"open","ping_status":"open","sticky":false,"template":"","format":"standard","meta":{"footnotes":""},"categories":[],"tags":[848,845],"class_list":["post-5940","post","type-post","status-publish","format-standard","hentry","tag-halk-kutuphaneleri","tag-okul-kutuphaneleri"],"_links":{"self":[{"href":"https:\/\/www.bbyhaber.com\/bby\/wp-json\/wp\/v2\/posts\/5940"}],"collection":[{"href":"https:\/\/www.bbyhaber.com\/bby\/wp-json\/wp\/v2\/posts"}],"about":[{"href":"https:\/\/www.bbyhaber.com\/bby\/wp-json\/wp\/v2\/types\/post"}],"author":[{"embeddable":true,"href":"https:\/\/www.bbyhaber.com\/bby\/wp-json\/wp\/v2\/users\/1"}],"replies":[{"embeddable":true,"href":"https:\/\/www.bbyhaber.com\/bby\/wp-json\/wp\/v2\/comments?post=5940"}],"version-history":[{"count":0,"href":"https:\/\/www.bbyhaber.com\/bby\/wp-json\/wp\/v2\/posts\/5940\/revisions"}],"wp:attachment":[{"href":"https:\/\/www.bbyhaber.com\/bby\/wp-json\/wp\/v2\/media?parent=5940"}],"wp:term":[{"taxonomy":"category","embeddable":true,"href":"https:\/\/www.bbyhaber.com\/bby\/wp-json\/wp\/v2\/categories?post=5940"},{"taxonomy":"post_tag","embeddable":true,"href":"https:\/\/www.bbyhaber.com\/bby\/wp-json\/wp\/v2\/tags?post=5940"}],"curies":[{"name":"wp","href":"https:\/\/api.w.org\/{rel}","templated":true}]}}