{"id":594,"date":"2011-11-11T14:31:59","date_gmt":"2011-11-11T14:31:59","guid":{"rendered":"http:\/\/www.bbyhaber.com\/bby\/?p=594"},"modified":"2019-04-12T14:40:24","modified_gmt":"2019-04-12T11:40:24","slug":"teknik-hizmetler-belge-arsivi","status":"publish","type":"post","link":"https:\/\/www.bbyhaber.com\/bby\/2011\/11\/11\/teknik-hizmetler-belge-arsivi","title":{"rendered":"Teknik Hizmetler S\u0131n\u0131f\u0131 (THS) Belge Ar\u015fivi"},"content":{"rendered":"<p title=\"DPB\u2019nin THS\u2019de verilen derecelere dair g\u00f6r\u00fc\u015f\u00fc\">{tab=2019}<\/p>\n<ul>\n<li><a href=\"http:\/\/www.bbyhaber.com\/bby\/2019\/04\/12\/tapu-kadastrodaki-arsiv-memuru-meslektaslarimiz-yargiya-gidiyor\" target=\"_blank\" rel=\"noopener\"><strong>Tapu Kadastro\u2019daki ar\u015fiv memuru meslekta\u015flar\u0131m\u0131z yarg\u0131ya gidiyor!<\/strong><\/a><\/li>\n<li><span style=\"color: #ff0000;\"><strong><a style=\"color: #ff0000;\" title=\"Teknik hizmetler s\u0131n\u0131f\u0131nda (THS) son durum: THS\u2019li olamayan meslekta\u015flar\u0131m\u0131za destek olma zaman\u0131\" href=\"http:\/\/www.bbyhaber.com\/bby\/2012\/10\/10\/teknik-hizmetler-sinifinda-ths-son-durum-thsli-olamayan-meslektaslarimiza-destek-olma-zamani\/\">Teknik Hizmetler S\u0131n\u0131f\u0131na Ge\u00e7emeyen Meslekta\u015flar\u0131m\u0131za dair bilgi\/belge takibi (ar\u015fiv memuru)<\/a><\/strong><\/span><\/li>\n<\/ul>\n<p title=\"DPB\u2019nin THS\u2019de verilen derecelere dair g\u00f6r\u00fc\u015f\u00fc\">{tab=2015}<\/p>\n<ul>\n<ul>\n<li><a title=\"Ar\u015fiv memurlar\u0131n\u0131n \u00f6zl\u00fck haklar\u0131na dair a\u00e7\u0131klama yap\u0131ld\u0131-Ali Fuat Kartal\" href=\"http:\/\/www.bbyhaber.com\/bby\/2015\/09\/07\/arsiv-memurlarinin-ozluk-haklarina-dair-aciklama-yapildi-ali-fuat-kartal\/\"><strong>Ar\u015fiv memurlar\u0131n\u0131n \u00f6zl\u00fck haklar\u0131na dair a\u00e7\u0131klama yap\u0131ld\u0131<\/strong><\/a><\/li>\n<\/ul>\n<\/ul>\n<p>&nbsp;<\/p>\n<p>{tab=2014}<\/p>\n<ul>\n<li><strong><a title=\"DPB\u2019nin THS\u2019de verilen derecelere dair g\u00f6r\u00fc\u015f\u00fc\" href=\"http:\/\/www.bbyhaber.com\/bby\/2014\/08\/14\/dpbnin-thsde-verilen-derecelere-dair-gorusu\/\">DPB\u2019nin THS\u2019de verilen derecelere dair g\u00f6r\u00fc\u015f\u00fc<\/a><\/strong><\/li>\n<li><span style=\"color: #0000ff;\"><strong><a title=\"Ar\u015fiv Memurlar\u0131 i\u00e7in yeni bir kadro ihdas edilmesi teklif edildi\" href=\"http:\/\/www.bbyhaber.com\/bby\/2014\/02\/20\/arsiv-memurlari-icin-yeni-bir-kadro-ihdas-edilmesi-teklif-edildi\/\">Ar\u015fiv Memurlar\u0131 i\u00e7in yeni bir kadro ihdas edilmesi teklif edildi<\/a><\/strong><\/span><\/li>\n<\/ul>\n<p>{tab=2013}<\/p>\n<ul>\n<li><a title=\"2013 Toplu S\u00f6zle\u015fme G\u00f6r\u00fc\u015fmelerinde K\u00fct\u00fcphaneciler Ne \u0130stiyor\" href=\"http:\/\/www.bbyhaber.com\/bby\/2013\/04\/01\/2013-toplu-sozlesme-gorusmelerinde-kutuphaneciler-ne-istiyor\/\"><strong>2013 Toplu S\u00f6zle\u015fme G\u00f6r\u00fc\u015fmelerinde K\u00fct\u00fcphaneciler Ne \u0130stiyor<\/strong><\/a><\/li>\n<li><strong><a title=\"K\u00fct\u00fcphanecilerin Ek G\u00f6sterge Ma\u011fduriyeti\" href=\"http:\/\/www.bbyhaber.com\/bby\/2013\/03\/06\/kutuphanecilerin-ek-gosterge-magduriyeti\/\">K\u00fct\u00fcphanecilerin Ek G\u00f6sterge Ma\u011fduriyeti<\/a><\/strong><\/li>\n<\/ul>\n<p>{tab=2012}<\/p>\n<ul style=\"text-align: justify;\">\n<li><span style=\"color: #0000ff;\"><span style=\"color: #0000ff;\"><a title=\"K\u00fct\u00fcphaneci, Kitap Patalo\u011fu, Ar\u015fivci, Folklor Ara\u015ft\u0131rmac\u0131s\u0131 unvanlar\u0131na bir derece verilmesi\" href=\"http:\/\/www.bbyhaber.com\/bby\/2012\/12\/31\/kutuphaneci-kitap-patalogu-arsivci-folklor-arastirmacisi-unvanlarina-bir-derece-verilmesi\/\"><strong>K\u00fct\u00fcphaneci, Kitap Patalo\u011fu, Ar\u015fivci, Folklor Ara\u015ft\u0131rmac\u0131s\u0131 unvanlar\u0131na bir derece verilmesi (<span style=\"color: #ff0000;\">28\/12\/2012<\/span>)<\/strong><\/a><br \/>\n<\/span><\/span><\/li>\n<li><strong><a title=\"Y\u00d6K,G\u00f6revde Y\u00fckselme ve Unvan De\u011fi\u015fikli\u011fi Y\u00f6netmeli\u011fini Yay\u0131mlad\u0131\" href=\"http:\/\/www.bbyhaber.com\/bby\/2012\/12\/18\/yok-gorevde-yukselme-ve-unvan-degisikligi-yonetmeligi\/\">Y\u00d6K, G\u00f6revde Y\u00fckselme ve Unvan De\u011fi\u015fikli\u011fi Y\u00f6netmeli\u011fini Yay\u0131mlad\u0131 (<span style=\"color: #ff0000;\">18\/12\/2012<\/span>)<\/a><\/strong><\/li>\n<li><span style=\"color: #0000ff;\"><strong><a title=\"Mesleki ve Teknik E\u011fitim Yapan Programlar\u0131n yeni listesi\" href=\"http:\/\/www.bbyhaber.com\/bby\/2012\/12\/11\/mesleki-ve-teknik-egitim-yapan-programlarin-yeni-listesi\/\">Mesleki ve Teknik E\u011fitim Yapan Programlar\u0131n yeni listesi\u00a0(<span style=\"color: #ff0000;\">19\/11\/2012<\/span>)<\/a><br \/>\n<\/strong><\/span><\/li>\n<li><strong><a title=\"Maliye\u2019den Haziran ay\u0131na ait mali ve sosyal haklara ili\u015fkin genelge\" href=\"http:\/\/www.bbyhaber.com\/bby\/2012\/06\/01\/maliyeden-haziran-ayina-ait-mali-ve-sosyal-haklara-iliskin-genelge\/\">Maliye\u2019den Haziran ay\u0131na ait mali ve sosyal haklara ili\u015fkin genelge (<span style=\"color: #ff0000;\">01\/06\/2012<\/span>)<\/a><\/strong><\/li>\n<li><strong><a title=\"Kamu G\u00f6revlileri Hakem Kurulu Karar\u0131n\u0131n Tam Metni\" href=\"http:\/\/www.bbyhaber.com\/bby\/2012\/06\/01\/kamu-gorevlileri-hakem-kurulu-kararinin-tam-metni\/\">Kamu G\u00f6revlileri Hakem Kurulu Karar\u0131n\u0131n Tam Metni-THS D bendi sonu\u00e7land\u0131 (<span style=\"color: #ff0000;\">01\/06\/2012<\/span>)<\/a> <\/strong><\/li>\n<li><strong><a title=\"TKD Ba\u015fkan\u0131n\u0131n Toplu S\u00f6zle\u015fme ve Teknik Hizmetler Karar\u0131 Hakk\u0131ndaki A\u00e7\u0131klamas\u0131\" href=\"http:\/\/www.bbyhaber.com\/bby\/2012\/05\/30\/tkd-baskaninin-toplu-sozlesme-ve-teknik-hizmetler-karari-hakkindaki-aciklamasi\/\">TKD Ba\u015fkan\u0131n\u0131n Toplu S\u00f6zle\u015fme ve Teknik Hizmetler Karar\u0131 Hakk\u0131ndaki A\u00e7\u0131klamas\u0131 (<span style=\"color: #ff0000;\">30\/05\/2012<\/span>)<\/a> <\/strong><\/li>\n<li><strong><a title=\"Toplu S\u00f6zle\u015fme Mutabakat Metninde THS maddesi\" href=\"http:\/\/www.bbyhaber.com\/bby\/2012\/05\/22\/toplu-sozlesme-mutabakat-metninde-ths-maddesi\/\" rel=\"bookmark\">Toplu S\u00f6zle\u015fme Mutabakat Metninde THS maddesi (<span style=\"color: #ff0000;\">21\/05\/2012<\/span>)<\/a><\/strong><\/li>\n<li><strong><a title=\"Teknik hizmetler yolunda \u0130zmir 1.\u0130dare Mahkemesinin Tapu Ar\u015fiv Memurlar\u0131na y\u00f6nelik vermi\u015f oldu\u011fu karar\" href=\"http:\/\/www.bbyhaber.com\/bby\/2012\/05\/22\/teknik-hizmetler-yolunda-izmir-1-idare-mahkemesinin-tapu-arsiv-memurlarina-yonelik-vermis-oldugu-karar\/\" rel=\"bookmark\">Teknik hizmetler yolunda \u0130zmir 1.\u0130dare Mahkemesinin Tapu Ar\u015fiv Memurlar\u0131na y\u00f6nelik vermi\u015f oldu\u011fu karar (<span style=\"color: #ff0000;\">21\/05\/2012<\/span>, TKGM yay\u0131n tarihi)<\/a><\/strong><\/li>\n<li><strong><a title=\"Y\u00d6K\u2019\u00fcn BBY b\u00f6l\u00fcm\u00fcnden mezun olan Ar\u015fiv Memurlar\u0131na dair karar\u0131\" href=\"http:\/\/www.bbyhaber.com\/bby\/2012\/05\/20\/yokun-bby-bolumunden-mezun-olan-arsiv-memurlarina-dair-karari\/\" rel=\"bookmark\">Y\u00d6K\u2019\u00fcn BBY b\u00f6l\u00fcm\u00fcnden mezun olan Ar\u015fiv Memurlar\u0131na dair karar\u0131 (<span style=\"color: #ff0000;\">03\/05\/2012<\/span>) <\/a><\/strong><\/li>\n<li><strong><a title=\"Batman \u00dcniversitesi K\u00fct\u00fcphanecilere \u00f6deme yapmamak i\u00e7in Maliyeden belge istedi\" href=\"http:\/\/www.bbyhaber.com\/bby\/2012\/04\/19\/batman-ths-hak-kaybi\/\" rel=\"bookmark\">Batman \u00dcniversitesi, K\u00fct\u00fcphanecilere \u00f6deme yapmamak i\u00e7in Maliyeden yaz\u0131 istedi (<span style=\"color: #ff0000;\">12\/04\/2012<\/span>)<\/a><\/strong><\/li>\n<li><strong><a title=\"DE\u00dc K\u00fct\u00fcphanecilerinin maa\u015f kesintisine dair dilek\u00e7esine Personel Dairesi\u2019nin verdi\u011fi cevap\" href=\"http:\/\/www.bbyhaber.com\/bby\/2012\/04\/16\/deu-ths-dilekceye-verilen-cevap\/\" rel=\"bookmark\">DE\u00dc K\u00fct\u00fcphanecilerinin maa\u015f kesintisine dair dilek\u00e7esine Personel Dairesi\u2019nin verdi\u011fi cevap (<span style=\"color: #ff0000;\">1<\/span><span style=\"color: #ff0000;\">0\/04\/2012<\/span>)<\/a><\/strong><\/li>\n<li><strong><a title=\"DPB\u2019n\u0131n \u0130stanbul \u00dcniversitesi Rekt\u00f6rl\u00fc\u011f\u00fc\u2019ne g\u00f6nderdi\u011fi g\u00f6r\u00fc\u015f talebi yaz\u0131s\u0131\" href=\"http:\/\/www.bbyhaber.com\/bby\/2012\/04\/06\/dpbnin-istanbul-universitesi-rektorlugune-gonderdigi-gorus-talebi-yazisi\/\">DPB&#8217;n\u0131n \u0130stanbul \u00dcniversitesi Rekt\u00f6rl\u00fc\u011f\u00fc&#8217;ne g\u00f6nderdi\u011fi g\u00f6r\u00fc\u015f talebi yaz\u0131s\u0131 (<span style=\"color: #ff0000;\">06\/04\/2012<\/span>)<\/a><\/strong><\/li>\n<li><a title=\"THS ile ilgili devlet memurlar\u0131 kanununda de\u011fi\u015fiklik yap\u0131lmas\u0131na dair kanun teklifi hakk\u0131nda\" href=\"http:\/\/www.bbyhaber.com\/bby\/2012\/03\/28\/ths-ile-ilgili-devlet-memurlari-kanununda-degisiklik-yapilmasina-dair-kanun-teklifi-hakkinda\/\"><strong>Ardahan Mv. Ensar \u00d6\u011f\u00fct&#8217;\u00fcn 14.07.1965 tarihli ve 657 say\u0131l\u0131 devlet memurlar\u0131 kanununda de\u011fi\u015fiklik yap\u0131lmas\u0131na dair kanun teklifi hakk\u0131ndaki belge (<span style=\"color: #ff0000;\">05\/04\/2012<\/span>)<\/strong><\/a><\/li>\n<li><strong><a title=\"K\u00fclt\u00fcr ve Turizm Bakanl\u0131\u011f\u0131 Te\u015fkilat ve G\u00f6revleri Hakk\u0131ndaki Kanunda yap\u0131lan de\u011fi\u015fikliklere dair yaz\u0131\" href=\"http:\/\/www.bbyhaber.com\/bby\/2012\/04\/03\/kultur-ve-turizm-bakanligi-teskilat-ve-gorevleri-hakkindaki-kanunda-yapilan-degisikliklere-dair-yazi\/\" rel=\"bookmark\">K\u00fclt\u00fcr ve Turizm Bakanl\u0131\u011f\u0131 Te\u015fkilat ve G\u00f6revleri Hakk\u0131ndaki Kanunda yap\u0131lan de\u011fi\u015fikliklere dair yaz\u0131 (<span style=\"color: #ff0000;\">02\/04\/2012<\/span>)<\/a><\/strong><\/li>\n<li><a title=\"Tekirda\u011f Mv. B\u00fclent Belen\u2019in Maliye Bakan\u0131 Mehmet \u015eim\u015fek\u2019e sundu\u011fu yaz\u0131l\u0131 soru \u00f6nergesi\" href=\"http:\/\/www.bbyhaber.com\/bby\/2012\/04\/10\/tekirdag-mv-bulent-belenin-soru-onergesi\/\"><strong>Tekirda\u011f Mv. B\u00fclent Belen&#8217;in Maliye Bakan\u0131 Mehmet \u015eim\u015fek&#8217;e sundu\u011fu yaz\u0131l\u0131 soru \u00f6nergesi (<span style=\"color: #ff0000;\">30\/03\/2012<\/span>)<\/strong><\/a><\/li>\n<li><strong><a title=\"THS\u2019ye y\u00f6nelik Ar\u015fiv Memuru meslekta\u015flar\u0131m\u0131z\u0131n Ar\u015fivci \u00fcnvan\u0131 ile e\u015fde\u011fer olup olmad\u0131\u011f\u0131na dair Y\u00d6K\u2019\u00fcn karar\u0131\" href=\"http:\/\/www.bbyhaber.com\/bby\/2012\/03\/30\/ths-arsiv-memurlarinin-durumu\/\" rel=\"bookmark\">THS\u2019ye y\u00f6nelik Ar\u015fiv Memuru meslekta\u015flar\u0131m\u0131z\u0131n Ar\u015fivci \u00fcnvan\u0131 ile e\u015fde\u011fer olup olmad\u0131\u011f\u0131na dair Y\u00d6K\u2019\u00fcn karar\u0131 (<span style=\"color: #ff0000;\">22\/03\/2012<\/span>) <\/a><a title=\"THS\u2019ye y\u00f6nelik Ar\u015fiv Memuru meslekta\u015flar\u0131m\u0131z\u0131n Ar\u015fivci \u00fcnvan\u0131 ile e\u015fde\u011fer olup olmad\u0131\u011f\u0131na dair Y\u00d6K\u2019\u00fcn karar\u0131\" href=\"http:\/\/www.bbyhaber.com\/bby\/2012\/03\/30\/ths-arsiv-memurlarinin-durumu\/\" rel=\"bookmark\"><br \/>\n<\/a><\/strong><\/li>\n<li><strong><a title=\"CHP \u0130stanbul Mv. Faik Tunay\u2019\u0131n Maliye Bakan\u0131 Mehmet \u015eim\u015fek\u2019e sundu\u011fu yaz\u0131l\u0131 soru \u00f6nergesi\" href=\"http:\/\/www.bbyhaber.com\/bby\/2012\/03\/12\/chp-istanbul-mv-faik-tunayin-maliye-bakani-mehmet-simseke-sundugu-yazili-soru-onergesi\/\">CHP \u0130stanbul Mv. Faik Tunay&#8217;\u0131n Maliye Bakan\u0131 Mehmet \u015eim\u015fek&#8217;e sundu\u011fu yaz\u0131l\u0131 soru \u00f6nergesi (<span style=\"color: #ff0000;\">01\/03\/2012<\/span>)<\/a><\/strong><\/li>\n<li><strong><a title=\"Batman \u00dcniversitesi\u2019nde \u00e7al\u0131\u015fan meslekta\u015flar\u0131m\u0131za THS\u2019den maa\u015f \u00f6denemeyece\u011fine y\u00f6nelik gelen belge\" href=\"http:\/\/www.bbyhaber.com\/bby\/2012\/03\/06\/batman-univeristesinde-calisan-meslektaslarimiza-thsden-maas-odenemeyecegine-yonelik-gelen-belge\/\">Batman \u00dcniversitesi k\u00fct\u00fcphanecilerine THS\u2019den maa\u015f \u00f6denemeyece\u011fine y\u00f6nelik gelen belge (<span style=\"color: #ff0000;\">20\/02\/2012<\/span>)<\/a><\/strong><\/li>\n<li><a title=\"Maliye Bakanl\u0131\u011f\u0131\u2019n\u0131n TODA\u0130E\u2019ye THS ile ilgili g\u00f6ndermi\u015f oldu\u011fu yaz\u0131\" href=\"http:\/\/www.bbyhaber.com\/bby\/2012\/02\/22\/maliye-bakanliginin-todaieye-ths-ile-ilgili-gondermis-oldugu-yazi\/\"><strong>Maliye Bakanl\u0131\u011f\u0131&#8217;n\u0131n TODA\u0130E&#8217;ye THS ile ilgili g\u00f6ndermi\u015f oldu\u011fu yaz\u0131<\/strong> <strong>(<span style=\"color: #ff0000;\">06\/02\/2012<\/span>) <\/strong><\/a><\/li>\n<li><strong><a title=\"Sosyoloji Derne\u011fi\u2019nden Y\u00d6K\u2019e THS ile ilgili dilek\u00e7e \" href=\"http:\/\/www.bbyhaber.com\/bby\/2012\/02\/03\/sosyoloji-derneginden-yoke-ths-ile-ilgili-dilekce\/\" rel=\"bookmark\">Sosyoloji Derne\u011fi\u2019nden Y\u00d6K\u2019e THS ile ilgili dilek\u00e7e (<span style=\"color: #ff0000;\">03\/02\/2012<\/span>) <\/a><\/strong><\/li>\n<li><strong><a title=\"K\u00fclt\u00fcr Sanat Sen\u2019in THS i\u00e7in bilgi edinme yaz\u0131s\u0131\" href=\"http:\/\/www.bbyhaber.com\/bby\/2012\/02\/01\/kultur-sanat-senin-ths-icin-bilgi-edinme-yazisi\/\">K\u00fclt\u00fcr Sanat Sen&#8217;in THS i\u00e7in bilgi edinme yaz\u0131s\u0131 (<span style=\"color: #ff0000;\">01\/02\/2012<\/span>) <\/a><\/strong><\/li>\n<li><a title=\"G\u0131da, Tar\u0131m ve Hayvanc\u0131l\u0131k Bakanl\u0131\u011f\u0131\u2019ndan THS\u2019ye y\u00f6nelik sosyologlara g\u00f6nderilen yaz\u0131\" href=\"http:\/\/www.bbyhaber.com\/bby\/2012\/02\/07\/gida-tarim-ve-hayvancilik-bakanligindan-thsye-yonelik-sosyologlara-gonderilen-yazi\/\"><strong>G\u0131da, Tar\u0131m ve Hayvanc\u0131l\u0131k Bakanl\u0131\u011f\u0131&#8217;ndan THS&#8217;ye y\u00f6nelik sosyologlara g\u00f6nderilen yaz\u0131 (<span style=\"color: #ff0000;\">30\/01\/2012<\/span>)<\/strong><\/a><\/li>\n<li><strong><a href=\"http:\/\/www.bbyhaber.com\/bby\/wp-content\/uploads\/dosyalar\/ths\/maliye-bakanliginin-yazili-soru-onergesine-cevabi.pdf\" target=\"_blank\" rel=\"noopener\">Maliye Bakanl\u0131\u011f\u0131&#8217;n\u0131n teknik hizmetler s\u0131n\u0131f\u0131na y\u00f6nelik yaz\u0131l\u0131 soru \u00f6nergesine verdi\u011fi cevab\u0131 (<span style=\"color: #ff0000;\">17\/01\/2012<\/span>) <\/a><\/strong><\/li>\n<\/ul>\n<p>{tab=2011}<\/p>\n<ul style=\"text-align: justify;\">\n<li><strong><a title=\"Devlet Personel Ba\u015fkanl\u0131\u011f\u0131\u2019n\u0131n Giresun \u00dcniversitesi\u2019ne g\u00f6nderdi\u011fi teknik kadro ile ilgili g\u00f6r\u00fc\u015f yaz\u0131s\u0131\" href=\"http:\/\/www.bbyhaber.com\/bby\/2011\/12\/15\/devlet-personel-baskanliginin-giresun-universitesine-gonderdigi-teknik-kadro-ile-ilgili-gorus-yazisi\/\" rel=\"bookmark\">Devlet Personel Ba\u015fkanl\u0131\u011f\u0131\u2019n\u0131n Giresun \u00dcniversitesi\u2019ne g\u00f6nderdi\u011fi teknik kadro ile ilgili g\u00f6r\u00fc\u015f yaz\u0131s\u0131 (<span style=\"color: #ff0000;\">01\/12\/2011<\/span>) <\/a><\/strong><\/li>\n<li><strong><a href=\"http:\/\/www.bbyhaber.com\/bby\/wp-content\/uploads\/dosyalar\/ths\/kultur-ve-turizm-bknlginin-alim-isikin-soru-onergesine-cevabi.pdf\" target=\"_blank\" rel=\"noopener\">K\u00fctahya Mv. Prof. Dr. Alim I\u015f\u0131k&#8217;\u0131n soru \u00f6nergesine K\u00fclt\u00fcr ve Turizm Bakanl\u0131\u011f\u0131&#8217;n\u0131n verdi\u011fi cevap yaz\u0131s\u0131 (<span style=\"color: #ff0000;\">29\/11\/2011<\/span>)<\/a><\/strong><\/li>\n<li>\n<div align=\"left\"><a title=\"K\u00fclt\u00fcr Bakanl\u0131\u011f\u0131\u2019n\u0131n zam ve tazminat cetvelleri hakk\u0131nda yaz\u0131s\u0131\" href=\"http:\/\/www.bbyhaber.com\/bby\/2011\/01\/24\/kultur-bakanliginin-zam-ve-tazminat-cetvelleri-hakkinda-yazisi\/\"><strong>K\u00fclt\u00fcr Bakanl\u0131\u011f\u0131&#8217;n\u0131n zam ve tazminat cetvelleri hakk\u0131nda yaz\u0131s\u0131 (<span style=\"color: #ff0000;\">15\/08\/2011<\/span>)<\/strong><\/a><\/div>\n<\/li>\n<li>\n<div align=\"left\"><a title=\"DPB\u2019den Y\u00d6K\u2019e G\u00f6r\u00fc\u015f Yaz\u0131s\u0131\" href=\"http:\/\/www.bbyhaber.com\/bby\/2011\/01\/24\/dpbden-yoke-gorus-yazisi\/\"><strong>DPB&#8217;den Y\u00d6K&#8217;e g\u00f6r\u00fc\u015f yaz\u0131s\u0131 (<span style=\"color: #ff0000;\">09\/08\/2011<\/span>)<\/strong><\/a><\/div>\n<\/li>\n<li>\n<div align=\"left\"><a href=\"http:\/\/www.bbyhaber.com\/bby\/wp-content\/uploads\/dosyalar\/ths\/muze-arastirmacilari-yok-yanit.pdf\" target=\"_blank\" rel=\"noopener\"><strong>M\u00fcze ara\u015ft\u0131rmac\u0131lar\u0131 i\u00e7in Y\u00d6K yaz\u0131\u015fmalar\u0131 (<span style=\"color: #ff0000;\">08\/08\/2011<\/span>)<br \/>\n<\/strong><\/a><\/div>\n<\/li>\n<\/ul>\n<p>{tab=2010}<\/p>\n<ul style=\"text-align: justify;\">\n<li>\n<div align=\"left\"><a title=\"THS Bakanlar Kurulu Karar\u0131\" href=\"http:\/\/www.bbyhaber.com\/bby\/2010\/12\/10\/ths-bakanlar-kurulu-karari\/\"><strong>THS Bakanlar Kurulu Karar\u0131 (<span style=\"color: #ff0000;\">10\/12\/2010<\/span>)<\/strong><\/a><\/div>\n<\/li>\n<li><strong><a title=\"DPB\u2019nin Ba\u015fbakanl\u0131\u011fa g\u00f6nderdi\u011fi g\u00f6r\u00fc\u015f talebi konulu yaz\u0131s\u0131\" href=\"http:\/\/www.bbyhaber.com\/bby\/2010\/08\/17\/dpbnin-basbakanliga-gonderdigi-gorus-talebi-konulu-yazisi\/\">DPB&#8217;nin Ba\u015fbakanl\u0131\u011fa g\u00f6nderdi\u011fi g\u00f6r\u00fc\u015f talebi konulu yaz\u0131s\u0131 (<span style=\"color: #ff0000;\">17\/08\/2010<\/span>)<\/a><\/strong><\/li>\n<li><strong><a title=\"KKGM (Kanunlar Kararlar Genel Md.)\u2019nin DPB\u2019ye g\u00f6nderdi\u011fi yaz\u0131s\u0131\" href=\"http:\/\/www.bbyhaber.com\/bby\/2010\/08\/03\/kkgm-kanunlar-kararlar-genel-md-nin-dpbye-gonderdigi-yazisi\/\">KKGM (Kanunlar Kararlar Genel Md.)&#8217;nin DPB&#8217;ye BKK konulu yaz\u0131s\u0131 (<span style=\"color: #ff0000;\">03\/08\/2010<\/span>)<\/a><\/strong><\/li>\n<li><strong><a title=\"Maliye Bakanl\u0131\u011f\u0131\u2019ndan K\u00fclt\u00fcr Bakanl\u0131\u011f\u0131\u2019na hizmet s\u0131n\u0131f\u0131 de\u011fi\u015fikli\u011fine y\u00f6nelik yaz\u0131s\u0131\" href=\"http:\/\/www.bbyhaber.com\/bby\/2010\/06\/18\/maliye-bakanligindan-kultur-bakanligina-hizmet-sinifi-degisikligine-yonelik-yazisi\/\">Maliye Bakanl\u0131\u011f\u0131&#8217;n\u0131n K\u00fclt\u00fcr Bakanl\u0131\u011f\u0131&#8217;na hizmet s\u0131n\u0131f\u0131 de\u011fi\u015fikli\u011fi konulu yaz\u0131s\u0131 (<span style=\"color: #ff0000;\">18\/06\/2010<\/span>)<\/a><\/strong><\/li>\n<li><a title=\"DPB\u2019nin adalet Bakanl\u0131\u011f\u0131\u2019na g\u00f6ndermi\u015f oldu\u011fu yaz\u0131s\u0131\" href=\"http:\/\/www.bbyhaber.com\/bby\/2010\/04\/07\/dpbnin-adalet-bakanligina-gondermis-oldugu-yazisi\/\"><strong>DPB&#8217;nin Adalet Bakanl\u0131\u011f\u0131&#8217;na g\u00f6ndermi\u015f oldu\u011fu yaz\u0131s\u0131 (<span style=\"color: #ff0000;\">07\/04\/2010<\/span>)<\/strong><\/a><\/li>\n<li>\n<div align=\"left\"><a title=\"THS ile ilgili Y\u00d6K\u2019\u00fcn Vermi\u015f Oldu\u011fu \u0130lk Karar Yaz\u0131s\u0131\" href=\"http:\/\/www.bbyhaber.com\/bby\/2011\/01\/24\/ths-ile-ilgili-yokun-vermis-oldugu-ilk-karar-yazisi\/\"><strong>THS ile ilgili Y\u00d6K&#8217;\u00fcn vermi\u015f oldu\u011fu ilk karar yaz<\/strong><strong>\u0131s\u0131 (<span style=\"color: #ff0000;\">10\/02\/2010<\/span>)<\/strong><\/a><\/div>\n<\/li>\n<\/ul>\n<p>{tab=Di\u011fer Belgeler}<\/p>\n<ul style=\"text-align: justify;\">\n<li><strong><a title=\"Ankara \u00dcniversitesi BBY-THS B\u00f6l\u00fcm G\u00f6r\u00fc\u015f\u00fc\" href=\"http:\/\/www.bbyhaber.com\/bby\/2012\/03\/07\/ankara-universitesi-dtcf-bby-bolumunun-ths-ile-ilgili-yoke-ilettigi-gorus-yazisi\/\">Ankara \u00dcniversitesi BBY-THS B\u00f6l\u00fcm G\u00f6r\u00fc\u015f\u00fc<\/a><\/strong><\/li>\n<li><strong><a title=\"Hacettepe \u00dcniversitesi BBY-THS B\u00f6l\u00fcm G\u00f6r\u00fc\u015f\u00fc\" href=\"http:\/\/www.bbyhaber.com\/bby\/2012\/03\/08\/ths-hakkinda-uaka-gonderilen-hu-bby-gorus-yazisi\/\">Hacettepe \u00dcniversitesi BBY-THS B\u00f6l\u00fcm G\u00f6r\u00fc\u015f\u00fc<\/a><\/strong><\/li>\n<li><strong><a title=\"\u0130stanbul \u00dcniversite\u200bsi BBY- THS B\u00f6l\u00fcm G\u00f6r\u00fc\u015f\u00fc\" href=\"http:\/\/www.bbyhaber.com\/bby\/2012\/04\/05\/iu-bby-ths-bolum-gorusu\/\">\u0130stanbul \u00dcniversite\u200bsi BBY- THS B\u00f6l\u00fcm G\u00f6r\u00fc\u015f\u00fc<\/a><\/strong><\/li>\n<li><strong><a href=\"http:\/\/www.bbyhaber.com\/bby\/\/wp-content\/uploads\/dosyalar\/ths\/sayistay-karari.pdf\" target=\"_blank\" rel=\"noopener\">Say\u0131\u015ftay&#8217;\u0131n temyiz kurulu karar\u0131<\/a><\/strong> ve bir de <strong><a href=\"http:\/\/www.bbyhaber.com\/bby\/\/wp-content\/uploads\/dosyalar\/ths\/malatya-idare-mahkemesi-karari-geri-odemelere-dair.pdf\" target=\"_blank\" rel=\"noopener\">Malatya \u0130dare Mahkemesinin Karar\u0131<\/a><\/strong> (geri \u00f6demelere y\u00f6nelik karar\u0131)<\/li>\n<li><strong><a href=\"http:\/\/www.bbyhaber.com\/bby\/\/wp-content\/uploads\/dosyalar\/ths\/danistay-karari.pdf\" target=\"_blank\" rel=\"noopener\">&#8220;Mesleki Teknik&#8221; ibaresinin kald\u0131r\u0131lmas\u0131na y\u00f6nelik Dan\u0131\u015ftay&#8217;\u0131n karar\u0131<\/a><\/strong><\/li>\n<\/ul>\n<p><span style=\"color: #0000ff;\"><a href=\"http:\/\/www.bbyhaber.com\/bby\/category\/teknik-hizmetler-sinifi\/\"><span style=\"color: #0000ff;\"><strong>THS T\u00fcm Haber Ar\u015fivi i\u00e7in t\u0131klay\u0131n\u0131z<\/strong><\/span><\/a><\/span><\/p>\n<p>{\/tabs}<\/p>\n<div style=\"text-align: justify;\" align=\"left\"><a href=\"http:\/\/www.bbyhaber.com\/bby\/wp-content\/uploads\/2013\/09\/bbyozluk.jpg\"><img loading=\"lazy\" decoding=\"async\" class=\"alignnone size-medium wp-image-762\" title=\"Bilgi ve Belge Y\u00f6netimi \u00d6zl\u00fck Haklar\u0131\" src=\"http:\/\/www.bbyhaber.com\/bby\/wp-content\/uploads\/2013\/09\/bbyozluk.jpg\" alt=\"\" width=\"344\" height=\"118\" \/><\/a><\/div>\n","protected":false},"excerpt":{"rendered":"<p>{tab=2019} Tapu Kadastro\u2019daki ar\u015fiv memuru meslekta\u015flar\u0131m\u0131z yarg\u0131ya gidiyor! Teknik Hizmetler S\u0131n\u0131f\u0131na Ge\u00e7emeyen Meslekta\u015flar\u0131m\u0131za dair bilgi\/belge takibi (ar\u015fiv memuru) {tab=2015} Ar\u015fiv memurlar\u0131n\u0131n \u00f6zl\u00fck haklar\u0131na dair a\u00e7\u0131klama yap\u0131ld\u0131 &nbsp; {tab=2014} DPB\u2019nin THS\u2019de verilen derecelere dair g\u00f6r\u00fc\u015f\u00fc Ar\u015fiv Memurlar\u0131 i\u00e7in yeni bir kadro ihdas edilmesi teklif edildi {tab=2013} 2013 Toplu S\u00f6zle\u015fme G\u00f6r\u00fc\u015fmelerinde K\u00fct\u00fcphaneciler Ne \u0130stiyor K\u00fct\u00fcphanecilerin Ek G\u00f6sterge [&hellip;]<\/p>\n","protected":false},"author":1,"featured_media":0,"comment_status":"open","ping_status":"open","sticky":false,"template":"","format":"standard","meta":{"footnotes":""},"categories":[1505],"tags":[1398,51,50],"class_list":["post-594","post","type-post","status-publish","format-standard","hentry","category-teknik-kadro","tag-bby-ozluk-haklari","tag-teknik-kadro-kutuphaneci","tag-ths-kutuphaneci"],"_links":{"self":[{"href":"https:\/\/www.bbyhaber.com\/bby\/wp-json\/wp\/v2\/posts\/594"}],"collection":[{"href":"https:\/\/www.bbyhaber.com\/bby\/wp-json\/wp\/v2\/posts"}],"about":[{"href":"https:\/\/www.bbyhaber.com\/bby\/wp-json\/wp\/v2\/types\/post"}],"author":[{"embeddable":true,"href":"https:\/\/www.bbyhaber.com\/bby\/wp-json\/wp\/v2\/users\/1"}],"replies":[{"embeddable":true,"href":"https:\/\/www.bbyhaber.com\/bby\/wp-json\/wp\/v2\/comments?post=594"}],"version-history":[{"count":3,"href":"https:\/\/www.bbyhaber.com\/bby\/wp-json\/wp\/v2\/posts\/594\/revisions"}],"predecessor-version":[{"id":26489,"href":"https:\/\/www.bbyhaber.com\/bby\/wp-json\/wp\/v2\/posts\/594\/revisions\/26489"}],"wp:attachment":[{"href":"https:\/\/www.bbyhaber.com\/bby\/wp-json\/wp\/v2\/media?parent=594"}],"wp:term":[{"taxonomy":"category","embeddable":true,"href":"https:\/\/www.bbyhaber.com\/bby\/wp-json\/wp\/v2\/categories?post=594"},{"taxonomy":"post_tag","embeddable":true,"href":"https:\/\/www.bbyhaber.com\/bby\/wp-json\/wp\/v2\/tags?post=594"}],"curies":[{"name":"wp","href":"https:\/\/api.w.org\/{rel}","templated":true}]}}