{"id":5926,"date":"2012-07-25T15:55:22","date_gmt":"2012-07-25T15:55:22","guid":{"rendered":"http:\/\/www.bbyhaber.com\/bby\/?p=5926"},"modified":"2012-09-07T13:25:03","modified_gmt":"2012-09-07T10:25:03","slug":"ondokuz-mayis-universitesinde-elektronik-belge-yonetimi-ve-e-imza-donemi-basladi","status":"publish","type":"post","link":"https:\/\/www.bbyhaber.com\/bby\/2012\/07\/25\/ondokuz-mayis-universitesinde-elektronik-belge-yonetimi-ve-e-imza-donemi-basladi","title":{"rendered":"Ondokuz May\u0131s \u00dcniversitesi&#8217;nde Elektronik Belge Y\u00f6netimi ve E-imza D\u00f6nemi Ba\u015flad\u0131"},"content":{"rendered":"<p style=\"text-align: justify;\">Samsun Ondokuz May\u0131s \u00dcniversitesi, evrak havale ve takiplerindeki hesap verilebilirli\u011fin art\u0131r\u0131lmas\u0131 ve bilgiye an\u0131nda ula\u015f\u0131m i\u00e7in, elektronik belge mod\u00fcl\u00fc ve e-imza uygulamas\u0131 ba\u015flatt\u0131. Kurulan OM\u00dc sgb.net evrak mod\u00fcl\u00fc de t\u00fcm birimlerde kullan\u0131ma a\u00e7\u0131ld\u0131.<!--more--><\/p>\n<p style=\"text-align: justify;\">Yeni sistemle ilgili OM\u00dc Strateji Geli\u015ftirme Daire Ba\u015fkanl\u0131\u011f\u0131, sistemin kullan\u0131m\u0131 ve i\u015fleyi\u015fiyle ilgili e\u011fitim semineri d\u00fczenledi. Ziraat Fak\u00fcltesi Prof. Dr. Fahrettin Tosun Salonu&#8217;nda ger\u00e7ekle\u015fen seminere, Rekt\u00f6r Yard\u0131mc\u0131s\u0131 Prof. Dr. Hakan Leblebicio\u011flu ba\u015fkanl\u0131k etti.<\/p>\n<p style=\"text-align: justify;\">Sistemin daha \u00f6nce rekt\u00f6rl\u00fck birimlerinde kullan\u0131ma a\u00e7\u0131ld\u0131\u011f\u0131n\u0131, ancak yaln\u0131zca 2 fak\u00fclte ve 2 enstit\u00fcn\u00fcn pilot birim olarak denendi\u011fini belirten Prof. Dr. Hakan Leblebicio\u011flu, &#8220;Sistemin pilot birimlerde sorunsuz olarak kullan\u0131lmas\u0131 sonucunda t\u00fcm birimlere a\u00e7\u0131lmas\u0131 karar\u0131 al\u0131nd\u0131. Ufak tefek sorunlar\u0131n da giderilmesinin ard\u0131ndan, \u00fcniversitemizin t\u00fcm birimleri elektronik belge y\u00f6netimine ve e-imzaya uygun hale getirilecek.&#8221; dedi.<\/p>\n<p style=\"text-align: justify;\">Seminerde Strateji Geli\u015ftirme Daire Ba\u015fkanl\u0131\u011f\u0131nda Sistem Y\u00f6neticisi olarak g\u00f6rev yapan H\u00fcseyin Eri\u015fgin, sistemin kullan\u0131m\u0131 ve i\u015fleyi\u015fi hakk\u0131nda bilgi verdi. E\u011fitim semineri soru ve cevap b\u00f6l\u00fcm\u00fcyle sona erdi.<\/p>\n<p style=\"text-align: justify;\">Kaynak:http:\/\/www.haber3.com<\/p>\n","protected":false},"excerpt":{"rendered":"<p>Samsun Ondokuz May\u0131s \u00dcniversitesi, evrak havale ve takiplerindeki hesap verilebilirli\u011fin art\u0131r\u0131lmas\u0131 ve bilgiye an\u0131nda ula\u015f\u0131m i\u00e7in, elektronik belge mod\u00fcl\u00fc ve e-imza uygulamas\u0131 ba\u015flatt\u0131. Kurulan OM\u00dc sgb.net evrak mod\u00fcl\u00fc de t\u00fcm birimlerde kullan\u0131ma a\u00e7\u0131ld\u0131.<\/p>\n","protected":false},"author":1,"featured_media":0,"comment_status":"open","ping_status":"open","sticky":false,"template":"","format":"standard","meta":{"footnotes":""},"categories":[1482,1483],"tags":[1412,353],"class_list":["post-5926","post","type-post","status-publish","format-standard","hentry","category-ebys","category-elektronik-belge-yonetim-sistemi","tag-belge-yonetimi","tag-e-imza"],"_links":{"self":[{"href":"https:\/\/www.bbyhaber.com\/bby\/wp-json\/wp\/v2\/posts\/5926"}],"collection":[{"href":"https:\/\/www.bbyhaber.com\/bby\/wp-json\/wp\/v2\/posts"}],"about":[{"href":"https:\/\/www.bbyhaber.com\/bby\/wp-json\/wp\/v2\/types\/post"}],"author":[{"embeddable":true,"href":"https:\/\/www.bbyhaber.com\/bby\/wp-json\/wp\/v2\/users\/1"}],"replies":[{"embeddable":true,"href":"https:\/\/www.bbyhaber.com\/bby\/wp-json\/wp\/v2\/comments?post=5926"}],"version-history":[{"count":0,"href":"https:\/\/www.bbyhaber.com\/bby\/wp-json\/wp\/v2\/posts\/5926\/revisions"}],"wp:attachment":[{"href":"https:\/\/www.bbyhaber.com\/bby\/wp-json\/wp\/v2\/media?parent=5926"}],"wp:term":[{"taxonomy":"category","embeddable":true,"href":"https:\/\/www.bbyhaber.com\/bby\/wp-json\/wp\/v2\/categories?post=5926"},{"taxonomy":"post_tag","embeddable":true,"href":"https:\/\/www.bbyhaber.com\/bby\/wp-json\/wp\/v2\/tags?post=5926"}],"curies":[{"name":"wp","href":"https:\/\/api.w.org\/{rel}","templated":true}]}}