{"id":5908,"date":"2012-07-25T11:08:35","date_gmt":"2012-07-25T11:08:35","guid":{"rendered":"http:\/\/www.bbyhaber.com\/bby\/?p=5908"},"modified":"2012-09-07T12:55:43","modified_gmt":"2012-09-07T09:55:43","slug":"kutuphane-hizmetleri-genelgesi-yayimlandi","status":"publish","type":"post","link":"https:\/\/www.bbyhaber.com\/bby\/2012\/07\/25\/kutuphane-hizmetleri-genelgesi-yayimlandi","title":{"rendered":"K\u00fct\u00fcphane Hizmetleri Genelgesi Yay\u0131mland\u0131"},"content":{"rendered":"<p style=\"text-align: justify;\">Halk k\u00fct\u00fcphanelerinin, teknolojik yeniliklere ve toplumsal d\u00f6n\u00fc\u015f\u00fcmlere uygun olarak yeniden yap\u0131land\u0131r\u0131lmas\u0131 Bakanl\u0131k olarak temel hedeflerimiz aras\u0131ndad\u0131r. K\u00fct\u00fcphane hizmetlerine ili\u015fkin \u00e7e\u015fitli tarihlerde y\u00fcr\u00fcrl\u00fc\u011fe sokulan b\u00fct\u00fcn Genelgelerin analizi yap\u0131lm\u0131\u015f ve y\u00fcr\u00fcrl\u00fckteki \u00e7ok say\u0131da Genelgenin g\u00fcncelli\u011fini yitirdi\u011fi anla\u015f\u0131lm\u0131\u015ft\u0131r. Bu nedenle k\u00fct\u00fcphane hizmetlerinin yeni Halk K\u00fct\u00fcphaneleri Y\u00f6netmeli\u011fi ile ortaya konulan \u00e7a\u011fda\u015f anlay\u0131\u015f do\u011frultusunda sunulmas\u0131 amac\u0131yla yeni bir Genelgeye gereksinim do\u011fmu\u015ftur.<!--more--><\/p>\n<p style=\"text-align: justify;\">Bu kapsamda Genel M\u00fcd\u00fcrl\u00fc\u011f\u00fcm\u00fczce, \u00e7e\u015fitli k\u00fct\u00fcphanelerde g\u00f6rev yapan k\u00fct\u00fcphanecilerimiz ile uygulamalar konusunda deneyimi olan baz\u0131 akademisyenlerin g\u00f6r\u00fc\u015flerinden de yararlan\u0131larak <strong><span style=\"color: #0000ff;\"><a href=\"http:\/\/www.bbyhaber.com\/bby\/wp-content\/uploads\/dosyalar\/mevzuat\/kutuphane-hizmetleri-genelgesi.pdf\" target=\"_blank\"><span style=\"color: #0000ff;\">24.07.2012 tarihli, 164493 say\u0131l\u0131 ve 2012\/07 no.lu \u201cK\u00fct\u00fcphane Hizmetleri Genelgesi<\/span><\/a><\/span><\/strong>\u201d yay\u0131mlanm\u0131\u015ft\u0131r. K\u00fct\u00fcphane Hizmetleri Genelgesi ile 1981 y\u0131l\u0131ndan bu yana y\u00fcr\u00fcrl\u00fckte olan k\u00fct\u00fcphane hizmetlerine ili\u015fkin t\u00fcm Genelgeler ile 24.03.1983 tarihli ve 2916 say\u0131l\u0131 Teknik \u00c7al\u0131\u015fmalar Y\u00f6nergesi iptal edilmi\u015ftir. K\u00fct\u00fcphane hizmetleri 2012\/07 no.lu Genelge uyar\u0131nca y\u00fcr\u00fct\u00fclecektir.<\/p>\n<p style=\"text-align: justify;\"><span style=\"color: #0000ff;\"><a title=\"BBY Mevzuatlar\" href=\"http:\/\/www.bbyhaber.com\/bby\/2011\/11\/10\/bby-mevzuatlar-2\/\"><span style=\"color: #0000ff;\">BBY Mevzuatlar i\u00e7in t\u0131klay\u0131n\u0131z<\/span><\/a><\/span>.<\/p>\n<p style=\"text-align: justify;\">Kaynak: http:\/\/www.kygm.gov.tr<\/p>\n","protected":false},"excerpt":{"rendered":"<p>Halk k\u00fct\u00fcphanelerinin, teknolojik yeniliklere ve toplumsal d\u00f6n\u00fc\u015f\u00fcmlere uygun olarak yeniden yap\u0131land\u0131r\u0131lmas\u0131 Bakanl\u0131k olarak temel hedeflerimiz aras\u0131ndad\u0131r. K\u00fct\u00fcphane hizmetlerine ili\u015fkin \u00e7e\u015fitli tarihlerde y\u00fcr\u00fcrl\u00fc\u011fe sokulan b\u00fct\u00fcn Genelgelerin analizi yap\u0131lm\u0131\u015f ve y\u00fcr\u00fcrl\u00fckteki \u00e7ok say\u0131da Genelgenin g\u00fcncelli\u011fini yitirdi\u011fi anla\u015f\u0131lm\u0131\u015ft\u0131r. Bu nedenle k\u00fct\u00fcphane hizmetlerinin yeni Halk K\u00fct\u00fcphaneleri Y\u00f6netmeli\u011fi ile ortaya konulan \u00e7a\u011fda\u015f anlay\u0131\u015f do\u011frultusunda sunulmas\u0131 amac\u0131yla yeni bir Genelgeye gereksinim [&hellip;]<\/p>\n","protected":false},"author":1,"featured_media":0,"comment_status":"open","ping_status":"open","sticky":false,"template":"","format":"standard","meta":{"footnotes":""},"categories":[],"tags":[252,250,848,249,354,251],"class_list":["post-5908","post","type-post","status-publish","format-standard","hentry","tag-arsiv-standartlari-genelgesi","tag-basma-yazi-ve-eserleri-derleme-kanunu","tag-halk-kutuphaneleri","tag-halk-kutuphaneleri-yonetmeligi","tag-kutuphane-hizmetleri-genelgesi","tag-okul-kutuphaneleri-yonetmeligi"],"_links":{"self":[{"href":"https:\/\/www.bbyhaber.com\/bby\/wp-json\/wp\/v2\/posts\/5908"}],"collection":[{"href":"https:\/\/www.bbyhaber.com\/bby\/wp-json\/wp\/v2\/posts"}],"about":[{"href":"https:\/\/www.bbyhaber.com\/bby\/wp-json\/wp\/v2\/types\/post"}],"author":[{"embeddable":true,"href":"https:\/\/www.bbyhaber.com\/bby\/wp-json\/wp\/v2\/users\/1"}],"replies":[{"embeddable":true,"href":"https:\/\/www.bbyhaber.com\/bby\/wp-json\/wp\/v2\/comments?post=5908"}],"version-history":[{"count":0,"href":"https:\/\/www.bbyhaber.com\/bby\/wp-json\/wp\/v2\/posts\/5908\/revisions"}],"wp:attachment":[{"href":"https:\/\/www.bbyhaber.com\/bby\/wp-json\/wp\/v2\/media?parent=5908"}],"wp:term":[{"taxonomy":"category","embeddable":true,"href":"https:\/\/www.bbyhaber.com\/bby\/wp-json\/wp\/v2\/categories?post=5908"},{"taxonomy":"post_tag","embeddable":true,"href":"https:\/\/www.bbyhaber.com\/bby\/wp-json\/wp\/v2\/tags?post=5908"}],"curies":[{"name":"wp","href":"https:\/\/api.w.org\/{rel}","templated":true}]}}