{"id":5883,"date":"2012-07-23T16:37:46","date_gmt":"2012-07-23T16:37:46","guid":{"rendered":"http:\/\/www.bbyhaber.com\/bby\/?p=5883"},"modified":"2012-09-07T17:42:19","modified_gmt":"2012-09-07T14:42:19","slug":"devrilen-agaclardan-halk-kitapligi","status":"publish","type":"post","link":"https:\/\/www.bbyhaber.com\/bby\/2012\/07\/23\/devrilen-agaclardan-halk-kitapligi","title":{"rendered":"Devrilen a\u011fa\u00e7lardan halk kitapl\u0131\u011f\u0131"},"content":{"rendered":"<p style=\"text-align: justify;\">2008&#8217;den bu yana Almanya&#8217;n\u0131n Berlin kentinde ormanc\u0131l\u0131k, marangozluk, do\u011framac\u0131l\u0131k, medya tasar\u0131m\u0131, matbaac\u0131l\u0131k ve kitap sat\u0131\u015f\u00e7\u0131l\u0131\u011f\u0131 alanlar\u0131ndaki &#8216;\u00e7\u0131raklara&#8217; ra\u011fbet var. Bunun nedeni de ku\u015fkusuz BAUFACHFRAU adl\u0131 bir kooperatifin ba\u015flatm\u0131\u015f oldu\u011fu \u201cdevrilen a\u011fa\u00e7lardan halk kitapl\u0131\u011f\u0131 yapma\u201d kampanyas\u0131.<!--more--><\/p>\n<p style=\"text-align: justify;\">Bu kooperatife yard\u0131m etmek isteyenler, f\u0131rt\u0131nadan veya ya\u011fmurdan devrilen a\u011fa\u00e7lar\u0131n g\u00f6vdelerini raf \u015feklinde oyup, i\u00e7ine takas edilecek kitaplar koyup, kald\u0131r\u0131mlara yerle\u015ftiriyorlar. Berlin halk\u0131 da i\u00e7lerinden okumak istediklerini al\u0131p yerine kendi kitaplar\u0131ndan birini koyarak, takas i\u015flemini ger\u00e7ekle\u015ftiriyor. Devlet taraf\u0131ndan da desteklenen bu proje, \u201cE\u011fitim \u0130\u00e7in S\u00fcrd\u00fcr\u00fclebilir Geli\u015fme\u201d projesinin bir par\u00e7as\u0131.<\/p>\n<p style=\"text-align: justify;\"><a href=\"http:\/\/assets.inhabitat.com\/wp-content\/blogs.dir\/1\/files\/2012\/07\/Book-tree11-537x357.jpg\"><img loading=\"lazy\" decoding=\"async\" class=\"alignnone\" src=\"http:\/\/assets.inhabitat.com\/wp-content\/blogs.dir\/1\/files\/2012\/07\/Book-tree11-537x357.jpg\" alt=\"\" width=\"220\" height=\"154\" \/><\/a>\u00a0<a href=\"http:\/\/inhabitat.com\/wp-content\/blogs.dir\/1\/files\/2012\/07\/Book-tree4.jpg\"><img loading=\"lazy\" decoding=\"async\" class=\"alignnone\" src=\"http:\/\/inhabitat.com\/wp-content\/blogs.dir\/1\/files\/2012\/07\/Book-tree4.jpg\" alt=\"\" width=\"220\" height=\"154\" \/><\/a><\/p>\n<p style=\"text-align: justify;\"><a href=\"http:\/\/inhabitat.com\/wp-content\/blogs.dir\/1\/files\/2012\/07\/Book-tree5.jpg\"><img loading=\"lazy\" decoding=\"async\" class=\"alignnone\" src=\"http:\/\/inhabitat.com\/wp-content\/blogs.dir\/1\/files\/2012\/07\/Book-tree5.jpg\" alt=\"\" width=\"220\" height=\"154\" \/><\/a>\u00a0<a href=\"http:\/\/inhabitat.com\/wp-content\/blogs.dir\/1\/files\/2012\/07\/Book-tree8.jpg\"><img loading=\"lazy\" decoding=\"async\" src=\"http:\/\/inhabitat.com\/wp-content\/blogs.dir\/1\/files\/2012\/07\/Book-tree8.jpg\" alt=\"\" width=\"220\" height=\"154\" \/><\/a><\/p>\n<p style=\"text-align: justify;\">\u00a0Kaynak: http:\/\/www.sabitfikir.com<\/p>\n","protected":false},"excerpt":{"rendered":"<p>2008&#8217;den bu yana Almanya&#8217;n\u0131n Berlin kentinde ormanc\u0131l\u0131k, marangozluk, do\u011framac\u0131l\u0131k, medya tasar\u0131m\u0131, matbaac\u0131l\u0131k ve kitap sat\u0131\u015f\u00e7\u0131l\u0131\u011f\u0131 alanlar\u0131ndaki &#8216;\u00e7\u0131raklara&#8217; ra\u011fbet var. Bunun nedeni de ku\u015fkusuz BAUFACHFRAU adl\u0131 bir kooperatifin ba\u015flatm\u0131\u015f oldu\u011fu \u201cdevrilen a\u011fa\u00e7lardan halk kitapl\u0131\u011f\u0131 yapma\u201d kampanyas\u0131.<\/p>\n","protected":false},"author":1,"featured_media":0,"comment_status":"open","ping_status":"open","sticky":false,"template":"","format":"standard","meta":{"footnotes":""},"categories":[1504],"tags":[321,1410],"class_list":["post-5883","post","type-post","status-publish","format-standard","hentry","category-sokak-kutuphaneleri","tag-halk-kitapligi","tag-uluslararasi-kutuphane-haberleri"],"_links":{"self":[{"href":"https:\/\/www.bbyhaber.com\/bby\/wp-json\/wp\/v2\/posts\/5883"}],"collection":[{"href":"https:\/\/www.bbyhaber.com\/bby\/wp-json\/wp\/v2\/posts"}],"about":[{"href":"https:\/\/www.bbyhaber.com\/bby\/wp-json\/wp\/v2\/types\/post"}],"author":[{"embeddable":true,"href":"https:\/\/www.bbyhaber.com\/bby\/wp-json\/wp\/v2\/users\/1"}],"replies":[{"embeddable":true,"href":"https:\/\/www.bbyhaber.com\/bby\/wp-json\/wp\/v2\/comments?post=5883"}],"version-history":[{"count":0,"href":"https:\/\/www.bbyhaber.com\/bby\/wp-json\/wp\/v2\/posts\/5883\/revisions"}],"wp:attachment":[{"href":"https:\/\/www.bbyhaber.com\/bby\/wp-json\/wp\/v2\/media?parent=5883"}],"wp:term":[{"taxonomy":"category","embeddable":true,"href":"https:\/\/www.bbyhaber.com\/bby\/wp-json\/wp\/v2\/categories?post=5883"},{"taxonomy":"post_tag","embeddable":true,"href":"https:\/\/www.bbyhaber.com\/bby\/wp-json\/wp\/v2\/tags?post=5883"}],"curies":[{"name":"wp","href":"https:\/\/api.w.org\/{rel}","templated":true}]}}