{"id":5794,"date":"2012-07-16T13:07:05","date_gmt":"2012-07-16T13:07:05","guid":{"rendered":"http:\/\/www.bbyhaber.com\/bby\/?p=5794"},"modified":"2012-07-16T13:07:11","modified_gmt":"2012-07-16T13:07:11","slug":"kutuphaneye-kibrit-mudur-manisa","status":"publish","type":"post","link":"https:\/\/www.bbyhaber.com\/bby\/2012\/07\/16\/kutuphaneye-kibrit-mudur-manisa","title":{"rendered":"K\u00fct\u00fcphaneye Kibrit m\u00fcd\u00fcr-Manisa"},"content":{"rendered":"<p style=\"text-align: justify;\">6 y\u0131ldan beri Manisa \u0130l Halk K\u00fct\u00fcphanesi M\u00fcd\u00fcr Vekili olarak g\u00f6rev yapan Ali Ar\u0131\u2019n\u0131n El Yazmalar\u0131 b\u00f6l\u00fcm\u00fcne m\u00fcd\u00fcr olarak atanmas\u0131ndan sonra yerine atanan Erzurum \u0130l Halk K\u00fct\u00fcphanesi M\u00fcd\u00fcr\u00fc Ay\u015fin Kibrit, yeni g\u00f6revine 10 Temmuz Sal\u0131 itibariyle ba\u015flad\u0131. 9 Mart 2010 y\u0131l\u0131ndan beri Erzurum \u0130l Halk K\u00fct\u00fcphanesi\u2019nde m\u00fcd\u00fcr olarak g\u00f6reve ba\u015flad\u0131\u011f\u0131n\u0131 belirten Manisa \u0130l Halk K\u00fct\u00fcphanesi M\u00fcd\u00fcr\u00fc Ay\u015fin Kibrit, <!--more-->\u201c29 Hazirana kadar Erzurum\u2019da g\u00f6rev yapt\u0131m. Aslen Konyal\u0131m. Ailem \u0130zmir\u2019de oturuyor. \u0130zmir\u2019e yak\u0131n oldu\u011fu i\u00e7in Manisa\u2019y\u0131 tercih ettim. K\u00fct\u00fcphanemiz g\u00fczel. Oturmu\u015f bir sistemimiz var. Bir \u00e7ok sorun a\u015f\u0131lm\u0131\u015f. Yaz olmas\u0131na ra\u011fmen k\u00fct\u00fcphanemiz dolu. 3-4 g\u00fcnd\u00fcr g\u00f6zlemliyorum. Manisa\u2019da bina s\u0131k\u0131nt\u0131s\u0131 oldu\u011funu g\u00f6rd\u00fcm. K\u00fct\u00fcphanenin geli\u015fmesi i\u00e7in \u00e7e\u015fitli projeler \u00fcretece\u011fiz. K\u00fct\u00fcphanede okuyucu say\u0131s\u0131 art\u0131rmak i\u00e7in hep birlikte \u00e7al\u0131\u015faca\u011f\u0131z. Kurumlarla i\u015fbirli\u011fi i\u00e7erisinde olaca\u011f\u0131z\u201d diye konu\u015ftu.<\/p>\n<p style=\"text-align: justify;\">Kaynak: http:\/\/www.manisamanset.gen.tr<\/p>\n","protected":false},"excerpt":{"rendered":"<p>6 y\u0131ldan beri Manisa \u0130l Halk K\u00fct\u00fcphanesi M\u00fcd\u00fcr Vekili olarak g\u00f6rev yapan Ali Ar\u0131\u2019n\u0131n El Yazmalar\u0131 b\u00f6l\u00fcm\u00fcne m\u00fcd\u00fcr olarak atanmas\u0131ndan sonra yerine atanan Erzurum \u0130l Halk K\u00fct\u00fcphanesi M\u00fcd\u00fcr\u00fc Ay\u015fin Kibrit, yeni g\u00f6revine 10 Temmuz Sal\u0131 itibariyle ba\u015flad\u0131. 9 Mart 2010 y\u0131l\u0131ndan beri Erzurum \u0130l Halk K\u00fct\u00fcphanesi\u2019nde m\u00fcd\u00fcr olarak g\u00f6reve ba\u015flad\u0131\u011f\u0131n\u0131 belirten Manisa \u0130l Halk K\u00fct\u00fcphanesi [&hellip;]<\/p>\n","protected":false},"author":1,"featured_media":0,"comment_status":"open","ping_status":"open","sticky":false,"template":"","format":"standard","meta":{"footnotes":""},"categories":[1],"tags":[848],"class_list":["post-5794","post","type-post","status-publish","format-standard","hentry","category-genel","tag-halk-kutuphaneleri"],"_links":{"self":[{"href":"https:\/\/www.bbyhaber.com\/bby\/wp-json\/wp\/v2\/posts\/5794"}],"collection":[{"href":"https:\/\/www.bbyhaber.com\/bby\/wp-json\/wp\/v2\/posts"}],"about":[{"href":"https:\/\/www.bbyhaber.com\/bby\/wp-json\/wp\/v2\/types\/post"}],"author":[{"embeddable":true,"href":"https:\/\/www.bbyhaber.com\/bby\/wp-json\/wp\/v2\/users\/1"}],"replies":[{"embeddable":true,"href":"https:\/\/www.bbyhaber.com\/bby\/wp-json\/wp\/v2\/comments?post=5794"}],"version-history":[{"count":0,"href":"https:\/\/www.bbyhaber.com\/bby\/wp-json\/wp\/v2\/posts\/5794\/revisions"}],"wp:attachment":[{"href":"https:\/\/www.bbyhaber.com\/bby\/wp-json\/wp\/v2\/media?parent=5794"}],"wp:term":[{"taxonomy":"category","embeddable":true,"href":"https:\/\/www.bbyhaber.com\/bby\/wp-json\/wp\/v2\/categories?post=5794"},{"taxonomy":"post_tag","embeddable":true,"href":"https:\/\/www.bbyhaber.com\/bby\/wp-json\/wp\/v2\/tags?post=5794"}],"curies":[{"name":"wp","href":"https:\/\/api.w.org\/{rel}","templated":true}]}}