{"id":5759,"date":"2012-07-12T17:40:57","date_gmt":"2012-07-12T17:40:57","guid":{"rendered":"http:\/\/www.bbyhaber.com\/bby\/?p=5759"},"modified":"2012-09-07T13:26:29","modified_gmt":"2012-09-07T10:26:29","slug":"alasehirde-tarihi-kutuphane-restore-ediliyor-manisa","status":"publish","type":"post","link":"https:\/\/www.bbyhaber.com\/bby\/2012\/07\/12\/alasehirde-tarihi-kutuphane-restore-ediliyor-manisa","title":{"rendered":"Ala\u015fehir&#8217;de Tarihi K\u00fct\u00fcphane Restore Ediliyor-Manisa"},"content":{"rendered":"<p style=\"text-align: justify;\">M\u00fclkiyeti Ala\u015fehir Belediyesi&#8217;nde ve kullan\u0131m hakk\u0131 K\u00fclt\u00fcr ve Turizm Bakanl\u0131\u011f\u0131&#8217;nda olan tarihi Halk K\u00fct\u00fcphanesi&#8217;nin restorasyon \u00e7al\u0131\u015fmalar\u0131na ba\u015fland\u0131. Ala\u015fehir&#8217;de 1500&#8217;l\u00fc y\u0131llarda yap\u0131lan Halk K\u00fct\u00fcphanesi, Kurtulu\u015f Sava\u015f\u0131 d\u00f6neminde Yunanl\u0131lar taraf\u0131ndan yak\u0131lmas\u0131 sonucu zarar g\u00f6rm\u00fc\u015f, 1954 y\u0131l\u0131nda bak\u0131m yap\u0131larak kullan\u0131l\u0131r hale getirilmi\u015fti. <!--more--><\/p>\n<p style=\"text-align: justify;\">Son y\u0131llarda kullan\u0131lamaz hale gelen k\u00fct\u00fcphane yeniden restore ediliyor. Ala\u015fehir Belediye taraf\u0131ndan yap\u0131lan ihaleyi 238 bin 198 TL&#8217;ye kazanan SNR Restorasyon Limited \u015eirketi \u00e7al\u0131\u015fmalar\u0131n\u0131 210 g\u00fcnde tamamlayacak. Ala\u015fehir Belediye Ba\u015fkan\u0131 G\u00f6khan Kara\u00e7oban, &#8220;238 bin 198 TL bedelle ihalesi yap\u0131lan tarihi Halk K\u00fct\u00fcphanemizin restorasyon \u00e7al\u0131\u015fmalar\u0131 ba\u015flad\u0131. SNR Restorasyon Limited \u015eirketi&#8217;nce yap\u0131lacak \u00e7al\u0131\u015fmalar 210 g\u00fcnde tamamlanacak.<\/p>\n<p style=\"text-align: justify;\">Bir milletin gelece\u011fine sahip \u00e7\u0131kmas\u0131 i\u00e7in ge\u00e7mi\u015fini korumas\u0131 gerekir. Bu y\u00fczden tarihi eserler \u00e7ok \u00f6nemlidir. \u00c7al\u0131\u015fmalar\u0131n ba\u015flamas\u0131 nedeniyle \u00e7ok duyguluyum, \u00e7ok hisliyim. Zira ecdatlar\u0131m\u0131z\u0131n bize emaneti olan bir eserin asl\u0131na uygun olarak revize \u00e7al\u0131\u015fmalar\u0131na ba\u015flad\u0131k. Ala\u015fehir tarihi eser y\u00f6n\u00fcnden \u00e7ok zengin. \u0130l\u00e7emizin tarihi de\u011ferlerine eski eserleri koruyarak sahip \u00e7\u0131kmal\u0131y\u0131z. Bu onurlu bir vatanda\u015fl\u0131k g\u00f6revidir. Belediye olarak bu vazifemizi yerine getiriyoruz.&#8221; dedi.<\/p>\n<p style=\"text-align: justify;\">Kaynak: http:\/\/www.haberflash.com\/<\/p>\n","protected":false},"excerpt":{"rendered":"<p>M\u00fclkiyeti Ala\u015fehir Belediyesi&#8217;nde ve kullan\u0131m hakk\u0131 K\u00fclt\u00fcr ve Turizm Bakanl\u0131\u011f\u0131&#8217;nda olan tarihi Halk K\u00fct\u00fcphanesi&#8217;nin restorasyon \u00e7al\u0131\u015fmalar\u0131na ba\u015fland\u0131. Ala\u015fehir&#8217;de 1500&#8217;l\u00fc y\u0131llarda yap\u0131lan Halk K\u00fct\u00fcphanesi, Kurtulu\u015f Sava\u015f\u0131 d\u00f6neminde Yunanl\u0131lar taraf\u0131ndan yak\u0131lmas\u0131 sonucu zarar g\u00f6rm\u00fc\u015f, 1954 y\u0131l\u0131nda bak\u0131m yap\u0131larak kullan\u0131l\u0131r hale getirilmi\u015fti.<\/p>\n","protected":false},"author":1,"featured_media":0,"comment_status":"open","ping_status":"open","sticky":false,"template":"","format":"standard","meta":{"footnotes":""},"categories":[],"tags":[848],"class_list":["post-5759","post","type-post","status-publish","format-standard","hentry","tag-halk-kutuphaneleri"],"_links":{"self":[{"href":"https:\/\/www.bbyhaber.com\/bby\/wp-json\/wp\/v2\/posts\/5759"}],"collection":[{"href":"https:\/\/www.bbyhaber.com\/bby\/wp-json\/wp\/v2\/posts"}],"about":[{"href":"https:\/\/www.bbyhaber.com\/bby\/wp-json\/wp\/v2\/types\/post"}],"author":[{"embeddable":true,"href":"https:\/\/www.bbyhaber.com\/bby\/wp-json\/wp\/v2\/users\/1"}],"replies":[{"embeddable":true,"href":"https:\/\/www.bbyhaber.com\/bby\/wp-json\/wp\/v2\/comments?post=5759"}],"version-history":[{"count":0,"href":"https:\/\/www.bbyhaber.com\/bby\/wp-json\/wp\/v2\/posts\/5759\/revisions"}],"wp:attachment":[{"href":"https:\/\/www.bbyhaber.com\/bby\/wp-json\/wp\/v2\/media?parent=5759"}],"wp:term":[{"taxonomy":"category","embeddable":true,"href":"https:\/\/www.bbyhaber.com\/bby\/wp-json\/wp\/v2\/categories?post=5759"},{"taxonomy":"post_tag","embeddable":true,"href":"https:\/\/www.bbyhaber.com\/bby\/wp-json\/wp\/v2\/tags?post=5759"}],"curies":[{"name":"wp","href":"https:\/\/api.w.org\/{rel}","templated":true}]}}