{"id":5750,"date":"2012-07-12T10:07:54","date_gmt":"2012-07-12T10:07:54","guid":{"rendered":"http:\/\/www.bbyhaber.com\/bby\/?p=5750"},"modified":"2012-07-12T10:08:38","modified_gmt":"2012-07-12T10:08:38","slug":"en-cok-kitap-okuyan-uc-uyeye-muze-kart-verildi-aydin","status":"publish","type":"post","link":"https:\/\/www.bbyhaber.com\/bby\/2012\/07\/12\/en-cok-kitap-okuyan-uc-uyeye-muze-kart-verildi-aydin","title":{"rendered":"En \u00c7ok Kitap Okuyan \u00dc\u00e7 \u00dcyeye M\u00fcze Kart Verildi-Ayd\u0131n"},"content":{"rendered":"<p style=\"text-align: justify;\"><a href=\"http:\/\/www.bbyhaber.com\/bby\/wp-content\/uploads\/2012\/06\/muze-karti.jpg\"><img loading=\"lazy\" decoding=\"async\" class=\"alignleft\" src=\"http:\/\/www.bbyhaber.com\/bby\/wp-content\/uploads\/2012\/06\/muze-karti.jpg\" alt=\"\" width=\"298\" height=\"134\" \/><\/a><a href=\"http:\/\/www.aydinkutup.gov.tr\/\" target=\"_blank\">Ayd\u0131n \u0130l Halk K\u00fct\u00fcphanesi<\/a>ni en \u00e7ok kullanan \u00fc\u00e7 okuyucu, m\u00fcze ve \u00f6ren yerlerini \u00fccretsiz olarak gezmeleri sa\u011flayan m\u00fcze kart ile \u00f6d\u00fcllendirildi. Ayd\u0131n Halk K\u00fct\u00fcphane Salonu&#8217;nda d\u00fczenlenen t\u00f6rene, Ayd\u0131n Vali Yard\u0131mc\u0131s\u0131 Celal Ulusoy, \u0130l K\u00fclt\u00fcr ve Turizm M\u00fcd\u00fcr\u00fc Nuri Aktakka, \u0130l Halk K\u00fct\u00fcphane M\u00fcd\u00fcr Yard\u0131mc\u0131s\u0131 Salih \u00c7elik ve k\u00fct\u00fcphane okuyucular\u0131 kat\u0131ld\u0131. <!--more-->Vali Yard\u0131mc\u0131s\u0131 Celal Ulusoy, konu\u015fmas\u0131nda, k\u00fct\u00fcphane \u00fcyesi olan Necla G\u00f6k\u00e7ek, G\u00f6rkem Akar ve Goncag\u00fcl \u0130nalko\u00e7&#8217;u tebrik etti.<\/p>\n<p style=\"text-align: justify;\">Kaynak: http:\/\/www.aydinim.com\/<\/p>\n","protected":false},"excerpt":{"rendered":"<p>Ayd\u0131n \u0130l Halk K\u00fct\u00fcphanesini en \u00e7ok kullanan \u00fc\u00e7 okuyucu, m\u00fcze ve \u00f6ren yerlerini \u00fccretsiz olarak gezmeleri sa\u011flayan m\u00fcze kart ile \u00f6d\u00fcllendirildi. Ayd\u0131n Halk K\u00fct\u00fcphane Salonu&#8217;nda d\u00fczenlenen t\u00f6rene, Ayd\u0131n Vali Yard\u0131mc\u0131s\u0131 Celal Ulusoy, \u0130l K\u00fclt\u00fcr ve Turizm M\u00fcd\u00fcr\u00fc Nuri Aktakka, \u0130l Halk K\u00fct\u00fcphane M\u00fcd\u00fcr Yard\u0131mc\u0131s\u0131 Salih \u00c7elik ve k\u00fct\u00fcphane okuyucular\u0131 kat\u0131ld\u0131.<\/p>\n","protected":false},"author":1,"featured_media":0,"comment_status":"open","ping_status":"open","sticky":false,"template":"","format":"standard","meta":{"footnotes":""},"categories":[1],"tags":[301],"class_list":["post-5750","post","type-post","status-publish","format-standard","hentry","category-genel","tag-muzekart"],"_links":{"self":[{"href":"https:\/\/www.bbyhaber.com\/bby\/wp-json\/wp\/v2\/posts\/5750"}],"collection":[{"href":"https:\/\/www.bbyhaber.com\/bby\/wp-json\/wp\/v2\/posts"}],"about":[{"href":"https:\/\/www.bbyhaber.com\/bby\/wp-json\/wp\/v2\/types\/post"}],"author":[{"embeddable":true,"href":"https:\/\/www.bbyhaber.com\/bby\/wp-json\/wp\/v2\/users\/1"}],"replies":[{"embeddable":true,"href":"https:\/\/www.bbyhaber.com\/bby\/wp-json\/wp\/v2\/comments?post=5750"}],"version-history":[{"count":0,"href":"https:\/\/www.bbyhaber.com\/bby\/wp-json\/wp\/v2\/posts\/5750\/revisions"}],"wp:attachment":[{"href":"https:\/\/www.bbyhaber.com\/bby\/wp-json\/wp\/v2\/media?parent=5750"}],"wp:term":[{"taxonomy":"category","embeddable":true,"href":"https:\/\/www.bbyhaber.com\/bby\/wp-json\/wp\/v2\/categories?post=5750"},{"taxonomy":"post_tag","embeddable":true,"href":"https:\/\/www.bbyhaber.com\/bby\/wp-json\/wp\/v2\/tags?post=5750"}],"curies":[{"name":"wp","href":"https:\/\/api.w.org\/{rel}","templated":true}]}}