{"id":5727,"date":"2012-07-11T19:38:32","date_gmt":"2012-07-11T19:38:32","guid":{"rendered":"http:\/\/www.bbyhaber.com\/bby\/?p=5727"},"modified":"2013-01-14T13:11:46","modified_gmt":"2013-01-14T11:11:46","slug":"bu-binaya-da-kutuphane-yakisirdi-corum","status":"publish","type":"post","link":"https:\/\/www.bbyhaber.com\/bby\/2012\/07\/11\/bu-binaya-da-kutuphane-yakisirdi-corum","title":{"rendered":"Bu binaya da k\u00fct\u00fcphane yak\u0131\u015f\u0131rd\u0131!-\u00c7orum"},"content":{"rendered":"<p style=\"text-align: justify;\">Daha \u00f6nce \u0130stiklal \u0130lk\u00f6\u011fretim Okulu olarak hizmet veren tarihi bina, Nisan 2012 tarihinden bu yana Hasan Pa\u015fa Yazma Eser K\u00fct\u00fcphanesi. Ba\u015fbakan Yard\u0131mc\u0131s\u0131 B\u00fclent Ar\u0131n\u00e7\u2019\u0131n kurdelesini kesti\u011fi k\u00fct\u00fcphanenin kap\u0131s\u0131n\u0131 \u00e7al\u0131p, binay\u0131 bir de k\u00fct\u00fcphane haliyle g\u00f6relim istedik. Halihaz\u0131rda M\u00fcd\u00fcr \u0130smail Duyar ve k\u00fct\u00fcphaneci Selma Y\u0131ld\u0131ran Atc\u0131\u2019dan ba\u015fka \u00e7al\u0131\u015fan\u0131 olmayan k\u00fct\u00fcphaneyi gezince, \u2018bina k\u00fct\u00fcphaneye, k\u00fct\u00fcphane de binaya ne kadar yak\u0131\u015fm\u0131\u015f\u2019 diyorsunuz.<!--more--><\/p>\n<p style=\"text-align: justify;\">Bina ve i\u015flevinin birbiriyle \u00f6rt\u00fc\u015fmesinin yan\u0131 s\u0131ra M\u00fcd\u00fcr \u0130smail Duyar ile konu\u015ftu\u011fumuzda, \u2018m\u00fcd\u00fcr se\u00e7imi de tam isabet\u2019 kanaati olu\u015fuyor kafam\u0131zda. \u0130stanbul \u00dcniversitesi Edebiyat Fak\u00fcltesi K\u00fct\u00fcphanecilik b\u00f6l\u00fcm\u00fc mezunu \u0130smail Duyar, \u0130stanbul \u0130l Halk K\u00fct\u00fcphanesi M\u00fcd\u00fcrl\u00fc\u011f\u00fc\u2019nden sonra memleketi \u00c7orum\u2019da hizmet vermenin, memleketi i\u00e7in bir \u015feyler yapman\u0131n heyecan\u0131 i\u00e7inde. Duyar, bir k\u00fct\u00fcphanenin g\u00f6rselli\u011finin yan\u0131 s\u0131ra i\u00e7eri\u011fi ile de okuyucuya en iyi hizmeti vermesi gerekti\u011fi d\u00fc\u015f\u00fcncesinden hareketle Hasan Pa\u015fa El Yazmas\u0131 Eserler K\u00fct\u00fcphanesi\u2019nin en k\u0131sa s\u00fcrede eksiklerinin tamamlanaca\u011f\u0131n\u0131 s\u00f6yl\u00fcyor. \u2018Bu k\u00fct\u00fcphane \u00c7orum i\u00e7in bir kazan\u00e7, bina i\u00e7in de en do\u011fru karar verilmi\u015f\u2019 diyen\u00a0 Duyar\u2019\u0131n s\u00f6zlerine kat\u0131lmamak m\u00fcmk\u00fcn de\u011fil.<\/p>\n<p style=\"text-align: justify;\">\u00c7orum el yazmas\u0131 eserler bak\u0131m\u0131ndan ne kadar tan\u0131n\u0131yor?<br \/>\nBu i\u015fi ara\u015ft\u0131ranlar, yazma eser \u00fczerine \u00e7al\u0131\u015fanlar, akademisyenler, ara\u015ft\u0131rmac\u0131lar sadece \u00c7orum\u2019u de\u011fil, T\u00fcrkiye\u2019deki b\u00fct\u00fcn yazma eserler k\u00fct\u00fcphanelerini iyi tan\u0131yorlar.<\/p>\n<p style=\"text-align: justify;\">\u00c7orum\u2019un yeri ne peki?<br \/>\n\u00c7orum\u2019un yeri \u00e7ok \u00f6nemli. 17 yerde b\u00f6yle yazma eser k\u00fct\u00fcphanesi var. \u00c7orum da bunlardan bir tanesi. Bu k\u00fct\u00fcphane \u00c7orum i\u00e7in bir kazan\u00e7t\u0131r.<\/p>\n<p style=\"text-align: justify;\">\u00c7orumlusunuz ama, a\u011f\u0131rl\u0131kl\u0131 olarak \u0130stanbul\u2019da g\u00f6rev yapm\u0131\u015fs\u0131n\u0131z. \u00c7orum\u2019a d\u00f6nmek nas\u0131l bir \u015fey?<br \/>\nBiraz da bilgi birikimimizi memleketimize harcayal\u0131m dedik. Burada olmak g\u00fczel, oradaki ortam\u0131 buraya ta\u015f\u0131mak amac\u0131m\u0131z. Birebir olacak m\u0131 derseniz, zamanla olacakt\u0131r.<\/p>\n<p style=\"text-align: justify;\">Ordaki ortam deyince demek ki \u00c7orum i\u00e7in hayal etti\u011finiz bir \u015feyler var. Neler d\u00fc\u015f\u00fcn\u00fcyorsunuz \u00c7orum i\u00e7in?<br \/>\nK\u00fct\u00fcphanecilik i\u015fi bir tak\u0131m i\u015fidir. Her i\u015f b\u00f6yle bana g\u00f6re. Bir okuyucumuz geldi\u011fi zaman istedi\u011fi hizmeti buradan kesinlikle alabilmeli. G\u00f6rsellik geri boyutu. Olmas\u0131 gereken, ama esas hizmet noktas\u0131 o de\u011fil. Tabiki okuyucu geldi\u011finde g\u00f6rd\u00fc\u011f\u00fc, \u00e7al\u0131\u015ft\u0131\u011f\u0131 ortam\u0131n rahat olmal\u0131, rahats\u0131z edilmemeli, istedi\u011fi bilgiyi kolay ve h\u0131zl\u0131 bulmal\u0131. Biz bu hizmeti verdi\u011fimize inan\u0131yoruz. Bunu yapt\u0131k tamam diye d\u00fc\u015f\u00fcnm\u00fcyoruz. Hizmeti geli\u015ftirerek arama motorlar\u0131nda yazma eserlere okuyucular ula\u015fabiliyor. Oradan \u015fu eseri istiyorum deyince nokta at\u0131\u015f\u0131 ile\u00a0 istedi\u011fi bilgiye ula\u015fmal\u0131. Ba\u015fkanl\u0131\u011f\u0131m\u0131z\u0131n istedi\u011fi de bu. Ama\u00e7 b\u00fct\u00fcn k\u00fct\u00fcphaneleri ayn\u0131 seviyeye getirmek. Bence \u0130stanbul\u2019da ne olursa, \u00c7orum\u2019da da ayn\u0131s\u0131 olmas\u0131 gerekiyor.<\/p>\n<p style=\"text-align: justify;\">Yazma eser k\u00fct\u00fcphaneleri aras\u0131nda ileti\u015fim var m\u0131?<br \/>\nVar. Hem personel, hem m\u00fcd\u00fcrler, hem de ba\u015fkanl\u0131\u011f\u0131m\u0131z ile ileti\u015fim var. Mesel\u00e2 yapmak istediklerimizden bir tanesi, kitaplar\u0131n geri planda say\u0131m\u0131. Yeni bir sistem var. Kitaplar\u0131n i\u00e7erisine yerle\u015ftirilen \u00e7iple elinizdeki kitaplar\u0131 yar\u0131m saatte sayabiliyorsunuz. \u0130stanbul \u0130l Halk K\u00fct\u00fcphanesi\u2019nde yapt\u0131k biz bunu. 55 bin kitaba \u00e7ip yerle\u015ftirildi. Okuyucu raf sisteminde kitab\u0131 ba\u015fka bir yere koyabilir. Siz o kitab\u0131 h\u0131zl\u0131 bir \u015fekilde bulabiliyorsunuz. B\u00fct\u00fcn teknik i\u015flemleri yazma eserler k\u00fct\u00fcphanesinde uygulamak istiyoruz. Hizmet noktas\u0131nda da okuyucunun d\u00fcnyan\u0131n neresinde olursa olsun internet \u00fczerinden h\u0131zl\u0131 bir \u015fekilde bilgiye ula\u015fmas\u0131n\u0131 sa\u011flamak istiyoruz. \u015eu anda bu yap\u0131l\u0131yor zaten. Ama\u00e7 bunu daha fazla geli\u015ftirerek, \u00e7ok daha geni\u015f kapsaml\u0131 ula\u015fmas\u0131n\u0131 sa\u011flamakt\u0131r.<\/p>\n<p style=\"text-align: justify;\">Bu s\u00f6ylediklerinizle birlikte neye ihtiya\u00e7 var\u00a0 binada?<br \/>\nBunlar belirlenmi\u015f durumda. Olmas\u0131 i\u00e7in de biraz zaman\u0131m\u0131z var \u015fu anda.<\/p>\n<p style=\"text-align: justify;\">Ya da paraya.<br \/>\nEvet. Bununla ilgili ba\u015fkanl\u0131\u011f\u0131m\u0131z b\u00fct\u00e7e \u00e7al\u0131\u015fmalar\u0131n\u0131 yapmak i\u00e7in taleplerimizi istedi, biz yazd\u0131k g\u00f6nderdik. Hatta bunlar\u0131n i\u00e7inde baz\u0131 noktalarda hizmet al\u0131m\u0131yla\u00a0 i\u015f yapt\u0131rma se\u00e7eneklerimiz\u00a0 dahi var. Bizim burada personelimiz yok, yetersiziz gibi s\u00f6ylemlerin arkas\u0131na s\u0131\u011f\u0131namay\u0131z asla. Sorun var ama \u00e7\u00f6z\u00fcm de var. Hizmet al\u0131m\u0131na giderek eksiklerimizi giderebiliriz. Mevcut kitaplar\u0131m\u0131z\u0131 koruyup kollay\u0131p gelecek nesillere aktarmak amac\u0131m\u0131z. Bu sadece \u00c7orum Hasan Pa\u015fa El Yazmas\u0131 Eserler K\u00fct\u00fcphanesi\u2019nin sorunu veya sorumlulu\u011fu de\u011fil, bu t\u00fcm k\u00fct\u00fcphanelerin sorunudur. Ecdad\u0131m\u0131zdan kalm\u0131\u015f yeg\u00e2ne eserler, \u00e7ok emek verilerek haz\u0131rlanm\u0131\u015f, o d\u00f6nemin bilgisini, durumunu, konumunu her y\u00f6nden g\u00fcn\u00fcm\u00fcze getiriyor. Bunlar\u0131n da gelece\u011fe ta\u015f\u0131nmas\u0131 gerekiyor.<\/p>\n<p style=\"text-align: justify;\">Ne kadar yazma eser var \u00c7orum\u2019da?<br \/>\n3 bin 693 adet yazma eserimiz var. 5 bin 960 dolaylar\u0131nda matbaa bask\u0131s\u0131 kitab\u0131m\u0131z var. Bunlar\u0131n bir k\u0131sm\u0131 da \u0130skilip \u0130l\u00e7e Halk K\u00fct\u00fcphanesi\u2019nde. Bunlar da zamanla k\u00fct\u00fcphanemize kazand\u0131r\u0131lacak. Bu hizmetler yap\u0131l\u0131rken o eserlerden de okuyucular\u0131n yararlanmas\u0131n\u0131 sa\u011flamak istiyoruz. K\u00fct\u00fcphane bu nedenle \u00c7orum ad\u0131na \u00e7ok g\u00fczel bir ad\u0131m oldu. Hem de b\u00f6yle bir binada. Biz kendimizi \u015fansl\u0131 g\u00f6r\u00fcyoruz.<\/p>\n<p style=\"text-align: justify;\">Bina size ilham m\u0131 veriyor?<br \/>\nVeriyor. Gelip te k\u00f6t\u00fc olmu\u015f diyeni ben g\u00f6rmedim. \u00c7al\u0131\u015fmalar\u0131m\u0131zdan b\u00fcy\u00fck keyif al\u0131yoruz.<\/p>\n<p style=\"text-align: justify;\">Bir d\u00f6nem yazma eserlerin bir ka\u00e7 merkezde toplanmas\u0131 gibi bir d\u00fc\u015f\u00fcnce vard\u0131. Bundan d\u00f6n\u00fclmesi iyi oldu diyebilir miyiz?<br \/>\nDenilebilir. Bilgiyi merkezi yerde tutman\u0131n ula\u015f\u0131l\u0131rl\u0131k olarak kolay g\u00f6r\u00fcnen bir taraf\u0131 var ama, bu b\u00f6yle bir \u015fey de\u011fil. Bir de bu b\u00f6lgesel anlamda \u00f6nemli. B\u00f6lgeler \u00e7ekim merkezi haline gelmeli. Teknoloji \u00e7ok geli\u015fti, d\u00fcnya k\u00fc\u00e7\u00fcld\u00fc. Bu teknoloji kullan\u0131larak de\u011fi\u015fik alanlarda da ayn\u0131 hizmeti merkez gibi yapabilirsiniz. Bunda s\u0131k\u0131nt\u0131 yok. \u0130leti\u015fimin bu kadar h\u0131zl\u0131 oldu\u011fu g\u00fcn\u00fcm\u00fczde bilgiyi tek noktaya ta\u015f\u0131mak \u00e7ok da anlaml\u0131 g\u00f6r\u00fcnm\u00fcyor.<\/p>\n<p style=\"text-align: justify;\">Bo\u011fazkale Sfenksi\u2019nin \u00c7orum\u2019da sergilenmesi gibi&#8230;<br \/>\n\u00c7\u00fcnk\u00fc bu k\u00fclt\u00fcr buraya ait, burada do\u011fdu, burada ya\u015fad\u0131, burada izleri var h\u00e2l\u00e2. Siz onu al\u0131p yapay bir ortama g\u00f6t\u00fcrd\u00fc\u011f\u00fcn\u00fczde, daha fazla insan g\u00f6recek belki ama, ger\u00e7ek anlamda topraklar\u0131n\u0131n ya da sergilendi\u011fi yer oras\u0131 olmad\u0131\u011f\u0131n\u0131 bilecek. Burada bir eksiklik olacak. Her hizmet \u00fclkemizin her noktas\u0131na gidebilmeli. Bunun i\u00e7in bize de \u00e7ok g\u00f6rev d\u00fc\u015f\u00fcyor. Ayn\u0131 kalitede yapmak i\u00e7in \u00e7aba g\u00f6stermemiz laz\u0131m. Kendimizi geli\u015ftirmeliyiz. Standartlar\u0131n i\u00e7ine girip, atadan b\u00f6yle geldi b\u00f6yle gider mant\u0131\u011f\u0131 olmamal\u0131. Atam\u0131zdan gelenin \u00fczerine bir \u015feyler koyup gelece\u011fe ta\u015f\u0131mal\u0131y\u0131z. Yani bunu her alanda yapmam\u0131z gerekiyor. Bir \u015feyi hep ayn\u0131 \u015fekilde yapt\u0131\u011f\u0131n\u0131zda geli\u015fmi\u015f olmazsan\u0131z. \u00dcst\u00fcne bir \u015fey koydu\u011funuzda geli\u015fmi\u015f olur. Her saat zaman\u0131 g\u00f6sterir ama \u015fekilleri farkl\u0131d\u0131r, albenileri vard\u0131r. Hi\u00e7birimizin yapmak zorunda oldu\u011fumuz, yapaca\u011f\u0131m\u0131z g\u00f6revleri bir l\u00fctuf gibi g\u00f6rmememiz laz\u0131m. Herkesin yapt\u0131\u011f\u0131 i\u015fi en iyi \u015fekilde yapmak gibi bir zorunlulu\u011fu var. Olmas\u0131 gereken budur. Bunlar g\u00fczel \u015feyler tabi. Yazma eser k\u00fct\u00fcphanemiz ad\u0131na de\u011fil, halk k\u00fct\u00fcphaneleri, \u00e7ocuk k\u00fct\u00fcphaneleri ad\u0131na g\u00fczel geli\u015fmeler oluyor T\u00fcrkiye\u2019de. Bununla beraber okuyan kitlemiz de geli\u015fiyor. Y\u00fczde oran\u0131 az oldu\u011fu i\u00e7in belki toplum az okuyor gibi g\u00f6r\u00fcn\u00fcyor bana g\u00f6re okuyan da \u00e7ok. Ama bu zaman alan, al\u0131\u015fkanl\u0131klarla, toplumsal, ekonomik, sosyal \u015fartlarla ilgili bir \u015fey. Bence k\u00fct\u00fcphaneler kullan\u0131l\u0131yor. K\u00fct\u00fcphanelerde \u00e7al\u0131\u015fan k\u00fct\u00fcphanecilik b\u00f6l\u00fcm\u00fc mezunlar\u0131n\u0131n say\u0131s\u0131n\u0131n artmas\u0131 da iyi bir geli\u015fme.<\/p>\n<p style=\"text-align: justify;\">Yazma eserlerin hepsi ne zaman buraya gelir?<br \/>\nEn b\u00fcy\u00fck amac\u0131m\u0131z eserlerimizin buraya gelmesi. Bu biraz teknik bir mesele. Haz\u0131r her\u015fey. Sadece binam\u0131z\u0131n fiziksel anlamda buna yeterlilik \u015feklini vermemiz gerekiyor. Buna da m\u00fchendisler karar verecek. \u00c7ok uzun s\u00fcrece\u011fini zannetmiyorum. En fazla 3 ay s\u00fcrebilir. Bizim i\u00e7in kitaplar\u0131n orada olmas\u0131 \u00e7ok b\u00fcy\u00fck bir handikap m\u0131, hay\u0131r. Hizmet noktas\u0131nda eksik bir \u015fey yok. Materyalle ilgili bir talep durumunda dahi hizmeti veriyoruz. Bununla ilgili bir engelimiz yok. Kitaplar\u0131m\u0131z\u0131n bir an \u00f6nce elimizin alt\u0131nda olmas\u0131n\u0131 istiyoruz. \u015eimdi k\u00fct\u00fcphane sanki onlars\u0131z bir bo\u015fluktaym\u0131\u015f gibi. Bir yan\u0131m\u0131z eksik kal\u0131yor.<\/p>\n<p style=\"text-align: justify;\">Bina yeterli de\u011fil mi?<br \/>\nBinam\u0131z son derece yeterli. Hi\u00e7bir s\u0131k\u0131nt\u0131m\u0131z da yok. \u0130htiya\u00e7lar\u0131m\u0131z var. T\u00fcrk \u0130sl\u00e2m El Sanatlar\u0131 At\u00f6lyemiz var. Burada hat, tezhip, minyat\u00fcr kurslar\u0131 a\u00e7aca\u011f\u0131z. Yo\u011fun kat\u0131l\u0131ml\u0131 de\u011fil, daha \u00e7ok sonu\u00e7 al\u0131nabilen kurslar olacak. Hocalar\u0131m\u0131zla g\u00f6r\u00fc\u015ft\u00fck. Mini bir seminer, toplant\u0131 salonumuz var. Personel say\u0131m\u0131z artt\u0131k\u00e7a daha de\u011fi\u015fik \u00e7al\u0131\u015fmalar yapaca\u011f\u0131z. Bir k\u00fct\u00fcphanede olmas\u0131 gereken neyse, bizim amac\u0131m\u0131z burada hepsini yerine getirmek. Olmamas\u0131 i\u00e7in hi\u00e7bir engelimiz yok, \u00e7ok \u015f\u00fck\u00fcr.<\/p>\n<p style=\"text-align: justify;\">\u0130stek de var.<br \/>\nEvet. Bir \u00e7\u0131rp\u0131da bu hale geldiyse, daha da iyi olacakt\u0131r.<\/p>\n<p style=\"text-align: justify;\">Evinde el yazmas\u0131 bulunduranlara \u00e7a\u011fr\u0131<br \/>\nK\u00fct\u00fcphane M\u00fcd\u00fcr\u00fc \u0130smail Duyar hem\u015fehrilerine bir de \u00e7a\u011fr\u0131da bulunuyor ve \u201cEvinde el yazmas\u0131 eser bulunanlar bunu k\u00fct\u00fcphanemize verebilirler. B\u00f6yle bir zorunluluklar\u0131 yok tabiki. Ama burada daha \u00e7ok insan\u0131n faydalanaca\u011f\u0131 bir eser ellerinde ise, bize ba\u015fvurmalar\u0131 halinde de\u011fer tespit komisyonunun belirledi\u011fi bedel \u00fczerinden \u00f6deme yap\u0131larak ecdad\u0131m\u0131z\u0131n yadig\u00e2r\u0131 kitaplar\u0131 k\u00fct\u00fcphanemizde ara\u015ft\u0131rmac\u0131lar\u0131n istifadesine sunabiliriz.\u201d diyor.<\/p>\n<h3>G\u00fclesin A\u011fbal\u00a0 DEM\u0130RER<\/h3>\n<p style=\"text-align: justify;\">Kaynak: http:\/\/www.corumhakimiyet.net<\/p>\n","protected":false},"excerpt":{"rendered":"<p>Daha \u00f6nce \u0130stiklal \u0130lk\u00f6\u011fretim Okulu olarak hizmet veren tarihi bina, Nisan 2012 tarihinden bu yana Hasan Pa\u015fa Yazma Eser K\u00fct\u00fcphanesi. Ba\u015fbakan Yard\u0131mc\u0131s\u0131 B\u00fclent Ar\u0131n\u00e7\u2019\u0131n kurdelesini kesti\u011fi k\u00fct\u00fcphanenin kap\u0131s\u0131n\u0131 \u00e7al\u0131p, binay\u0131 bir de k\u00fct\u00fcphane haliyle g\u00f6relim istedik. Halihaz\u0131rda M\u00fcd\u00fcr \u0130smail Duyar ve k\u00fct\u00fcphaneci Selma Y\u0131ld\u0131ran Atc\u0131\u2019dan ba\u015fka \u00e7al\u0131\u015fan\u0131 olmayan k\u00fct\u00fcphaneyi gezince, \u2018bina k\u00fct\u00fcphaneye, k\u00fct\u00fcphane de binaya [&hellip;]<\/p>\n","protected":false},"author":1,"featured_media":0,"comment_status":"open","ping_status":"open","sticky":false,"template":"","format":"standard","meta":{"footnotes":""},"categories":[1500,1509],"tags":[438,848,1441],"class_list":["post-5727","post","type-post","status-publish","format-standard","hentry","category-nadir-eserler","category-yazma-eserler","tag-el-yazmalari","tag-halk-kutuphaneleri","tag-yazma-eser-kutuphaneleri"],"_links":{"self":[{"href":"https:\/\/www.bbyhaber.com\/bby\/wp-json\/wp\/v2\/posts\/5727"}],"collection":[{"href":"https:\/\/www.bbyhaber.com\/bby\/wp-json\/wp\/v2\/posts"}],"about":[{"href":"https:\/\/www.bbyhaber.com\/bby\/wp-json\/wp\/v2\/types\/post"}],"author":[{"embeddable":true,"href":"https:\/\/www.bbyhaber.com\/bby\/wp-json\/wp\/v2\/users\/1"}],"replies":[{"embeddable":true,"href":"https:\/\/www.bbyhaber.com\/bby\/wp-json\/wp\/v2\/comments?post=5727"}],"version-history":[{"count":0,"href":"https:\/\/www.bbyhaber.com\/bby\/wp-json\/wp\/v2\/posts\/5727\/revisions"}],"wp:attachment":[{"href":"https:\/\/www.bbyhaber.com\/bby\/wp-json\/wp\/v2\/media?parent=5727"}],"wp:term":[{"taxonomy":"category","embeddable":true,"href":"https:\/\/www.bbyhaber.com\/bby\/wp-json\/wp\/v2\/categories?post=5727"},{"taxonomy":"post_tag","embeddable":true,"href":"https:\/\/www.bbyhaber.com\/bby\/wp-json\/wp\/v2\/tags?post=5727"}],"curies":[{"name":"wp","href":"https:\/\/api.w.org\/{rel}","templated":true}]}}