{"id":5698,"date":"2012-07-09T11:20:42","date_gmt":"2012-07-09T11:20:42","guid":{"rendered":"http:\/\/www.bbyhaber.com\/bby\/?p=5698"},"modified":"2012-07-09T11:20:42","modified_gmt":"2012-07-09T11:20:42","slug":"manavgatin-6-yaylasina-400-kitap-ulastirildi","status":"publish","type":"post","link":"https:\/\/www.bbyhaber.com\/bby\/2012\/07\/09\/manavgatin-6-yaylasina-400-kitap-ulastirildi","title":{"rendered":"Manavgat&#8217;\u0131n 6 yaylas\u0131na 400 kitap ula\u015ft\u0131r\u0131ld\u0131"},"content":{"rendered":"<p style=\"text-align: justify;\">Antalya&#8217;n\u0131n Manavgat il\u00e7esinde \u0130l\u00e7e Halk K\u00fct\u00fcphanesi M\u00fcd\u00fcrl\u00fc\u011f\u00fc, yaylalardan halk\u0131n serin havada kitap okumas\u0131 i\u00e7in &#8216;Yaylada Kitap Okuma Projesi (YAYKOP) haz\u0131rlad\u0131.\u00a0 Proje kapsam\u0131nda Manavgat Halk K\u00fct\u00fcphanesi, il\u00e7ede 6 yaylaya 400 kitap ula\u015ft\u0131rd\u0131. K\u00fct\u00fcphane M\u00fcd\u00fcr\u00fc Hidayet Oktay, YAYKOP&#8217;la Manavgat&#8217;\u0131n S\u00fclek, \u0130bek, A\u011fa\u00e7tepe, G\u00f6ktepe ve Merdivenli yaylalar\u0131 ve k\u00f6ylerde insanlar\u0131n yaz ay\u0131nda serin havada kitapla tan\u0131\u015fmas\u0131n\u0131 sa\u011flamak oldu\u011funu kaydetti. <!--more--><\/p>\n<p style=\"text-align: justify;\">YAYKOP kapsam\u0131nda 6 yaylaya bir hafta i\u00e7inde 400 kitap ula\u015ft\u0131rd\u0131klar\u0131n\u0131 belirten Oktay, kitaplar\u0131 15 g\u00fcnde bir yenileyeceklerini s\u00f6yledi. Yaylalarda d\u00f6n\u00fc\u015f\u00fcml\u00fc olarak okunan kitaplar\u0131 proje \u00e7er\u00e7evesinde okullar a\u00e7\u0131l\u0131nca k\u00f6y okulu k\u00fct\u00fcphanelerine hediye edeceklerini belirten Oktay, k\u00f6y kahvehanelerine de kitap verdiklerini ifade etti. Oktay, &#8220;Projeyle yaylalar\u0131m\u0131za \u00e7\u0131kan insanlar\u0131m\u0131z ve \u00e7ocuklar\u0131n\u0131n kitap tan\u0131\u015fmas\u0131na \u00f6nc\u00fcl\u00fck ediyoruz. Ula\u015ft\u0131rd\u0131\u011f\u0131m\u0131z 400 olan kitap say\u0131s\u0131n\u0131 \u00f6n\u00fcm\u00fczdeki g\u00fcnlerde 2 kat\u0131na \u00e7\u0131karmak istiyoruz. Yaylalarda herkesin kitapla tan\u0131\u015fmas\u0131n\u0131 istiyoruz.&#8221; dedi.<\/p>\n<p style=\"text-align: justify;\">Kaynak: http:\/\/www.haberdar.com<\/p>\n","protected":false},"excerpt":{"rendered":"<p>Antalya&#8217;n\u0131n Manavgat il\u00e7esinde \u0130l\u00e7e Halk K\u00fct\u00fcphanesi M\u00fcd\u00fcrl\u00fc\u011f\u00fc, yaylalardan halk\u0131n serin havada kitap okumas\u0131 i\u00e7in &#8216;Yaylada Kitap Okuma Projesi (YAYKOP) haz\u0131rlad\u0131.\u00a0 Proje kapsam\u0131nda Manavgat Halk K\u00fct\u00fcphanesi, il\u00e7ede 6 yaylaya 400 kitap ula\u015ft\u0131rd\u0131. K\u00fct\u00fcphane M\u00fcd\u00fcr\u00fc Hidayet Oktay, YAYKOP&#8217;la Manavgat&#8217;\u0131n S\u00fclek, \u0130bek, A\u011fa\u00e7tepe, G\u00f6ktepe ve Merdivenli yaylalar\u0131 ve k\u00f6ylerde insanlar\u0131n yaz ay\u0131nda serin havada kitapla tan\u0131\u015fmas\u0131n\u0131 sa\u011flamak oldu\u011funu [&hellip;]<\/p>\n","protected":false},"author":1,"featured_media":0,"comment_status":"open","ping_status":"open","sticky":false,"template":"","format":"standard","meta":{"footnotes":""},"categories":[1],"tags":[848,338],"class_list":["post-5698","post","type-post","status-publish","format-standard","hentry","category-genel","tag-halk-kutuphaneleri","tag-yaylada-kitap-okuma"],"_links":{"self":[{"href":"https:\/\/www.bbyhaber.com\/bby\/wp-json\/wp\/v2\/posts\/5698"}],"collection":[{"href":"https:\/\/www.bbyhaber.com\/bby\/wp-json\/wp\/v2\/posts"}],"about":[{"href":"https:\/\/www.bbyhaber.com\/bby\/wp-json\/wp\/v2\/types\/post"}],"author":[{"embeddable":true,"href":"https:\/\/www.bbyhaber.com\/bby\/wp-json\/wp\/v2\/users\/1"}],"replies":[{"embeddable":true,"href":"https:\/\/www.bbyhaber.com\/bby\/wp-json\/wp\/v2\/comments?post=5698"}],"version-history":[{"count":0,"href":"https:\/\/www.bbyhaber.com\/bby\/wp-json\/wp\/v2\/posts\/5698\/revisions"}],"wp:attachment":[{"href":"https:\/\/www.bbyhaber.com\/bby\/wp-json\/wp\/v2\/media?parent=5698"}],"wp:term":[{"taxonomy":"category","embeddable":true,"href":"https:\/\/www.bbyhaber.com\/bby\/wp-json\/wp\/v2\/categories?post=5698"},{"taxonomy":"post_tag","embeddable":true,"href":"https:\/\/www.bbyhaber.com\/bby\/wp-json\/wp\/v2\/tags?post=5698"}],"curies":[{"name":"wp","href":"https:\/\/api.w.org\/{rel}","templated":true}]}}