{"id":5689,"date":"2012-07-08T10:03:08","date_gmt":"2012-07-08T10:03:08","guid":{"rendered":"http:\/\/www.bbyhaber.com\/bby\/?p=5689"},"modified":"2012-07-08T10:03:08","modified_gmt":"2012-07-08T10:03:08","slug":"hayirsever-eczaci-beldeye-kutuphane-acti","status":"publish","type":"post","link":"https:\/\/www.bbyhaber.com\/bby\/2012\/07\/08\/hayirsever-eczaci-beldeye-kutuphane-acti","title":{"rendered":"Hay\u0131rsever Eczac\u0131 Beldeye K\u00fct\u00fcphane A\u00e7t\u0131"},"content":{"rendered":"<p style=\"text-align: justify;\">\u00c7aycuma&#8217;ya ba\u011fl\u0131 Nebio\u011flu beldesinde eczac\u0131l\u0131k yapan Nazmi Y\u00fccel, Ekonomik ve Sosyal Geli\u015fim Derne\u011fi b\u00fcnyesinde k\u00fct\u00fcphane a\u00e7arak okuma kampanyas\u0131 ba\u015flatt\u0131. Y\u00fccel, k\u00fct\u00fcphanenin a\u00e7\u0131l\u0131\u015f\u0131nda yapt\u0131\u011f\u0131 konu\u015fmada, kitap okumay\u0131 \u00e7ok sevdi\u011fini belirterek, evindeki bini a\u015fk\u0131n kitapla da k\u00fct\u00fcphane kurmaya karar verdi\u011fini s\u00f6yledi.<!--more--><\/p>\n<p style=\"text-align: justify;\">Beldede tek olan k\u00fct\u00fcphaneye katk\u0131 bekledi\u011fini ifade eden Y\u00fccel, &#8220;Belde halk\u0131 yer konusunda gerekli deste\u011fi verdi. Gen\u00e7lerimiz burada sosyal faaliyetlerde bulunabilecek, kitap okuyabilecek. Ayr\u0131ca, isteyenler satran\u00e7 da oynayabilecek. Herkesi ba\u015flatt\u0131\u011f\u0131m kampanyayla kitap okumaya davet ediyorum. K\u00fct\u00fcphaneyi daha da geli\u015ftirerek beldeye katk\u0131 sa\u011flamay\u0131 s\u00fcrd\u00fcrece\u011fim&#8221; \u015feklinde konu\u015ftu.<\/p>\n<p style=\"text-align: justify;\">Kaynak: http:\/\/www.haberler.com\/<\/p>\n","protected":false},"excerpt":{"rendered":"<p>\u00c7aycuma&#8217;ya ba\u011fl\u0131 Nebio\u011flu beldesinde eczac\u0131l\u0131k yapan Nazmi Y\u00fccel, Ekonomik ve Sosyal Geli\u015fim Derne\u011fi b\u00fcnyesinde k\u00fct\u00fcphane a\u00e7arak okuma kampanyas\u0131 ba\u015flatt\u0131. Y\u00fccel, k\u00fct\u00fcphanenin a\u00e7\u0131l\u0131\u015f\u0131nda yapt\u0131\u011f\u0131 konu\u015fmada, kitap okumay\u0131 \u00e7ok sevdi\u011fini belirterek, evindeki bini a\u015fk\u0131n kitapla da k\u00fct\u00fcphane kurmaya karar verdi\u011fini s\u00f6yledi.<\/p>\n","protected":false},"author":1,"featured_media":0,"comment_status":"open","ping_status":"open","sticky":false,"template":"","format":"standard","meta":{"footnotes":""},"categories":[1],"tags":[],"class_list":["post-5689","post","type-post","status-publish","format-standard","hentry","category-genel"],"_links":{"self":[{"href":"https:\/\/www.bbyhaber.com\/bby\/wp-json\/wp\/v2\/posts\/5689"}],"collection":[{"href":"https:\/\/www.bbyhaber.com\/bby\/wp-json\/wp\/v2\/posts"}],"about":[{"href":"https:\/\/www.bbyhaber.com\/bby\/wp-json\/wp\/v2\/types\/post"}],"author":[{"embeddable":true,"href":"https:\/\/www.bbyhaber.com\/bby\/wp-json\/wp\/v2\/users\/1"}],"replies":[{"embeddable":true,"href":"https:\/\/www.bbyhaber.com\/bby\/wp-json\/wp\/v2\/comments?post=5689"}],"version-history":[{"count":0,"href":"https:\/\/www.bbyhaber.com\/bby\/wp-json\/wp\/v2\/posts\/5689\/revisions"}],"wp:attachment":[{"href":"https:\/\/www.bbyhaber.com\/bby\/wp-json\/wp\/v2\/media?parent=5689"}],"wp:term":[{"taxonomy":"category","embeddable":true,"href":"https:\/\/www.bbyhaber.com\/bby\/wp-json\/wp\/v2\/categories?post=5689"},{"taxonomy":"post_tag","embeddable":true,"href":"https:\/\/www.bbyhaber.com\/bby\/wp-json\/wp\/v2\/tags?post=5689"}],"curies":[{"name":"wp","href":"https:\/\/api.w.org\/{rel}","templated":true}]}}