{"id":5680,"date":"2012-07-08T09:54:33","date_gmt":"2012-07-08T09:54:33","guid":{"rendered":"http:\/\/www.bbyhaber.com\/bby\/?p=5680"},"modified":"2012-09-07T13:27:49","modified_gmt":"2012-09-07T10:27:49","slug":"yakin-dogu-universitesi-turkiyede-bulunan-1118-kutuphaneye-elektronik-kutuphane-isletim-sistemi-kuruyor","status":"publish","type":"post","link":"https:\/\/www.bbyhaber.com\/bby\/2012\/07\/08\/yakin-dogu-universitesi-turkiyede-bulunan-1118-kutuphaneye-elektronik-kutuphane-isletim-sistemi-kuruyor","title":{"rendered":"Yak\u0131n Do\u011fu \u00dcniversitesi T\u00fcrkiye\u2019de Bulunan 1118 K\u00fct\u00fcphane\u2019ye \u201cElektronik K\u00fct\u00fcphane \u0130\u015fletim Sistemi\u201d Kuruyor"},"content":{"rendered":"<p style=\"text-align: justify;\">T.C. K\u00fclt\u00fcr ve Turizm Bakan\u0131 Ertu\u011frul G\u00fcnay ile YD\u00dc Kurucu Rekt\u00f6r\u00fc Dr. Suat \u0130. G\u00fcnsel i\u015f birl\u011fi protokol\u00fc imzal\u0131yor. T.C. K\u00fclt\u00fcr ve Turizm Bakan\u0131 Ertu\u011frul G\u00fcnay\u2019\u0131n resmi davetlisi olarak 16 Temmuz\u2019da Ankara\u2019ya gidecek olan YD\u00dc Kurucu Rekt\u00f6r Dr. Suat \u0130. G\u00fcnsel, T.C. K\u00fclt\u00fcr Bakanl\u0131\u011f\u0131 ile ortak bir projeye imza atacaklar.<!--more--><\/p>\n<p style=\"text-align: justify;\">Yavru Vatan\u2019dan Ana Vatan\u2019a Hizmetler S\u00fcr\u00fcyor.<\/p>\n<p style=\"text-align: justify;\">Bu protokol \u00e7er\u00e7evesinde bakanl\u0131\u011fa ba\u011fl\u0131 1118 halk k\u00fct\u00fcphanesine YD\u00dc B\u00fcy\u00fck K\u00fct\u00fcphanesi\u2019nde kullan\u0131lan ve Yak\u0131n Do\u011fu \u00dcniversitesi \u0130novasyon merkezi taraf\u0131ndan geli\u015ftirilmi\u015f olan \u201cElektronik K\u00fct\u00fcphane \u0130\u015fletim Sistemi\u201d kurulacak. Ayn\u0131 zamanda bakanl\u0131k \u00e7al\u0131\u015fanlar\u0131na YD\u00dc B\u00fcy\u00fck K\u00fct\u00fcphanesi\u2019nde 15 g\u00fcn e\u011fitim verilecek. Bilindi\u011fi \u00fczere daha \u00f6nce de T\u00fcrkiye B\u00fcy\u00fck Millet Meclisi ile de benzeri bir protokollle meclis k\u00fct\u00fcphanesi yine Yak\u0131n Do\u011fu \u00dcniversitesi taraf\u0131ndan 20 A\u011fustos 2007 y\u0131l\u0131 itibari ile kullan\u0131lmaya ba\u015flanm\u0131\u015ft\u0131.<\/p>\n<p style=\"text-align: justify;\">T.C.K\u00fclt\u00fcr Bakanl\u0131\u011f\u0131 ile birlikte y\u00fcr\u00fct\u00fclmekte olan projenin,A\u011fustos ay\u0131 ortalar\u0131nda T\u00fcrkiye\u2019de 1118 K\u00fct\u00fcphane\u2019de t\u00fcm halka a\u00e7\u0131lmas\u0131 planlan\u0131yor. D\u00dc Kurucu Rekt\u00f6r Dr. Suat \u0130.G\u00fcnsel\u2019in T.C K\u00fclt\u00fcr Bakan\u0131 Ertu\u011frul G\u00fcnay ile yapaca\u011f\u0131 i\u015fbirli\u011fi protokol\u00fcne YD\u00dc\u2019den kalabal\u0131k bir heyet ve bas\u0131n mensuplar\u0131da e\u015flik edecek.<\/p>\n<p style=\"text-align: justify;\">Kaynak: http:\/\/duyuru.neu.edu.tr<\/p>\n","protected":false},"excerpt":{"rendered":"<p>T.C. K\u00fclt\u00fcr ve Turizm Bakan\u0131 Ertu\u011frul G\u00fcnay ile YD\u00dc Kurucu Rekt\u00f6r\u00fc Dr. Suat \u0130. G\u00fcnsel i\u015f birl\u011fi protokol\u00fc imzal\u0131yor. T.C. K\u00fclt\u00fcr ve Turizm Bakan\u0131 Ertu\u011frul G\u00fcnay\u2019\u0131n resmi davetlisi olarak 16 Temmuz\u2019da Ankara\u2019ya gidecek olan YD\u00dc Kurucu Rekt\u00f6r Dr. Suat \u0130. G\u00fcnsel, T.C. K\u00fclt\u00fcr Bakanl\u0131\u011f\u0131 ile ortak bir projeye imza atacaklar.<\/p>\n","protected":false},"author":1,"featured_media":0,"comment_status":"open","ping_status":"open","sticky":false,"template":"","format":"standard","meta":{"footnotes":""},"categories":[1571],"tags":[846,848],"class_list":["post-5680","post","type-post","status-publish","format-standard","hentry","category-e-kutuphane","tag-bilgi-teknolojileri","tag-halk-kutuphaneleri"],"_links":{"self":[{"href":"https:\/\/www.bbyhaber.com\/bby\/wp-json\/wp\/v2\/posts\/5680"}],"collection":[{"href":"https:\/\/www.bbyhaber.com\/bby\/wp-json\/wp\/v2\/posts"}],"about":[{"href":"https:\/\/www.bbyhaber.com\/bby\/wp-json\/wp\/v2\/types\/post"}],"author":[{"embeddable":true,"href":"https:\/\/www.bbyhaber.com\/bby\/wp-json\/wp\/v2\/users\/1"}],"replies":[{"embeddable":true,"href":"https:\/\/www.bbyhaber.com\/bby\/wp-json\/wp\/v2\/comments?post=5680"}],"version-history":[{"count":0,"href":"https:\/\/www.bbyhaber.com\/bby\/wp-json\/wp\/v2\/posts\/5680\/revisions"}],"wp:attachment":[{"href":"https:\/\/www.bbyhaber.com\/bby\/wp-json\/wp\/v2\/media?parent=5680"}],"wp:term":[{"taxonomy":"category","embeddable":true,"href":"https:\/\/www.bbyhaber.com\/bby\/wp-json\/wp\/v2\/categories?post=5680"},{"taxonomy":"post_tag","embeddable":true,"href":"https:\/\/www.bbyhaber.com\/bby\/wp-json\/wp\/v2\/tags?post=5680"}],"curies":[{"name":"wp","href":"https:\/\/api.w.org\/{rel}","templated":true}]}}