{"id":5650,"date":"2012-07-04T20:51:42","date_gmt":"2012-07-04T20:51:42","guid":{"rendered":"http:\/\/www.bbyhaber.com\/bby\/?p=5650"},"modified":"2012-07-04T20:51:42","modified_gmt":"2012-07-04T20:51:42","slug":"susehri-kutuphanesi-yeni-yerine-tasindi","status":"publish","type":"post","link":"https:\/\/www.bbyhaber.com\/bby\/2012\/07\/04\/susehri-kutuphanesi-yeni-yerine-tasindi","title":{"rendered":"Su\u015fehri K\u00fct\u00fcphanesi Yeni Yerine Ta\u015f\u0131nd\u0131"},"content":{"rendered":"<p style=\"text-align: justify;\">Su\u015fehri K\u00fclt\u00fcr Merkezi binas\u0131na ta\u015f\u0131nan Su\u015fehri \u0130l\u00e7e Halk ve \u00c7ocuk K\u00fct\u00fcphanesi yeni yerinde hizmete ba\u015flad\u0131. Su\u015fehri K\u00fclt\u00fcr Merkezi binas\u0131na ta\u015f\u0131nan Su\u015fehri K\u00fct\u00fcphanesi\u2019nde incelemelerde bulunan \u0130l\u00e7e Kaymakam\u0131 Mehmet Demiral, k\u00fct\u00fcphanenin yeni binas\u0131nda daha da \u00f6nemli g\u00f6revlerin ifa edece\u011fini s\u00f6yleyerek, \u201c\u0130l\u00e7e \u00c7ocuk Halk K\u00fct\u00fcphanemiz, Halk E\u011fitim Merkezi binas\u0131n\u0131n bodrum kat\u0131nda faaliyet g\u00f6steriyordu, \u00e7ok uygun \u015fartlar\u0131 da yoktu. <!--more--><\/p>\n<p style=\"text-align: justify;\">K\u00fclt\u00fcr ve Turizm M\u00fcd\u00fcrl\u00fc\u011f\u00fcnce gerekli incelemeler yap\u0131ld\u0131 ve k\u00fclt\u00fcr merkezimizin k\u00fct\u00fcphane yap\u0131lmaya \u00e7ok uygun oldu\u011fu anla\u015f\u0131ld\u0131. Biz de buray\u0131 k\u00fct\u00fcphane yaparak ger\u00e7ek anlamda kullan\u0131l\u0131r ve fonksiyonel hale getirmi\u015f bulunuyoruz. Yeni binas\u0131nda \u0130l\u00e7e \u00c7ocuk Halk K\u00fct\u00fcphanemiz, bundan sonra \u00e7ok daha \u00f6nemli g\u00f6revler ifa edecek \u00e7ocuklar\u0131m\u0131z ve halk\u0131m\u0131z i\u00e7in cazibe merkezi olacak. K\u00fct\u00fcphane her odas\u0131yla \u00e7ok g\u00fczel bir hale gelmi\u015f. Buras\u0131 sadece k\u00fct\u00fcphane olarak kullan\u0131lmayacak, k\u00fclt\u00fcr merkezi olarak da kullan\u0131lacak. Hem k\u00fct\u00fcphane, hem k\u00fclt\u00fcr merkezi olarak tarihi amac\u0131na uygun halk\u0131m\u0131za hizmet etmeye devam edecek. K\u00fct\u00fcphane hizmeti yan\u0131 s\u0131ra \u015fark k\u00f6\u015femiz var. Sohbetler, m\u00fczik dinletileri gibi sosyal k\u00fclt\u00fcrel faaliyetler yapma imkan\u0131m\u0131zda var. Binam\u0131z ger\u00e7ek anlamda bundan sonra kullan\u0131l\u0131r hale geldi. K\u00fclt\u00fcr Bakanl\u0131\u011f\u0131m\u0131z bundan sonra binam\u0131za sahip \u00e7\u0131kacak, ihtiya\u00e7 oldu\u011funda personel g\u00f6nderecek, \u00f6denek g\u00f6nderecek. \u0130l\u00e7emize kal\u0131c\u0131 bir eser kazand\u0131rman\u0131n mutlulu\u011funu ya\u015f\u0131yoruz\u201d ifadelerini kulland\u0131<\/p>\n<p style=\"text-align: justify;\">Kaynak: http:\/\/www.haberyurdum.com\/<\/p>\n","protected":false},"excerpt":{"rendered":"<p>Su\u015fehri K\u00fclt\u00fcr Merkezi binas\u0131na ta\u015f\u0131nan Su\u015fehri \u0130l\u00e7e Halk ve \u00c7ocuk K\u00fct\u00fcphanesi yeni yerinde hizmete ba\u015flad\u0131. Su\u015fehri K\u00fclt\u00fcr Merkezi binas\u0131na ta\u015f\u0131nan Su\u015fehri K\u00fct\u00fcphanesi\u2019nde incelemelerde bulunan \u0130l\u00e7e Kaymakam\u0131 Mehmet Demiral, k\u00fct\u00fcphanenin yeni binas\u0131nda daha da \u00f6nemli g\u00f6revlerin ifa edece\u011fini s\u00f6yleyerek, \u201c\u0130l\u00e7e \u00c7ocuk Halk K\u00fct\u00fcphanemiz, Halk E\u011fitim Merkezi binas\u0131n\u0131n bodrum kat\u0131nda faaliyet g\u00f6steriyordu, \u00e7ok uygun \u015fartlar\u0131 da yoktu.<\/p>\n","protected":false},"author":1,"featured_media":0,"comment_status":"open","ping_status":"open","sticky":false,"template":"","format":"standard","meta":{"footnotes":""},"categories":[1],"tags":[1439,848],"class_list":["post-5650","post","type-post","status-publish","format-standard","hentry","category-genel","tag-cocuk-kutuphaneleri","tag-halk-kutuphaneleri"],"_links":{"self":[{"href":"https:\/\/www.bbyhaber.com\/bby\/wp-json\/wp\/v2\/posts\/5650"}],"collection":[{"href":"https:\/\/www.bbyhaber.com\/bby\/wp-json\/wp\/v2\/posts"}],"about":[{"href":"https:\/\/www.bbyhaber.com\/bby\/wp-json\/wp\/v2\/types\/post"}],"author":[{"embeddable":true,"href":"https:\/\/www.bbyhaber.com\/bby\/wp-json\/wp\/v2\/users\/1"}],"replies":[{"embeddable":true,"href":"https:\/\/www.bbyhaber.com\/bby\/wp-json\/wp\/v2\/comments?post=5650"}],"version-history":[{"count":0,"href":"https:\/\/www.bbyhaber.com\/bby\/wp-json\/wp\/v2\/posts\/5650\/revisions"}],"wp:attachment":[{"href":"https:\/\/www.bbyhaber.com\/bby\/wp-json\/wp\/v2\/media?parent=5650"}],"wp:term":[{"taxonomy":"category","embeddable":true,"href":"https:\/\/www.bbyhaber.com\/bby\/wp-json\/wp\/v2\/categories?post=5650"},{"taxonomy":"post_tag","embeddable":true,"href":"https:\/\/www.bbyhaber.com\/bby\/wp-json\/wp\/v2\/tags?post=5650"}],"curies":[{"name":"wp","href":"https:\/\/api.w.org\/{rel}","templated":true}]}}