{"id":5638,"date":"2012-07-01T19:19:26","date_gmt":"2012-07-01T19:19:26","guid":{"rendered":"http:\/\/www.bbyhaber.com\/bby\/?p=5638"},"modified":"2012-09-07T12:56:34","modified_gmt":"2012-09-07T09:56:34","slug":"bilgiye-erisimde-engelli-degilsiniz-projesi-hayata-gecirildi","status":"publish","type":"post","link":"https:\/\/www.bbyhaber.com\/bby\/2012\/07\/01\/bilgiye-erisimde-engelli-degilsiniz-projesi-hayata-gecirildi","title":{"rendered":"Bilgiye Eri\u015fimde Engelli De\u011filsiniz Projesi Hayata Ge\u00e7irildi"},"content":{"rendered":"<p style=\"text-align: justify;\"><a href=\"http:\/\/b1110.hizliresim.com\/11\/10\/12\/6134.jpg\"><img loading=\"lazy\" decoding=\"async\" class=\"alignleft\" src=\"http:\/\/b1110.hizliresim.com\/11\/10\/12\/6134.jpg\" alt=\"\" width=\"327\" height=\"169\" \/><\/a>K\u00fclt\u00fcr ve Turizm Bakanl\u0131\u011f\u0131\u2019n\u0131n ger\u00e7ekle\u015ftirdi\u011fi projeyle g\u00f6rme engelli vatanda\u015flar\u0131m\u0131z\u0131n bilgiye ula\u015fmas\u0131 kolayla\u015facak. K\u00fclt\u00fcr ve Turizm Bakanl\u0131\u011f\u0131 K\u00fct\u00fcphaneler ve Yay\u0131nlar Genel M\u00fcd\u00fcrl\u00fc\u011f\u00fc g\u00f6rme engelli vatanda\u015flar\u0131m\u0131z\u0131n bilgi kaynaklar\u0131na ula\u015f\u0131m\u0131n\u0131 kolayla\u015ft\u0131rmak, ki\u015fisel geli\u015fimlerine ve serbest zamanlar\u0131n\u0131 de\u011ferlendirmelerine katk\u0131da bulunmak, ailelerine ve e\u011fitim ald\u0131klar\u0131 kurumlara destek sa\u011flamak amac\u0131yla 85 il ve il\u00e7e halk k\u00fct\u00fcphanesinde Bilgiye Eri\u015fimde Engelli De\u011filsiniz (B\u0130LED) Projesini hayata ge\u00e7irdi.<!--more--><\/p>\n<p style=\"text-align: justify;\">B\u0130LED ile de\u011fi\u015fen d\u00fcnyan\u0131n modern yap\u0131land\u0131rmalar\u0131na paralel olarak teknolojik ve toplumsal d\u00f6n\u00fc\u015f\u00fcmlere uygun halk k\u00fct\u00fcphaneleri hayata ge\u00e7irilerek g\u00f6rme engelli vatanda\u015flar\u0131m\u0131za \u00e7a\u011fda\u015f hizmet g\u00f6t\u00fcr\u00fclmesi hedefleniyor. Bir sosyal sorumluluk projesi olan \u00e7al\u0131\u015fma kapsam\u0131nda g\u00f6rme engelli vatanda\u015flar\u0131m\u0131z ekran okuma, ekran b\u00fcy\u00fctme programlar\u0131, sens\u00f6rl\u00fc kitap okuma makinesi ve masa \u00fcst\u00fc b\u00fcy\u00fcte\u00e7 sistemi ile bilgilere kolayca ula\u015fabilecek; ba\u015fkalar\u0131na ba\u011f\u0131ml\u0131 kalmaks\u0131z\u0131n g\u00fcnl\u00fck aktivitelerini ger\u00e7ekle\u015ftirebilecek. B\u0130LED Projesi, K\u00fclt\u00fcr ve Turizm Bakan Yard\u0131mc\u0131s\u0131 Dr. Abdurrahman Ar\u0131c\u0131 taraf\u0131ndan <strong>02 Temmuz 2012 Pazartesi g\u00fcn\u00fc, saat 10.30\u2019da CK Farabi Hotel\u2019de<\/strong> d\u00fczenlenecek bas\u0131n toplant\u0131s\u0131yla kamuoyuna tan\u0131t\u0131lacak.<\/p>\n<p style=\"text-align: justify;\"><a href=\"http:\/\/b1110.hizliresim.com\/11\/10\/12\/6162.jpg\"><img loading=\"lazy\" decoding=\"async\" class=\"alignnone\" src=\"http:\/\/b1110.hizliresim.com\/11\/10\/12\/6162.jpg\" alt=\"\" width=\"329\" height=\"167\" \/><\/a><\/p>\n<p style=\"text-align: justify;\">Kaynak: http:\/\/basin.kulturturizm.gov.tr<\/p>\n","protected":false},"excerpt":{"rendered":"<p>K\u00fclt\u00fcr ve Turizm Bakanl\u0131\u011f\u0131\u2019n\u0131n ger\u00e7ekle\u015ftirdi\u011fi projeyle g\u00f6rme engelli vatanda\u015flar\u0131m\u0131z\u0131n bilgiye ula\u015fmas\u0131 kolayla\u015facak. K\u00fclt\u00fcr ve Turizm Bakanl\u0131\u011f\u0131 K\u00fct\u00fcphaneler ve Yay\u0131nlar Genel M\u00fcd\u00fcrl\u00fc\u011f\u00fc g\u00f6rme engelli vatanda\u015flar\u0131m\u0131z\u0131n bilgi kaynaklar\u0131na ula\u015f\u0131m\u0131n\u0131 kolayla\u015ft\u0131rmak, ki\u015fisel geli\u015fimlerine ve serbest zamanlar\u0131n\u0131 de\u011ferlendirmelerine katk\u0131da bulunmak, ailelerine ve e\u011fitim ald\u0131klar\u0131 kurumlara destek sa\u011flamak amac\u0131yla 85 il ve il\u00e7e halk k\u00fct\u00fcphanesinde Bilgiye Eri\u015fimde Engelli De\u011filsiniz (B\u0130LED) [&hellip;]<\/p>\n","protected":false},"author":1,"featured_media":0,"comment_status":"open","ping_status":"open","sticky":false,"template":"","format":"standard","meta":{"footnotes":""},"categories":[],"tags":[204,848],"class_list":["post-5638","post","type-post","status-publish","format-standard","hentry","tag-bilgiye-erisimde-engelli-degilsiniz-projesi","tag-halk-kutuphaneleri"],"_links":{"self":[{"href":"https:\/\/www.bbyhaber.com\/bby\/wp-json\/wp\/v2\/posts\/5638"}],"collection":[{"href":"https:\/\/www.bbyhaber.com\/bby\/wp-json\/wp\/v2\/posts"}],"about":[{"href":"https:\/\/www.bbyhaber.com\/bby\/wp-json\/wp\/v2\/types\/post"}],"author":[{"embeddable":true,"href":"https:\/\/www.bbyhaber.com\/bby\/wp-json\/wp\/v2\/users\/1"}],"replies":[{"embeddable":true,"href":"https:\/\/www.bbyhaber.com\/bby\/wp-json\/wp\/v2\/comments?post=5638"}],"version-history":[{"count":0,"href":"https:\/\/www.bbyhaber.com\/bby\/wp-json\/wp\/v2\/posts\/5638\/revisions"}],"wp:attachment":[{"href":"https:\/\/www.bbyhaber.com\/bby\/wp-json\/wp\/v2\/media?parent=5638"}],"wp:term":[{"taxonomy":"category","embeddable":true,"href":"https:\/\/www.bbyhaber.com\/bby\/wp-json\/wp\/v2\/categories?post=5638"},{"taxonomy":"post_tag","embeddable":true,"href":"https:\/\/www.bbyhaber.com\/bby\/wp-json\/wp\/v2\/tags?post=5638"}],"curies":[{"name":"wp","href":"https:\/\/api.w.org\/{rel}","templated":true}]}}