{"id":5628,"date":"2012-06-30T08:50:42","date_gmt":"2012-06-30T08:50:42","guid":{"rendered":"http:\/\/www.bbyhaber.com\/bby\/?p=5628"},"modified":"2012-06-30T08:50:52","modified_gmt":"2012-06-30T08:50:52","slug":"mustaki-kutuphane-faaliyetleri","status":"publish","type":"post","link":"https:\/\/www.bbyhaber.com\/bby\/2012\/06\/30\/mustaki-kutuphane-faaliyetleri","title":{"rendered":"Mu\u015f&#8217;taki K\u00fct\u00fcphane Faaliyetleri"},"content":{"rendered":"<p style=\"text-align: justify;\">Halk K\u00fct\u00fcphanesi M\u00fcdiresi Ayg\u00fcl \u00d6ncel \u015eahin, kentteki k\u00fct\u00fcphanenin ulusal ve uluslararas\u0131 standartlara kavu\u015ftu\u011funu s\u00f6yledi. \u015eahin, okuyucular\u0131n k\u00fct\u00fcphaneden verimli \u015fekilde yararlanmas\u0131n\u0131 sa\u011flamaya \u00e7al\u0131\u015ft\u0131klar\u0131n\u0131 belirtti. 8 ay \u00f6nce Mu\u015f&#8217;ta g\u00f6reve ba\u015flad\u0131\u011f\u0131n\u0131 hat\u0131rlatan \u015eahin, \u015funlar\u0131 kaydetti:<!--more--><\/p>\n<p style=\"text-align: justify;\">&#8220;Yeni ve bilimsel bir hizmet anlay\u0131\u015f\u0131 i\u00e7inde, k\u00fct\u00fcphanedeki hizmet salonlar\u0131n\u0131 kullan\u0131c\u0131n\u0131n k\u00fct\u00fcphaneden en verimli \u015fekilde yararlanmas\u0131na olanak sa\u011flayacak \u015fekilde dizayn ettik. Daha \u00f6nce \u00e7ocuk ve yeti\u015fkinlerin ortak kulland\u0131\u011f\u0131 salonu, okul \u00f6ncesi ve ilk\u00f6\u011fretim d\u00fczeyindeki \u00e7ocuklar i\u00e7in d\u00fczenledik. \u00c7ocuklar bas\u0131l\u0131 ve g\u00f6rsel metaryalleri kullanabiliyor. \u0130nternet hizmeti veren 8 bilgisayarla salonu donatt\u0131k. \u00c7ocuk b\u00f6l\u00fcm\u00fc ba\u011f\u0131ms\u0131z bir birim oldu ve k\u00fct\u00fcphanenin giri\u015f kat\u0131na al\u0131nd\u0131. \u00c7ocuklar\u0131n istedikleri \u015fekilde k\u00fct\u00fcphaneye gelip, \u00f6dev, ara\u015ft\u0131rma yapabilecek ve internetten yararlanabilecek. \u00c7ocuklar isterlerse kitaplar\u0131 evlerine g\u00f6t\u00fcrebilecek. \u00c7ocuklar i\u00e7in zengin bir kitap koleksiyonu olu\u015fturduk.&#8221;<\/p>\n<p style=\"text-align: justify;\">K\u00fct\u00fcphane Faaliyetleri<\/p>\n<p style=\"text-align: justify;\">Yeti\u015fkinlere y\u00f6nelik olu\u015fturulan &#8220;\u00d6d\u00fcn\u00e7 Kitap Verme Servisi&#8221;ndeki t\u00fcm raflar\u0131 yenilediklerini belirten \u015eahin, kitaplar\u0131, bilgiye ula\u015f\u0131m\u0131n en k\u0131sa s\u00fcrede olmas\u0131n\u0131 sa\u011flayan, &#8220;DEWEY 10&#8243;lu s\u0131n\u0131flama sistemine g\u00f6re, en ince detaylar\u0131yla yerle\u015ftirdiklerini dile getirdi. \u015eahin, s\u00f6zlerine \u015f\u00f6yle devam etti:<\/p>\n<p style=\"text-align: justify;\">&#8220;Aran\u0131lan kitap k\u00fct\u00fcphane koleksiyonunda bulundu\u011fu s\u00fcrece, ula\u015fmak anlam\u0131nda bir s\u0131k\u0131nt\u0131 ya\u015fanmayacak. S\u00fcreli yay\u0131nlar-dan\u0131\u015fma kaynaklar\u0131 ve internet b\u00f6l\u00fcm\u00fcn\u00fc de yeniledik. Kullan\u0131c\u0131lar bu salondan kesintisiz internet hizmeti alabilecek. Kullan\u0131c\u0131, bakanl\u0131k taraf\u0131ndan g\u00f6nderilen, 125 s\u00fcreli yay\u0131n\u0131 okuyabilmekte, isterlerse \u00f6d\u00fcn\u00e7 alabilmekte, her konuda istedi\u011fi ansiklopedik nitelikte bilgiye en k\u0131sa s\u00fcrede ula\u015fabilmekte. Bu salonda g\u00f6rme engelli ya da \u00e7ok az g\u00f6rebilen kullan\u0131c\u0131lar\u0131n faydalanabilece\u011fi \u00f6zel bir bilgisayar bulunmakta. Ayn\u0131 \u015fekilde braille kitaplar ve sesli kitap denilen i\u015fitsel materyallerde okuyucular\u0131n\u0131 beklemekte. KPSS ve LYS&#8217;ye haz\u0131rlanan doluluk nedeniyle kullan\u0131c\u0131lar\u0131n zaman zaman yer bulamamaktan \u015fikayet etti\u011fi ve t\u00fcm g\u00fcn kullanabilecekleri yakla\u015f\u0131k 180 ki\u015filik et\u00fct salonu k\u00fct\u00fcphanenin 3. kat\u0131nda bulunmakta.&#8221; \u015eahin, \u00f6n\u00fcm\u00fczdeki g\u00fcnlerde, k\u00fct\u00fcphanenin giri\u015f kat\u0131nda bulunan depo ve mutfa\u011f\u0131 birle\u015ftirilerek, &#8220;Engelsiz K\u00fct\u00fcphane&#8221; olu\u015fturacaklar\u0131n\u0131 kaydetti.<\/p>\n<p style=\"text-align: justify;\">Bu b\u00f6l\u00fcm\u00fc a\u00e7may\u0131 \u00e7ok \u00f6nemsediklerini dile getiren \u015eahin, &#8220;Bir g\u00fcn her birimiz engelli olabiliriz ama bilgiye ula\u015f\u0131m\u0131n engeli olmaz, olmamal\u0131. Bu do\u011frultuda k\u00fct\u00fcphaneye giri\u015f \u00e7\u0131k\u0131\u015f\u0131 zorla\u015ft\u0131ran y\u00fcksek kald\u0131r\u0131mlar\u0131 d\u00fczeltece\u011fiz. Binaya ula\u015f\u0131m\u0131 kolayla\u015ft\u0131racak rampalar, g\u00f6rmeyen vatanda\u015flar i\u00e7in tutunacaklar\u0131 t\u0131rabzan yapt\u0131rmay\u0131 planl\u0131yoruz. Yani engellilerin kar\u015f\u0131la\u015fabilece\u011fi t\u00fcm olumsuz ko\u015fullar\u0131 iyile\u015ftirmeyi hedefliyoruz&#8221; diye konu\u015ftu.<\/p>\n<p style=\"text-align: justify;\">Kaynak:http:\/\/www.diyarbakirsoz.com<\/p>\n","protected":false},"excerpt":{"rendered":"<p>Halk K\u00fct\u00fcphanesi M\u00fcdiresi Ayg\u00fcl \u00d6ncel \u015eahin, kentteki k\u00fct\u00fcphanenin ulusal ve uluslararas\u0131 standartlara kavu\u015ftu\u011funu s\u00f6yledi. \u015eahin, okuyucular\u0131n k\u00fct\u00fcphaneden verimli \u015fekilde yararlanmas\u0131n\u0131 sa\u011flamaya \u00e7al\u0131\u015ft\u0131klar\u0131n\u0131 belirtti. 8 ay \u00f6nce Mu\u015f&#8217;ta g\u00f6reve ba\u015flad\u0131\u011f\u0131n\u0131 hat\u0131rlatan \u015eahin, \u015funlar\u0131 kaydetti:<\/p>\n","protected":false},"author":1,"featured_media":0,"comment_status":"open","ping_status":"open","sticky":false,"template":"","format":"standard","meta":{"footnotes":""},"categories":[1],"tags":[848],"class_list":["post-5628","post","type-post","status-publish","format-standard","hentry","category-genel","tag-halk-kutuphaneleri"],"_links":{"self":[{"href":"https:\/\/www.bbyhaber.com\/bby\/wp-json\/wp\/v2\/posts\/5628"}],"collection":[{"href":"https:\/\/www.bbyhaber.com\/bby\/wp-json\/wp\/v2\/posts"}],"about":[{"href":"https:\/\/www.bbyhaber.com\/bby\/wp-json\/wp\/v2\/types\/post"}],"author":[{"embeddable":true,"href":"https:\/\/www.bbyhaber.com\/bby\/wp-json\/wp\/v2\/users\/1"}],"replies":[{"embeddable":true,"href":"https:\/\/www.bbyhaber.com\/bby\/wp-json\/wp\/v2\/comments?post=5628"}],"version-history":[{"count":0,"href":"https:\/\/www.bbyhaber.com\/bby\/wp-json\/wp\/v2\/posts\/5628\/revisions"}],"wp:attachment":[{"href":"https:\/\/www.bbyhaber.com\/bby\/wp-json\/wp\/v2\/media?parent=5628"}],"wp:term":[{"taxonomy":"category","embeddable":true,"href":"https:\/\/www.bbyhaber.com\/bby\/wp-json\/wp\/v2\/categories?post=5628"},{"taxonomy":"post_tag","embeddable":true,"href":"https:\/\/www.bbyhaber.com\/bby\/wp-json\/wp\/v2\/tags?post=5628"}],"curies":[{"name":"wp","href":"https:\/\/api.w.org\/{rel}","templated":true}]}}