{"id":5624,"date":"2012-06-30T08:45:53","date_gmt":"2012-06-30T08:45:53","guid":{"rendered":"http:\/\/www.bbyhaber.com\/bby\/?p=5624"},"modified":"2012-09-07T13:29:37","modified_gmt":"2012-09-07T10:29:37","slug":"muglada-kutuphaneyi-en-cok-kullananlar-odullendirildi","status":"publish","type":"post","link":"https:\/\/www.bbyhaber.com\/bby\/2012\/06\/30\/muglada-kutuphaneyi-en-cok-kullananlar-odullendirildi","title":{"rendered":"Mu\u011fla&#8217;da K\u00fct\u00fcphaneyi En \u00c7ok Kullananlar \u00d6d\u00fcllendirildi"},"content":{"rendered":"<p style=\"text-align: justify;\"><a href=\"http:\/\/www.bbyhaber.com\/bby\/wp-content\/uploads\/2012\/06\/muze-karti.jpg\"><img loading=\"lazy\" decoding=\"async\" class=\"alignleft\" src=\"http:\/\/www.bbyhaber.com\/bby\/wp-content\/uploads\/2012\/06\/muze-karti.jpg\" alt=\"\" width=\"298\" height=\"134\" \/><\/a>Mu\u011fla K\u00fclt\u00fcr ve Turizm M\u00fcd\u00fcrl\u00fc\u011f\u00fc Hoca Mustafa Efendi Halk K\u00fct\u00fcphanesi&#8217;ni en \u00e7ok ziyaret eden 3 ki\u015fiye m\u00fcze kart hediye edildi. Hoca Mustafa Efendi Halk K\u00fct\u00fcphanesi&#8217;nde d\u00fczenlenen t\u00f6renle, bu y\u0131l k\u00fct\u00fcphaneyi en \u00e7ok kullanan Hasan Gezer, Nuray Cing\u00f6z ve \u00d6zlem U\u00e7ar&#8217;a m\u00fcze kartlar\u0131n\u0131 \u0130l K\u00fclt\u00fcr ve Turizm M\u00fcd\u00fcr\u00fc Kamil \u00d6zer verdi. <!--more-->Kamil \u00d6zer, gazetecilere yapt\u0131\u011f\u0131 a\u00e7\u0131klamada, T\u00fcrkiye&#8217;de ve d\u00fcnyada okuyucuyu art\u0131rmak ve insanlarda kitap okuma al\u0131\u015fkanl\u0131\u011f\u0131 kazand\u0131rmak ad\u0131na k\u00fct\u00fcphanelerin ziyaret edilmesini \u00f6nemsediklerini s\u00f6yledi.<\/p>\n<p style=\"text-align: justify;\">K\u00fct\u00fcphane Haftas\u0131&#8217;nda k\u00fct\u00fcphanede en \u00e7ok kitap okuyanlar\u0131n \u00f6d\u00fcllendirildi\u011fini hat\u0131rlatan \u00d6zer, hafta kapsam\u0131nda bir \u00e7ok ki\u015fiye hediye verdiklerini, bug\u00fcn ise k\u00fct\u00fcphaneyi en \u00e7ok kullanan 3 ki\u015fiye m\u00fcze kart hediye ettiklerini ifade etti. \u00d6zer, bu yolla vatanda\u015flar\u0131 hem kitap okumaya hemde m\u00fcze ve \u00f6ren yerlerini ziyaret etmeye \u00f6zendirdiklerini belirtti.<\/p>\n<p style=\"text-align: justify;\">Mu\u011fla&#8217;da 3 ki\u015fiye m\u00fcze kart hediye edildi\u011fini, ancak bunun T\u00fcrkiye olarak ele al\u0131nd\u0131\u011f\u0131nda rakam\u0131n k\u00fc\u00e7\u00fcmsenemeyecek kadar b\u00fcy\u00fck oldu\u011funu anlatan \u00d6zer,<\/p>\n<p style=\"text-align: justify;\">&#8220;Gen\u00e7, ya\u015fl\u0131 herkesi k\u00fct\u00fcphaneye daha \u00e7ok ziyaret etmeye ve binlerce y\u0131ll\u0131k k\u00fclt\u00fcrel miras\u0131m\u0131z\u0131 daha iyi \u00f6\u011frenmeleri i\u00e7in m\u00fczeleri gezmeye davet ediyorum. Ge\u00e7mi\u015fimizi iyi bilirsek gelecekten de kendimize ders \u00e7\u0131kart\u0131r\u0131z&#8221; dedi.<\/p>\n<p style=\"text-align: justify;\">Kamil \u00d6zer, 2011 y\u0131l\u0131nda Mu\u011fla&#8217;daki m\u00fcze ve \u00f6ren yerlerini 900 bin ki\u015finin ziyaret etti\u011fini, bu y\u0131l may\u0131s ay\u0131 itibariyle m\u00fcze ve \u00f6ren yerlerine yap\u0131lan ziyaret say\u0131s\u0131n\u0131n hen\u00fcz 80 binde oldu\u011funu s\u00f6yledi.<\/p>\n<p style=\"text-align: justify;\">Ge\u00e7en y\u0131l Mu\u011fla&#8217;da 17 bin m\u00fcze kart sat\u0131ld\u0131\u011f\u0131na i\u015faret eden \u00d6zer, Mu\u011fla&#8217;daki m\u00fcze ve \u00f6ren yerlerini m\u00fcze kartla ziyaret eden vatanda\u015flar\u0131n say\u0131s\u0131n\u0131n ise 73 bin oldu\u011funu dile getirdi.<\/p>\n<p style=\"text-align: justify;\">-2 Haftada 6 kitap okuyor-<\/p>\n<p style=\"text-align: justify;\">K\u00fct\u00fcphaneyi en \u00e7ok kullananlardan emekli Hasan Gezer ise \u00e7ocuklu\u011fundan beri kitap okumay\u0131 \u00e7ok sevdi\u011fini, \u00e7al\u0131\u015ft\u0131\u011f\u0131 y\u0131llarda kitap okumaya fazla vakit bulamasa da emekli olduktan sonra kahveye gitmektense kitap okumay\u0131 tercih etti\u011fini anlatt\u0131.<\/p>\n<p style=\"text-align: justify;\">Gezer, k\u00fct\u00fcphanede 15 g\u00fcn i\u00e7in 3 kitap verildi\u011fini, e\u015fini de k\u00fct\u00fcphaneye kay\u0131t ettirerek e\u015fi yerine de 3 kitap al\u0131p 2 haftada 6 kitap okudu\u011funu s\u00f6zlerine ekledi.<\/p>\n<p style=\"text-align: justify;\">Muhabir: Utku U\u00e7rak<\/p>\n<p style=\"text-align: justify;\">Yay\u0131nc\u0131: H\u0131z\u0131r Hac\u0131saliho\u011flu &#8211; Mu\u011fla<\/p>\n<p style=\"text-align: justify;\">Kaynak: http:\/\/www.haberler.com<\/p>\n","protected":false},"excerpt":{"rendered":"<p>Mu\u011fla K\u00fclt\u00fcr ve Turizm M\u00fcd\u00fcrl\u00fc\u011f\u00fc Hoca Mustafa Efendi Halk K\u00fct\u00fcphanesi&#8217;ni en \u00e7ok ziyaret eden 3 ki\u015fiye m\u00fcze kart hediye edildi. Hoca Mustafa Efendi Halk K\u00fct\u00fcphanesi&#8217;nde d\u00fczenlenen t\u00f6renle, bu y\u0131l k\u00fct\u00fcphaneyi en \u00e7ok kullanan Hasan Gezer, Nuray Cing\u00f6z ve \u00d6zlem U\u00e7ar&#8217;a m\u00fcze kartlar\u0131n\u0131 \u0130l K\u00fclt\u00fcr ve Turizm M\u00fcd\u00fcr\u00fc Kamil \u00d6zer verdi.<\/p>\n","protected":false},"author":1,"featured_media":0,"comment_status":"open","ping_status":"open","sticky":false,"template":"","format":"standard","meta":{"footnotes":""},"categories":[],"tags":[848,301],"class_list":["post-5624","post","type-post","status-publish","format-standard","hentry","tag-halk-kutuphaneleri","tag-muzekart"],"_links":{"self":[{"href":"https:\/\/www.bbyhaber.com\/bby\/wp-json\/wp\/v2\/posts\/5624"}],"collection":[{"href":"https:\/\/www.bbyhaber.com\/bby\/wp-json\/wp\/v2\/posts"}],"about":[{"href":"https:\/\/www.bbyhaber.com\/bby\/wp-json\/wp\/v2\/types\/post"}],"author":[{"embeddable":true,"href":"https:\/\/www.bbyhaber.com\/bby\/wp-json\/wp\/v2\/users\/1"}],"replies":[{"embeddable":true,"href":"https:\/\/www.bbyhaber.com\/bby\/wp-json\/wp\/v2\/comments?post=5624"}],"version-history":[{"count":0,"href":"https:\/\/www.bbyhaber.com\/bby\/wp-json\/wp\/v2\/posts\/5624\/revisions"}],"wp:attachment":[{"href":"https:\/\/www.bbyhaber.com\/bby\/wp-json\/wp\/v2\/media?parent=5624"}],"wp:term":[{"taxonomy":"category","embeddable":true,"href":"https:\/\/www.bbyhaber.com\/bby\/wp-json\/wp\/v2\/categories?post=5624"},{"taxonomy":"post_tag","embeddable":true,"href":"https:\/\/www.bbyhaber.com\/bby\/wp-json\/wp\/v2\/tags?post=5624"}],"curies":[{"name":"wp","href":"https:\/\/api.w.org\/{rel}","templated":true}]}}