{"id":5570,"date":"2012-06-27T18:30:57","date_gmt":"2012-06-27T18:30:57","guid":{"rendered":"http:\/\/www.bbyhaber.com\/bby\/?p=5570"},"modified":"2012-09-07T12:56:59","modified_gmt":"2012-09-07T09:56:59","slug":"erzurumlu-emrah-edebiyat-muze-kutuphanesi-aciliyor","status":"publish","type":"post","link":"https:\/\/www.bbyhaber.com\/bby\/2012\/06\/27\/erzurumlu-emrah-edebiyat-muze-kutuphanesi-aciliyor","title":{"rendered":"Erzurumlu Emrah Edebiyat M\u00fcze K\u00fct\u00fcphanesi A\u00e7\u0131l\u0131yor"},"content":{"rendered":"<p style=\"text-align: justify;\">Erzurumlu Emrah Edebiyat M\u00fcze K\u00fct\u00fcphanesi Ba\u015fbakan Recep Tayyip Erdo\u011fan taraf\u0131ndan a\u00e7\u0131lacak. AK Parti \u0130l kongresi i\u00e7in 29 Haziran Cuma g\u00fcn\u00fc Erzurum\u2019a gelecek olan Ba\u015fbakan Erdo\u011fan toplu a\u00e7\u0131l\u0131\u015f t\u00f6reninde M\u00fcze k\u00fct\u00fcphanenin de a\u00e7\u0131l\u0131\u015f\u0131n\u0131 ger\u00e7ekle\u015ftirecek. Asl\u0131na uygun olarak restore edilen ve \u00e7evre d\u00fczenlemesi yapt\u0131r\u0131lan eski Askeri Hamam binas\u0131nda hizmet verecek olan m\u00fcze k\u00fct\u00fcphanede, k\u00fct\u00fcphaneler arac\u0131l\u0131\u011f\u0131yla edebiyat \u00fcretimine ve T\u00fcrkiye\u2019nin yaz\u0131nsal \u00e7ekicili\u011finin y\u00fckselmesine katk\u0131 yap\u0131lmas\u0131 ama\u00e7lan\u0131yor.<!--more--><\/p>\n<p style=\"text-align: justify;\">\u00a0Erzurumlu Emrah Edebiyat M\u00fcze K\u00fct\u00fcphanesi\u2019nde, Edebiyat M\u00fcze K\u00fct\u00fcphanesine ad\u0131n\u0131 veren Erzurumlu Emrah\u2019\u0131n yan\u0131 s\u0131ra, \u0130brahim Hakk\u0131 Hazretleri ile Nefi divanlar\u0131n\u0131n ve Erzurum\u2019da \u00fcretilmi\u015f baz\u0131 yazma eserlerinin t\u0131pk\u0131bas\u0131mlar\u0131 ile Erzurum ve \u00e7evre illerde ya\u015fayan yazarlar\u0131n eserlerinden olu\u015fan \u00f6zel bir koleksiyon bulunuyor.<\/p>\n<p style=\"text-align: justify;\">\u00a0Erzurumlu Emrah Edebiyat M\u00fcze K\u00fct\u00fcphanesi\u2019nde, bug\u00fcne de\u011fin edebiyat ve sanat alanlar\u0131nda \u00e7e\u015fitli \u00f6d\u00fcller alm\u0131\u015f kitaplar\u0131n sergilenece\u011fi bir alan da bulunacak.<\/p>\n<p style=\"text-align: justify;\">\u00a0M\u00fcze k\u00fct\u00fcphanesi y\u00f6neticilerince yap\u0131lan a\u00e7\u0131klamada,\u201dEdebiyat tarihimizin se\u00e7kin 59 dergisinin kapaklar\u0131n\u0131n t\u0131pk\u0131bas\u0131mlar\u0131 yap\u0131larak, sergilenmi\u015ftir. Erzurumlu Emrah Edebiyat M\u00fcze K\u00fct\u00fcphanesi\u2019nde Erzurum\u2019da yay\u0131mlanm\u0131\u015f 23 s\u00fcreli yay\u0131n\u0131n dijital kopyalar\u0131ndan olu\u015fan koleksiyona da eri\u015filebilir. Ayr\u0131ca Erzurum Kent Kitapl\u0131\u011f\u0131 b\u00f6l\u00fcm\u00fcnde konular\u0131 Erzurum\u2019la ilgili 400\u2019e yak\u0131n eser bulunmaktad\u0131r. Bakanl\u0131\u011f\u0131m\u0131zca T\u00fcrk Edebiyat\u0131n\u0131n D\u0131\u015fa A\u00e7\u0131l\u0131m\u0131 (TEDA) \u00e7al\u0131\u015fmalar\u0131 \u00e7er\u00e7evesinde, ba\u015fka dillerde yay\u0131mlanan t\u00fcm eserler yine bu k\u00fct\u00fcphanede okuyuculara sunulmu\u015ftur.<\/p>\n<p style=\"text-align: justify;\">\u00a0En \u00f6nemli k\u00fclt\u00fcrel yap\u0131lardan biri olan k\u00fct\u00fcphanelerin temel i\u015flevi, bilgi kaynaklar\u0131n\u0131n izlenmesi, derlenmesi, tan\u0131mlanmas\u0131 gibi teknik bir dizi i\u015flemden sonra halk\u0131n yarar\u0131na sunulmas\u0131d\u0131r. \u00c7a\u011f\u0131m\u0131zda \u00fcretim ve t\u00fcketim ili\u015fkileri yeniden bi\u00e7imlenmektedir. Di\u011fer kurumlarda oldu\u011fu gibi, k\u00fct\u00fcphaneler de bu de\u011fi\u015fimden etkilenmektedir. Dolay\u0131s\u0131yla geleneksel k\u00fct\u00fcphane kavram\u0131n\u0131n yan\u0131 s\u0131ra, farkl\u0131 i\u00e7erik ve anlamlara sahip yeni k\u00fct\u00fcphane kavramlar\u0131n\u0131n olu\u015fturulmas\u0131 gereklili\u011fi ortaya \u00e7\u0131km\u0131\u015ft\u0131r.<\/p>\n<p style=\"text-align: justify;\">\u00a0D\u00fcnyan\u0131n \u00e7e\u015fitli \u00fclkelerinde, tan\u0131nm\u0131\u015f yazarlar ad\u0131na a\u00e7\u0131lm\u0131\u015f edebiyat evleri veya edebiyat m\u00fczeleri bulunmaktad\u0131r. B\u00fcnyelerinde g\u00fcncel, estetik ve edebi yap\u0131tlar\u0131n yan\u0131 s\u0131ra el yazmas\u0131 veya nadir basma eserler de bulunan bu yap\u0131lar, bulunduklar\u0131 kentin, edebi ve estetik k\u00fclt\u00fcr\u00fcn\u00fc geli\u015ftirmektedirler.<\/p>\n<p style=\"text-align: justify;\">\u00a0Bu do\u011frultuda m\u00fcze k\u00fct\u00fcphanecili\u011fi felsefesine uygun materyal ile donat\u0131lm\u0131\u015f; yazarlara, ele\u015ftirmenlere, yay\u0131nc\u0131lara, \u00e7evirmenlere, edebiyatla ilgili sivil toplum kurulu\u015flar\u0131na ve t\u00fcm okuyuculara hizmet veren; yeni bir k\u00fclt\u00fcrel konsept olarak ele al\u0131nan Edebiyat M\u00fcze K\u00fct\u00fcphaneleri tasarlanm\u0131\u015ft\u0131r. Amac\u0131m\u0131z k\u00fct\u00fcphaneler arac\u0131l\u0131\u011f\u0131yla edebiyat \u00fcretimine ve T\u00fcrkiye\u2019nin yaz\u0131nsal \u00e7ekicili\u011finin y\u00fckselmesine katk\u0131 yapmakt\u0131r.<\/p>\n<p style=\"text-align: justify;\">\u00a0Dermelerinde bulunan t\u0131pk\u0131bas\u0131mlar ve yazarlara ait objeler (kalem, daktilo vb. ara\u00e7-gere\u00e7ler) ve sergiler Edebiyat M\u00fcze K\u00fct\u00fcphanelerinin m\u00fcze boyutunu; dermesinde bulunan 20. y\u00fczy\u0131ldan itibaren T\u00fcrk edebiyat\u0131 \u00fcst ba\u015fl\u0131\u011f\u0131 alt\u0131nda toplanan her t\u00fcrden yaz\u0131nsal yap\u0131t ile \u0130l Halk k\u00fct\u00fcphanelerine ba\u011fl\u0131 \u201cUzmanl\u0131k K\u00fct\u00fcphaneleri\u201d olarak hizmet vermeleri ise k\u00fct\u00fcphane boyutunu olu\u015fturmaktad\u0131r. B\u00f6ylece Edebiyat M\u00fcze K\u00fct\u00fcphaneleri, edebiyat sisteminin unsurlar\u0131 olan yazar, yay\u0131mc\u0131, okuyucu, ele\u015ftirmen ve edebiyat dergicileri aras\u0131ndaki ileti\u015fimin ve etkile\u015fimin ger\u00e7ekle\u015fti\u011fi ortamlar olarak hizmet \u00fcretmektedir.<\/p>\n<p style=\"text-align: justify;\">Daha \u00f6nce hizmete a\u00e7\u0131lan Ankara\u2019da Mehmet Akif Ersoy, Adana\u2019da Karacao\u011flan, \u0130stanbul\u2019da Ahmet Hamdi TANPINAR, Diyarbak\u0131r\u2019da Ahmed AR\u0130F Edebiyat M\u00fcze K\u00fct\u00fcphanelerinin verdi\u011fi hizmetler memnuniyetle kar\u015f\u0131lanmakta ve b\u00fcy\u00fck ilgi g\u00f6rmektedir.<\/p>\n<p style=\"text-align: justify;\">K\u00fctahya\u2019da Evliya \u00c7elebi Edebiyat M\u00fcze K\u00fct\u00fcphanesi\u2019nin haz\u0131rl\u0131k \u00e7al\u0131\u015fmalar\u0131 s\u00fcrd\u00fcr\u00fclmektedir. \u0130zmir\u2019de Attila \u0130lhan ad\u0131na ve Trabzon\u2019da Bedri Rahmi Ey\u00fcbo\u011flu ad\u0131na Edebiyat M\u00fcze K\u00fct\u00fcphanesi olu\u015fturmak \u00fczere uygun bina aray\u0131\u015f\u0131m\u0131z s\u00fcrmektedir.<\/p>\n<p style=\"text-align: justify;\">\u00a0Erzurumlu Emrah Edebiyat M\u00fcze K\u00fct\u00fcphanesi\u2019nde, bine yak\u0131n yazar\u0131n edebiyat ve edebiyat kuram\u0131na ili\u015fkin yakla\u015f\u0131k 5 bin kitap ve kitap d\u0131\u015f\u0131 materyal bulunmaktad\u0131r. T\u00fcrkiye\u2019de yay\u0131mlanan 87 edebiyat ve sanat ile ilgili s\u00fcreli yay\u0131n\u0131n bas\u0131l\u0131 versiyonlar\u0131na eri\u015fim olana\u011f\u0131 vard\u0131r.\u201d<\/p>\n<p style=\"text-align: justify;\">Kaynak: http:\/\/www.erzurumgazetesi.com.tr<\/p>\n","protected":false},"excerpt":{"rendered":"<p>Erzurumlu Emrah Edebiyat M\u00fcze K\u00fct\u00fcphanesi Ba\u015fbakan Recep Tayyip Erdo\u011fan taraf\u0131ndan a\u00e7\u0131lacak. AK Parti \u0130l kongresi i\u00e7in 29 Haziran Cuma g\u00fcn\u00fc Erzurum\u2019a gelecek olan Ba\u015fbakan Erdo\u011fan toplu a\u00e7\u0131l\u0131\u015f t\u00f6reninde M\u00fcze k\u00fct\u00fcphanenin de a\u00e7\u0131l\u0131\u015f\u0131n\u0131 ger\u00e7ekle\u015ftirecek. Asl\u0131na uygun olarak restore edilen ve \u00e7evre d\u00fczenlemesi yapt\u0131r\u0131lan eski Askeri Hamam binas\u0131nda hizmet verecek olan m\u00fcze k\u00fct\u00fcphanede, k\u00fct\u00fcphaneler arac\u0131l\u0131\u011f\u0131yla edebiyat \u00fcretimine [&hellip;]<\/p>\n","protected":false},"author":1,"featured_media":0,"comment_status":"open","ping_status":"open","sticky":false,"template":"","format":"standard","meta":{"footnotes":""},"categories":[1572,71],"tags":[],"class_list":["post-5570","post","type-post","status-publish","format-standard","hentry","category-edebiyat-ve-muze-kutuphaneleri","category-muze-kutuphaneleri-2"],"_links":{"self":[{"href":"https:\/\/www.bbyhaber.com\/bby\/wp-json\/wp\/v2\/posts\/5570"}],"collection":[{"href":"https:\/\/www.bbyhaber.com\/bby\/wp-json\/wp\/v2\/posts"}],"about":[{"href":"https:\/\/www.bbyhaber.com\/bby\/wp-json\/wp\/v2\/types\/post"}],"author":[{"embeddable":true,"href":"https:\/\/www.bbyhaber.com\/bby\/wp-json\/wp\/v2\/users\/1"}],"replies":[{"embeddable":true,"href":"https:\/\/www.bbyhaber.com\/bby\/wp-json\/wp\/v2\/comments?post=5570"}],"version-history":[{"count":0,"href":"https:\/\/www.bbyhaber.com\/bby\/wp-json\/wp\/v2\/posts\/5570\/revisions"}],"wp:attachment":[{"href":"https:\/\/www.bbyhaber.com\/bby\/wp-json\/wp\/v2\/media?parent=5570"}],"wp:term":[{"taxonomy":"category","embeddable":true,"href":"https:\/\/www.bbyhaber.com\/bby\/wp-json\/wp\/v2\/categories?post=5570"},{"taxonomy":"post_tag","embeddable":true,"href":"https:\/\/www.bbyhaber.com\/bby\/wp-json\/wp\/v2\/tags?post=5570"}],"curies":[{"name":"wp","href":"https:\/\/api.w.org\/{rel}","templated":true}]}}