{"id":5542,"date":"2012-06-26T10:37:30","date_gmt":"2012-06-26T07:37:30","guid":{"rendered":"http:\/\/www.bbyhaber.com\/bby\/?p=5542"},"modified":"2013-01-14T13:12:23","modified_gmt":"2013-01-14T11:12:23","slug":"11-bin-osmanlica-eser-icin-kutuphane-binasi-araniyor","status":"publish","type":"post","link":"https:\/\/www.bbyhaber.com\/bby\/2012\/06\/26\/11-bin-osmanlica-eser-icin-kutuphane-binasi-araniyor","title":{"rendered":"11 Bin Osmanl\u0131ca Eser \u0130\u00e7in K\u00fct\u00fcphane Binas\u0131 Aran\u0131yor"},"content":{"rendered":"<p style=\"text-align: justify;\">Bal\u0131kesir&#8217;de, aralar\u0131nda \u00e7ok \u00f6nemli kaynak kitaplar\u0131n da yer ald\u0131\u011f\u0131 11 bin civar\u0131nda Osmanl\u0131ca eser i\u00e7in yer aran\u0131yor. Osmanl\u0131 d\u00f6nemine ait \u00f6nemli el yazmas\u0131 eserlerin yer ald\u0131\u011f\u0131 Bal\u0131kesir El Yazmas\u0131 Eserler K\u00fct\u00fcphanesi i\u00e7in hizmet binas\u0131 ve yeterli personel bulunamad\u0131. Bu y\u00fczden pasif bir konumda bekleyen k\u00fct\u00fcphane, Tekel Ba\u015fm\u00fcd\u00fcrl\u00fc\u011f\u00fc eski binas\u0131 ve Bal\u0131kesir Ticaret Odas\u0131&#8217;n\u0131n ta\u015f binas\u0131na olumsuz cevap al\u0131nmas\u0131yla ba\u015fka se\u00e7eneklere y\u00f6neldi.<!--more--><\/p>\n<p style=\"text-align: justify;\">11 bin civar\u0131nda Osmanl\u0131ca eseri akademik \u00e7evrelerin kullanmas\u0131 i\u00e7in bir an \u00f6nce hizmet binas\u0131na kavu\u015fmak istediklerini belirten El Yazmas\u0131 Eserler K\u00fct\u00fcphanesi \u0130l M\u00fcd\u00fcr\u00fc \u015eahin Gergin, Necatibey E\u011fitim Fak\u00fcltesi bah\u00e7esinde bulunan eski rekt\u00f6rl\u00fck binas\u0131n\u0131n uygun oldu\u011funu kaydetti. Ge\u00e7en ocak ay\u0131nda atanmas\u0131na ra\u011fmen bina ve personel yetersizli\u011finden dolay\u0131 eserleri devralamayan M\u00fcd\u00fcr Gergin, bu belirsizli\u011fin bir an \u00f6nce \u00e7\u00f6z\u00fclmesini istiyor. El Yazmas\u0131 Eserler K\u00fct\u00fcphanesi hakk\u0131nda bilgi veren Gergin, &#8220;2010 Kas\u0131m ay\u0131nda, T\u00fcrkiye Yazma Eserler Kurumu Ba\u015fkanl\u0131\u011f\u0131 kurulu\u015f ve g\u00f6revleriyle ilgili bir yasa \u00e7\u0131kar\u0131ld\u0131. T\u00fcrkiye&#8217;de, Osmanl\u0131ca matbaalarda bas\u0131lm\u0131\u015f ve hattatlar\u0131n elinden \u00e7\u0131kar\u0131lm\u0131\u015f eserlerin il halk k\u00fct\u00fcphaneleri b\u00fcnyesinde ayr\u0131larak ayr\u0131 k\u00fct\u00fcphane olu\u015fumunu ama\u00e7layan bir yasad\u0131r. T\u00fcrkiye genelinde 14 ilde bu k\u00fct\u00fcphanelerden kurulmas\u0131 kararla\u015ft\u0131r\u0131ld\u0131. Bu 14 ilde, 23 k\u00fct\u00fcphane bulunuyor. Sekizi \u0130stanbul&#8217;da, di\u011ferleri Anadolu&#8217;da. Bu 14 vilayetin i\u00e7erisinde Bal\u0131kesir yoktu. Bal\u0131kesir&#8217;in ileri gelenlerinin zorlamas\u0131 ve siyasilerin devreye girmesiyle 26 A\u011fustos 2011 tarihinde Bakanlar Kurulu karar\u0131yla Bal\u0131kesir&#8217;de de yazma eserler k\u00fct\u00fcphanesi kurulmas\u0131na karar verildi.&#8221; dedi.<\/p>\n<p style=\"text-align: justify;\">K\u00fct\u00fcphanenin tek \u00e7al\u0131\u015fan\u0131<\/p>\n<p style=\"text-align: justify;\">Ocak ay\u0131nda atand\u0131ktan sonra k\u00fct\u00fcphanenin kurumla\u015fmas\u0131 i\u00e7in yetkililerle g\u00f6r\u00fc\u015fmelerde bulundu\u011funu dile getiren \u0130l M\u00fcd\u00fcr\u00fc \u015eahin Gergin, k\u00fct\u00fcphanenin tek \u00e7al\u0131\u015fan\u0131n\u0131n kendisi oldu\u011funa dikkat \u00e7ekti. Bal\u0131kesir \u0130l Halk K\u00fct\u00fcphanesi&#8217;nde kendisine verilen bir odada g\u00f6revini s\u00fcrd\u00fcrmeye \u00e7al\u0131\u015fan Gergin, korunan 11 bin el yazmas\u0131 eserle birlikte hizmet binas\u0131 probleminin \u00e7\u00f6z\u00fclmesini bekliyor. Gergin, \u015funlar\u0131 kaydetti: &#8220;Yazma eser k\u00fct\u00fcphanesinin, koleksiyonunu ayr\u0131 bir halk k\u00fct\u00fcphanesi i\u00e7inde ayr\u0131 bir binaya ta\u015f\u0131mas\u0131 gerekiyor. Ayr\u0131 bir kurum oldu\u011fu i\u00e7in ayr\u0131 hizmet binas\u0131 olmal\u0131. Bu sorunu a\u015fmak i\u00e7in birtak\u0131m giri\u015fimlerde bulunduk. \u0130stanbul B\u00f6lge M\u00fcd\u00fcrl\u00fc\u011f\u00fc&#8217;nden, T\u00fcrkiye Yazma Eserler Kurumu Ba\u015fkanl\u0131\u011f\u0131&#8217;ndan yetkilileri buraya getirme f\u0131rsat\u0131m\u0131z oldu. Baz\u0131 binalar\u0131 g\u00f6rme f\u0131rsat\u0131m\u0131z da oldu. Bizim be\u011fendi\u011fimiz binalar\u0131n kurumumuzun hizmetine girmesi, mal sahibi ki\u015fi ve kurumlar\u0131n r\u0131zas\u0131na kalm\u0131\u015f. Bu s\u00fcreci hen\u00fcz tamamlam\u0131\u015f de\u011filiz. Bu istedi\u011fimiz binalar\u0131n tahsisini sa\u011flayacak g\u00f6r\u00fc\u015fmeler devam ediyor.&#8221;<\/p>\n<p style=\"text-align: justify;\">Yazma eserler k\u00fct\u00fcphanelerinin kurulmas\u0131yla k\u00fct\u00fcphane anlay\u0131\u015f\u0131n\u0131n de\u011fi\u015fti\u011fini kaydeden \u015eahin Gergin, &#8220;Yazma eserler k\u00fct\u00fcphanesi, halk k\u00fct\u00fcphanesi de\u011fil. Buray\u0131 Osmanl\u0131ca okuyabilen akademisyenler, \u00f6\u011frenciler ve ara\u015ft\u0131rmac\u0131lar kullanacak. Necatibey E\u011fitim Fak\u00fcltesi&#8217;ndeki eski rekt\u00f6rl\u00fck binas\u0131, yine \u00fcniversiteye hizmet verecek. \u00dcniversite d\u0131\u015f\u0131ndan talebin yok denecek kadar az olaca\u011f\u0131n\u0131 tahmin ediyoruz. \u00c7ok uygun olaca\u011f\u0131 kanaatindeyim. Ben bu kuruma m\u00fcd\u00fcr olarak atand\u0131m. \u0130l Halk K\u00fct\u00fcphanesi&#8217;nin bana verdi\u011fi bilgilere g\u00f6re 2 bin 700&#8217;\u00fcn \u00fczerinde yazma eser var. Bunun \u00fc\u00e7 misli, 8-9 bin civar\u0131nda matbu eser var. Toplam 11 binin \u00fczerindeki eserimizin 6&#8217;s\u0131 \u00fcnit, yani t\u00fcr\u00fcn\u00fcn tek \u00f6rne\u011fidir. Ben \u00fcniversiteye, 11 bin adet Osmanl\u0131ca eserleri ayaklar\u0131na getirmeyi teklif ediyorum.&#8221; \u015feklinde konu\u015ftu.<\/p>\n<p style=\"text-align: justify;\">Kaynak: http:\/\/www.haberimport.com<\/p>\n","protected":false},"excerpt":{"rendered":"<p>Bal\u0131kesir&#8217;de, aralar\u0131nda \u00e7ok \u00f6nemli kaynak kitaplar\u0131n da yer ald\u0131\u011f\u0131 11 bin civar\u0131nda Osmanl\u0131ca eser i\u00e7in yer aran\u0131yor. Osmanl\u0131 d\u00f6nemine ait \u00f6nemli el yazmas\u0131 eserlerin yer ald\u0131\u011f\u0131 Bal\u0131kesir El Yazmas\u0131 Eserler K\u00fct\u00fcphanesi i\u00e7in hizmet binas\u0131 ve yeterli personel bulunamad\u0131. Bu y\u00fczden pasif bir konumda bekleyen k\u00fct\u00fcphane, Tekel Ba\u015fm\u00fcd\u00fcrl\u00fc\u011f\u00fc eski binas\u0131 ve Bal\u0131kesir Ticaret Odas\u0131&#8217;n\u0131n ta\u015f binas\u0131na [&hellip;]<\/p>\n","protected":false},"author":1,"featured_media":0,"comment_status":"open","ping_status":"open","sticky":false,"template":"","format":"standard","meta":{"footnotes":""},"categories":[1500,1509],"tags":[438,1441],"class_list":["post-5542","post","type-post","status-publish","format-standard","hentry","category-nadir-eserler","category-yazma-eserler","tag-el-yazmalari","tag-yazma-eser-kutuphaneleri"],"_links":{"self":[{"href":"https:\/\/www.bbyhaber.com\/bby\/wp-json\/wp\/v2\/posts\/5542"}],"collection":[{"href":"https:\/\/www.bbyhaber.com\/bby\/wp-json\/wp\/v2\/posts"}],"about":[{"href":"https:\/\/www.bbyhaber.com\/bby\/wp-json\/wp\/v2\/types\/post"}],"author":[{"embeddable":true,"href":"https:\/\/www.bbyhaber.com\/bby\/wp-json\/wp\/v2\/users\/1"}],"replies":[{"embeddable":true,"href":"https:\/\/www.bbyhaber.com\/bby\/wp-json\/wp\/v2\/comments?post=5542"}],"version-history":[{"count":0,"href":"https:\/\/www.bbyhaber.com\/bby\/wp-json\/wp\/v2\/posts\/5542\/revisions"}],"wp:attachment":[{"href":"https:\/\/www.bbyhaber.com\/bby\/wp-json\/wp\/v2\/media?parent=5542"}],"wp:term":[{"taxonomy":"category","embeddable":true,"href":"https:\/\/www.bbyhaber.com\/bby\/wp-json\/wp\/v2\/categories?post=5542"},{"taxonomy":"post_tag","embeddable":true,"href":"https:\/\/www.bbyhaber.com\/bby\/wp-json\/wp\/v2\/tags?post=5542"}],"curies":[{"name":"wp","href":"https:\/\/api.w.org\/{rel}","templated":true}]}}