{"id":5537,"date":"2012-06-26T10:26:51","date_gmt":"2012-06-26T10:26:51","guid":{"rendered":"http:\/\/www.bbyhaber.com\/bby\/?p=5537"},"modified":"2012-06-26T10:31:03","modified_gmt":"2012-06-26T10:31:03","slug":"manavgat-ilce-halk-kutuphanesi-yaylada-kitap-okutma-projesi-yaykop","status":"publish","type":"post","link":"https:\/\/www.bbyhaber.com\/bby\/2012\/06\/26\/manavgat-ilce-halk-kutuphanesi-yaylada-kitap-okutma-projesi-yaykop","title":{"rendered":"Manavgat \u0130l\u00e7e Halk K\u00fct\u00fcphanesi Yaylada Kitap Okutma projesi  (YAYKOP)"},"content":{"rendered":"<p style=\"text-align: justify;\"><a href=\"http:\/\/www.manavgat.gov.tr\/proje\/maxYAYKOP.jpg\"><img loading=\"lazy\" decoding=\"async\" class=\"alignleft\" src=\"http:\/\/www.manavgat.gov.tr\/proje\/maxYAYKOP.jpg\" alt=\"\" width=\"228\" height=\"134\" \/><\/a>T.C.<br \/>\nMANAVGAT KAYMAKAMLI\u011eI<br \/>\nManavgat \u0130l\u00e7e Halk K\u00fct\u00fcphanesi M\u00fcd\u00fcrl\u00fc\u011f\u00fc<\/p>\n<p style=\"text-align: justify;\">Manavgat \u0130l\u00e7e Halk K\u00fct\u00fcphanesi Yaylada Kitap Okutma projesi\u00a0 (YAYKOP)<\/p>\n<p style=\"text-align: justify;\"><span style=\"color: #0000ff;\"><strong>GEREK\u00c7E<!--more--><\/strong><\/span><\/p>\n<p style=\"text-align: justify;\">Devlet her zaman halk\u0131na hizmet i\u00e7in vard\u0131r. B\u00f6lgemizde \u00f6zellikle y\u00f6r\u00fck k\u00f6ylerin de ya\u015fayan yerle\u015fik halk\u0131n b\u00fcy\u00fck \u00e7o\u011funlu\u011fu yaz ba\u015f\u0131nda yaylalara \u00e7\u0131kmakta. Ekim ba\u015f\u0131na kadar yaylada kalmaktad\u0131r. Bu s\u00fcre i\u00e7erisinde yaylada ya\u015fayan halk\u0131m\u0131z nispeten kentten kopuk ya\u015famakta.<\/p>\n<p style=\"text-align: justify;\">Her ne kadar yaylalar\u0131m\u0131zda teknoloji alt yap\u0131s\u0131 olsa da ula\u015f\u0131m sorunu y\u00fcz\u00fcnden s\u00fcrekli bir ileti\u015fim olmamakta. Bu nedenle Halk K\u00fct\u00fcphanesi M\u00fcd\u00fcrl\u00fc\u011f\u00fc taraf\u0131ndan temin edilen kitaplar 15 g\u00fcnl\u00fck s\u00fcrelerle il\u00e7enin kalabal\u0131k yayalar\u0131na g\u00f6t\u00fcr\u00fclerek orada ya\u015fayan halk\u0131m\u0131za k\u00fct\u00fcphane hizmeti sunmak.<\/p>\n<p style=\"text-align: justify;\">Hizmette s\u0131n\u0131r yoktur d\u00fc\u015f\u00fcncesiyle insanlar\u0131m\u0131z\u0131 okumaya y\u00f6nlendirmek m\u00fcd\u00fcrl\u00fc\u011f\u00fcm\u00fcz\u00fc, dolay\u0131s\u0131yla il\u00e7emizi il\u00e7emizin yaylalar\u0131n\u0131 \u00fclkemize \u00f6rnek olarak sunmakt\u0131r.<\/p>\n<p style=\"text-align: justify;\"><span style=\"color: #0000ff;\"><strong>PROJEN\u0130N \u00d6ZET\u0130<\/strong><\/span><\/p>\n<p style=\"text-align: justify;\">\u0130l\u00e7emiz k\u00fclt\u00fcr\u00fc i\u00e7erisinde \u00f6nemli bir yeri olan yayla k\u00fclt\u00fcr\u00fcnden dolay\u0131 yaz ba\u015f\u0131nda \u00f6zellikle Y\u00f6r\u00fck k\u00f6yleri yaylalara \u00e7\u0131kmakta. Y\u0131l\u0131n yakla\u015f\u0131k olarak 4-5 ay\u0131n\u0131 yaylada ge\u00e7irmektedir. Yaz mevsiminin s\u0131ca\u011f\u0131ndan ka\u00e7an \u00e7al\u0131\u015fan kesiminde \u00f6nemli bir k\u0131sm\u0131 ge\u00e7ici s\u00fcrelerle (Hafta sonlar\u0131 gibi) yaylalarda zaman\u0131n\u0131 ge\u00e7irmektedir. Uzun yaz g\u00fcnlerinin en g\u00fczel etkin arac\u0131 kitap okumak oldu\u011funu d\u00fc\u015f\u00fcnmekteyiz.<\/p>\n<p style=\"text-align: justify;\">Bu ba\u011flamda s\u0131cak yaz mevsimin de en iyi kitap serin ortamlarda okunur. Her ne kadar g\u00fcn\u00fcm\u00fcz\u00fcn teknolojisi (Klima) ya\u015fad\u0131\u011f\u0131m\u0131z ortamlar\u0131 serinletse de bu serinlik do\u011fal serinli\u011fin yerini tutmamakta. B\u00f6lgemizin do\u011fal serin alanlar\u0131 her zaman yaylalar olmu\u015ftur. E\u011fer bizler yaylada ya\u015fayan ya da yaylada zaman\u0131n\u0131 ge\u00e7iren insanlar\u0131m\u0131z\u0131n aya\u011f\u0131na kitap, dergi, gazete gibi okuma ara\u00e7lar\u0131n\u0131, e\u011fitim, k\u00fclt\u00fcr etkinliklerini g\u00f6t\u00fcr\u00fcrsek bu insanlar\u0131m\u0131z\u0131n en az\u0131ndan can\u0131 s\u0131k\u0131lanlar kitapla, dergi ile zamanlar\u0131n\u0131 ge\u00e7ireceklerdir.<\/p>\n<p style=\"text-align: justify;\">Yaylada ya\u015fayan kent sakinlerinin\u00a0 genellikle emekliler oldu\u011funu biliyoruz. Emekli insanlar\u0131m\u0131z\u0131n b\u00fcy\u00fck \u00e7o\u011funlu\u011fu neyi ni\u00e7in yapt\u0131\u011f\u0131n\u0131 bilen, soran sorgulayan insanlard\u0131r. Bu insanlar\u0131m\u0131z i\u00e7in en b\u00fcy\u00fck zaman ge\u00e7irme etkinli\u011fi sohbettir ama sohbetlerinde bir tad\u0131, tuzu, doyuruculu\u011fu olmas\u0131 i\u00e7in insanlar\u0131n bir \u015feyler bilmesi gerekmektedir. Bilginin en \u00f6nemli aktar\u0131m kayna\u011f\u0131 kitaplard\u0131r, dergilerdir, gazetelerdir.<\/p>\n<p style=\"text-align: justify;\">\u0130\u015fte bu gerek\u00e7eden dolay\u0131 yaylada ya\u015fayan emekli halk\u0131m\u0131za devletin bir kurumu olan Halk K\u00fct\u00fcphanesi olarak ayaklar\u0131na kitap, dergi, gazete g\u00f6t\u00fcr\u00fcrsek bu insanlar\u0131m\u0131z\u0131n en az\u0131ndan % 10-15\u2019i bu hizmetleri de\u011ferlendirecektir.<\/p>\n<p style=\"text-align: justify;\"><span style=\"color: #0000ff;\"><strong>\u00a0UYGULAMA POROGRAMI<\/strong><\/span><\/p>\n<p style=\"text-align: justify;\">Halk k\u00fct\u00fcphanesinin temin etti\u011fi 500 kitab\u0131n teknik i\u015flemleri yap\u0131larak kullan\u0131ma haz\u0131r hale getirilir. Bu kitaplar yaylada ya\u015fayan halk\u0131n hizmetine sunulur.<\/p>\n<p style=\"text-align: justify;\">Teknik i\u015flemleri yap\u0131lan kitaplar\u0131n takibi i\u00e7in gerekli olan bas\u0131l\u0131 malzeme yine halk k\u00fct\u00fcphanesi taraf\u0131ndan temin edilir. (\u00d6d\u00fcn\u00e7 kitap verme defteri, \u00fcye defteri, kalem, istatistik formlar\u0131 gibi.)<\/p>\n<p style=\"text-align: justify;\">14-15-16 Haziran g\u00fcnlerinden birisinde il\u00e7emizin kalabal\u0131k yaylar\u0131ndan birisine \u00e7\u0131k\u0131larak orada ilk kitaplar\u0131m\u0131z\u0131 halk\u0131m\u0131za ula\u015ft\u0131raca\u011f\u0131z. Bu kitaplar\u0131n geri d\u00f6n\u00fc\u015f\u00fc i\u00e7in 15 g\u00fcn sonras\u0131na g\u00fcn verilerek ayn\u0131 g\u00fcn bir ba\u015fka yaylaya ula\u015f\u0131lacak.<\/p>\n<p style=\"text-align: justify;\">14-15-16 Haziran g\u00fcnlerin de G\u00f6ktepe, Merdivenli, A\u011fa\u00e7tepesi yaylalar\u0131na,<\/p>\n<p style=\"text-align: justify;\">30 Haziran, 1-2 Temmuz 2012 tarihinde ayn\u0131 yaylara gidilip verdi\u011fimiz kitaplar de\u011fi\u015ftirilerek Dumanl\u0131, \u0130bek, S\u00fclek yaylalar\u0131na gidilerek halk\u0131m\u0131za kitaplar verilecektir. Bu d\u00f6ng\u00fc 15\u2019er g\u00fcnl\u00fck s\u00fcrelerle tekrarlanacakt\u0131r.<\/p>\n<p style=\"text-align: justify;\"><span style=\"color: #0000ff;\"><strong>UYGULAYICILAR<\/strong><\/span><\/p>\n<ol style=\"text-align: justify;\">\n<li>Manavgat \u0130l\u00e7e Halk K\u00fct\u00fcphanesi M\u00fcd\u00fcrl\u00fc\u011f\u00fc<\/li>\n<li>MATAB Ba\u015fkanl\u0131\u011f\u0131<\/li>\n<\/ol>\n<p style=\"text-align: justify;\">\u00a0<strong><span style=\"color: #0000ff;\">UYGULANACAK YERLER<\/span><\/strong><\/p>\n<p style=\"text-align: justify;\">Manavgat halk\u0131n\u0131n yaz mevsiminde \u00e7\u0131kt\u0131\u011f\u0131 yaylalar<\/p>\n<p style=\"text-align: justify;\">G\u00f6ktepe, Merdivenli, A\u011fa\u00e7tepesi,\u00a0 Dumanl\u0131, \u0130bek, S\u00fclek<\/p>\n<p style=\"text-align: justify;\"><strong><span style=\"color: #0000ff;\">\u00a0MAL\u0130YET\u0130<\/span><\/strong><\/p>\n<p style=\"text-align: justify;\">Proje 500 kitapla ba\u015flar. 500 kitab\u0131n ortalama ederi 10 TL olarak hesapland\u0131\u011f\u0131nda toplamda 5.000 TL eder. Haziran ay\u0131ndan Ekim ba\u015f\u0131na kadar ayda iki kez gidi\u015f d\u00f6n\u00fc\u015f yol paras\u0131 her sefer i\u00e7in 200 TL d\u00f6rt ayda iki\u015fer kez gidildi\u011fi i\u00e7in 200 X 8 = 1.600 TL ula\u015f\u0131m i\u00e7in arac\u0131 MATAB ya da Manavgat Belediyesinden ald\u0131\u011f\u0131m\u0131z taktirde y\u0131ll\u0131k maliyet 6..600 TL\u2019dir.<\/p>\n<p style=\"text-align: justify;\">\u00a0<span style=\"color: #0000ff;\"><strong>BA\u015eLAMA VE B\u0130T\u0130\u015e TAR\u0130H\u0130<\/strong><\/span><\/p>\n<p style=\"text-align: justify;\">\u00a0BA\u015eLAMA TAR\u0130H\u0130: Haziran 2012<\/p>\n<p style=\"text-align: justify;\">B\u0130T\u0130\u015e TAR\u0130H\u0130: Eyl\u00fcl sonu 2012<\/p>\n<p style=\"text-align: justify;\">Proje bir y\u0131ll\u0131k baz al\u0131nm\u0131\u015ft\u0131r. De\u011ferlendirme sonucunda bir sonraki y\u0131l yap\u0131l\u0131p yap\u0131lmamas\u0131 kararla\u015ft\u0131r\u0131lacakt\u0131r.<\/p>\n<p style=\"text-align: justify;\">\u00a0<strong><span style=\"color: #0000ff;\">PROJE \u00c7IKTILARI<\/span><\/strong><\/p>\n<p style=\"text-align: justify;\">Proje tan\u0131t\u0131m haberleri ile Muhtarl\u0131klara g\u00f6nderilen ve k\u00fct\u00fcphaneye as\u0131lan bilgilendirme yaz\u0131lar\u0131.<\/p>\n<p style=\"text-align: justify;\">Proje uygulama an\u0131nda elde edilecek video ve foto\u011fraf g\u00f6r\u00fcnt\u00fcleri ve TV yay\u0131nlar\u0131n\u0131n CD ortam\u0131na aktar\u0131larak bas\u0131na ve halka sunulmas\u0131, i\u015flerini \u0130l\u00e7e Halk K\u00fct\u00fcphanesi \u00fcstlenecektir.<\/p>\n<p style=\"text-align: justify;\">Bu proje Manavgat Kaymakam\u0131 Emir Osman BULGURLU \u2018nun \u015fifai talimatlar\u0131 \u00fczerine \u0130l\u00e7e Halk K\u00fct\u00fcphanesi M\u00fcd\u00fcr\u00fc Hidayet OKTAY taraf\u0131ndan yaylada ya\u015fayan halk\u0131m\u0131z\u0131n k\u00fct\u00fcphane kullan\u0131m\u0131n\u0131 te\u015fvik ve kitap okuma al\u0131\u015fkanl\u0131\u011f\u0131 kazand\u0131rmak amac\u0131 ile haz\u0131rlanm\u0131\u015ft\u0131r.<\/p>\n<p style=\"text-align: justify;\">\u00a0\u00a0\u00a0\u00a0\u00a0\u00a0\u00a0\u00a0\u00a0 Gere\u011fini arz ederim.<\/p>\n<p style=\"text-align: justify;\">\u00a0\u00a0\u00a0\u00a0\u00a0\u00a0\u00a0\u00a0\u00a0\u00a0\u00a0\u00a0\u00a0\u00a0\u00a0\u00a0\u00a0\u00a0\u00a0\u00a0\u00a0\u00a0\u00a0\u00a0\u00a0\u00a0\u00a0\u00a0\u00a0\u00a0\u00a0\u00a0\u00a0\u00a0\u00a0\u00a0\u00a0\u00a0\u00a0\u00a0\u00a0\u00a0\u00a0\u00a0\u00a0\u00a0\u00a0\u00a0\u00a0\u00a0\u00a0\u00a0\u00a0\u00a0\u00a0\u00a0\u00a0\u00a0\u00a0\u00a0\u00a0\u00a0\u00a0\u00a0\u00a0\u00a0\u00a0\u00a0\u00a0\u00a0\u00a0\u00a0\u00a0\u00a0\u00a0\u00a0\u00a0\u00a0\u00a0\u00a0\u00a0\u00a0\u00a0\u00a0\u00a0\u00a0\u00a0\u00a0\u00a0\u00a0\u00a0\u00a0\u00a0 Hidayet OKTAY<br \/>\n\u0130l\u00e7e Halk K\u00fct\u00fcphanesi M\u00fcd\u00fcr\u00fc<\/p>\n<p style=\"text-align: justify;\">OLUR<br \/>\n\u2026..\/04\/2012<\/p>\n<p style=\"text-align: justify;\">Emir Osman BULGURLU<br \/>\nManavgat Kaymakam\u0131<\/p>\n<p style=\"text-align: justify;\">Kaynak: http:\/\/www.manavgat.gov.tr<\/p>\n","protected":false},"excerpt":{"rendered":"<p>T.C. MANAVGAT KAYMAKAMLI\u011eI Manavgat \u0130l\u00e7e Halk K\u00fct\u00fcphanesi M\u00fcd\u00fcrl\u00fc\u011f\u00fc Manavgat \u0130l\u00e7e Halk K\u00fct\u00fcphanesi Yaylada Kitap Okutma projesi\u00a0 (YAYKOP) GEREK\u00c7E<\/p>\n","protected":false},"author":1,"featured_media":0,"comment_status":"open","ping_status":"open","sticky":false,"template":"","format":"standard","meta":{"footnotes":""},"categories":[1],"tags":[848,338],"class_list":["post-5537","post","type-post","status-publish","format-standard","hentry","category-genel","tag-halk-kutuphaneleri","tag-yaylada-kitap-okuma"],"_links":{"self":[{"href":"https:\/\/www.bbyhaber.com\/bby\/wp-json\/wp\/v2\/posts\/5537"}],"collection":[{"href":"https:\/\/www.bbyhaber.com\/bby\/wp-json\/wp\/v2\/posts"}],"about":[{"href":"https:\/\/www.bbyhaber.com\/bby\/wp-json\/wp\/v2\/types\/post"}],"author":[{"embeddable":true,"href":"https:\/\/www.bbyhaber.com\/bby\/wp-json\/wp\/v2\/users\/1"}],"replies":[{"embeddable":true,"href":"https:\/\/www.bbyhaber.com\/bby\/wp-json\/wp\/v2\/comments?post=5537"}],"version-history":[{"count":0,"href":"https:\/\/www.bbyhaber.com\/bby\/wp-json\/wp\/v2\/posts\/5537\/revisions"}],"wp:attachment":[{"href":"https:\/\/www.bbyhaber.com\/bby\/wp-json\/wp\/v2\/media?parent=5537"}],"wp:term":[{"taxonomy":"category","embeddable":true,"href":"https:\/\/www.bbyhaber.com\/bby\/wp-json\/wp\/v2\/categories?post=5537"},{"taxonomy":"post_tag","embeddable":true,"href":"https:\/\/www.bbyhaber.com\/bby\/wp-json\/wp\/v2\/tags?post=5537"}],"curies":[{"name":"wp","href":"https:\/\/api.w.org\/{rel}","templated":true}]}}