{"id":5530,"date":"2012-06-26T06:38:01","date_gmt":"2012-06-26T06:38:01","guid":{"rendered":"http:\/\/www.bbyhaber.com\/bby\/?p=5530"},"modified":"2012-06-26T06:38:07","modified_gmt":"2012-06-26T06:38:07","slug":"kirsehir-il-halk-kutuphanesi-okuyucu-sayisi","status":"publish","type":"post","link":"https:\/\/www.bbyhaber.com\/bby\/2012\/06\/26\/kirsehir-il-halk-kutuphanesi-okuyucu-sayisi","title":{"rendered":"K\u0131r\u015fehir \u0130l Halk K\u00fct\u00fcphanesi Okuyucu Say\u0131s\u0131"},"content":{"rendered":"<p style=\"text-align: justify;\">K\u0131r\u015fehir&#8217;de b\u00fcy\u00fck bir okuyucu kitlesine sahip olan ve k\u00fclt\u00fcrel etkinlikleriyle ad\u0131ndan s\u0131k\u00e7a s\u00f6z ettiren <span style=\"color: #0000ff;\"><a href=\"http:\/\/www.kirsehirkutup.gov.tr\/\" target=\"_blank\"><span style=\"color: #0000ff;\">L\u00fctfi \u0130kiz \u0130l Halk K\u00fct\u00fcphanesi<\/span><\/a><\/span>, okuyucu say\u0131s\u0131 ile rekora ko\u015fuyor. L\u00fctfi \u0130kiz \u0130l Halk K\u00fct\u00fcphanesi, K\u00fclt\u00fcr ve Turizm Bakanl\u0131\u011f\u0131&#8217;n\u0131n 2011 y\u0131l sonu verilerine g\u00f6re T\u00fcrkiye genelinde bulunan 81 \u0130l Halk K\u00fct\u00fcphanesi i\u00e7erisinde 367 bin 872 okuyucu say\u0131s\u0131 ile ilk s\u0131rada yer al\u0131rken, 31 bin 338 \u00f6d\u00fcn\u00e7 verilen kitap say\u0131s\u0131 ile de 20&#8217;nci s\u0131rada yer alarak ba\u015far\u0131s\u0131n\u0131 tescilledi. <!--more--><\/p>\n<p style=\"text-align: justify;\">2&#8217;si il merkezinde, 8&#8217;i belde ve il\u00e7elerde, 13&#8217;\u00fc ise belediyelerde olmak \u00fczere 23 k\u00fct\u00fcphanenin bulundu\u011fu K\u0131r\u015fehir&#8217;de k\u00fclt\u00fcrel etkinliklerle halk\u0131n ilgi oda\u011f\u0131 olmay\u0131 hedefleyen L\u00fctfi \u0130kiz Halk K\u00fct\u00fcphanesi, \u00fcye say\u0131s\u0131nda da ilk 10&#8217;a girme hedefiyle t\u00fcm K\u0131r\u015fehir halk\u0131n\u0131 k\u00fct\u00fcphaneye \u00fcye olmaya davet etti. L\u00fctfi \u0130kiz Halk K\u00fct\u00fcphanesi, herkesin \u00fccretsiz olarak \u00fcye oldu\u011fu ve 15 g\u00fcn s\u00fcreyle 3 kitaba kadar eve \u00f6d\u00fcn\u00e7 kitap alabildi\u011fi \u00d6d\u00fcn\u00e7 Verme B\u00f6l\u00fcm\u00fc&#8217;nden 2011 y\u0131l\u0131 sonu itibariyle \u00f6d\u00fcn\u00e7 al\u0131nan kitap say\u0131s\u0131n\u0131 31 bin 338&#8217;e ula\u015ft\u0131rd\u0131.<\/p>\n<p style=\"text-align: justify;\">Kaynak: http:\/\/www.kirsehirhaberdar.com<\/p>\n","protected":false},"excerpt":{"rendered":"<p>K\u0131r\u015fehir&#8217;de b\u00fcy\u00fck bir okuyucu kitlesine sahip olan ve k\u00fclt\u00fcrel etkinlikleriyle ad\u0131ndan s\u0131k\u00e7a s\u00f6z ettiren L\u00fctfi \u0130kiz \u0130l Halk K\u00fct\u00fcphanesi, okuyucu say\u0131s\u0131 ile rekora ko\u015fuyor. L\u00fctfi \u0130kiz \u0130l Halk K\u00fct\u00fcphanesi, K\u00fclt\u00fcr ve Turizm Bakanl\u0131\u011f\u0131&#8217;n\u0131n 2011 y\u0131l sonu verilerine g\u00f6re T\u00fcrkiye genelinde bulunan 81 \u0130l Halk K\u00fct\u00fcphanesi i\u00e7erisinde 367 bin 872 okuyucu say\u0131s\u0131 ile ilk s\u0131rada yer [&hellip;]<\/p>\n","protected":false},"author":1,"featured_media":0,"comment_status":"open","ping_status":"open","sticky":false,"template":"","format":"standard","meta":{"footnotes":""},"categories":[1,1499],"tags":[848],"class_list":["post-5530","post","type-post","status-publish","format-standard","hentry","category-genel","category-kutuphane-istatistikleri","tag-halk-kutuphaneleri"],"_links":{"self":[{"href":"https:\/\/www.bbyhaber.com\/bby\/wp-json\/wp\/v2\/posts\/5530"}],"collection":[{"href":"https:\/\/www.bbyhaber.com\/bby\/wp-json\/wp\/v2\/posts"}],"about":[{"href":"https:\/\/www.bbyhaber.com\/bby\/wp-json\/wp\/v2\/types\/post"}],"author":[{"embeddable":true,"href":"https:\/\/www.bbyhaber.com\/bby\/wp-json\/wp\/v2\/users\/1"}],"replies":[{"embeddable":true,"href":"https:\/\/www.bbyhaber.com\/bby\/wp-json\/wp\/v2\/comments?post=5530"}],"version-history":[{"count":0,"href":"https:\/\/www.bbyhaber.com\/bby\/wp-json\/wp\/v2\/posts\/5530\/revisions"}],"wp:attachment":[{"href":"https:\/\/www.bbyhaber.com\/bby\/wp-json\/wp\/v2\/media?parent=5530"}],"wp:term":[{"taxonomy":"category","embeddable":true,"href":"https:\/\/www.bbyhaber.com\/bby\/wp-json\/wp\/v2\/categories?post=5530"},{"taxonomy":"post_tag","embeddable":true,"href":"https:\/\/www.bbyhaber.com\/bby\/wp-json\/wp\/v2\/tags?post=5530"}],"curies":[{"name":"wp","href":"https:\/\/api.w.org\/{rel}","templated":true}]}}