{"id":5526,"date":"2012-06-26T06:20:25","date_gmt":"2012-06-26T06:20:25","guid":{"rendered":"http:\/\/www.bbyhaber.com\/bby\/?p=5526"},"modified":"2012-06-27T18:12:13","modified_gmt":"2012-06-27T18:12:13","slug":"namik-kemal-universitesinde-elektronik-belge-yonetimi-konferansi","status":"publish","type":"post","link":"https:\/\/www.bbyhaber.com\/bby\/2012\/06\/26\/namik-kemal-universitesinde-elektronik-belge-yonetimi-konferansi","title":{"rendered":"Nam\u0131k Kemal \u00dcniversitesi&#8217;nde &#8220;Elektronik Belge Y\u00f6netimi&#8221; Konferans\u0131"},"content":{"rendered":"<p style=\"text-align: justify;\">Nam\u0131k Kemal \u00dcniversitesi (NK\u00dc) taraf\u0131ndan d\u00fczenlenen \u2018Elektronik Belge Y\u00f6netimine Ge\u00e7i\u015f S\u00fcrecinde Kurumsal Sorumluluklar ve Yol Haritas\u0131\u2019 konulu konferans, Ziraat Fak\u00fcltesi Konferans Salonu\u2019nda ger\u00e7ekle\u015ftirildi. Konferansa NK\u00dc Rekt\u00f6r Yard\u0131mc\u0131s\u0131 Prof. Dr. M. \u0130hsan Soysal, konferans\u0131 veren Marmara \u00dcniversitesi Rekt\u00f6r Yard\u0131mc\u0131s\u0131 ve Bilgi ve Belge Y\u00f6netimi B\u00f6l\u00fcm Ba\u015fkan\u0131 Prof. Dr. Hamza Kandur, akademik ve idari birimlerinin temsilcileri ile \u00e7al\u0131\u015fanlar kat\u0131ld\u0131.<!--more--><\/p>\n<p style=\"text-align: justify;\">Rekt\u00f6r Yard\u0131mc\u0131s\u0131 Prof. Dr. M. \u0130hsan Soysal\u2019\u0131n a\u00e7\u0131l\u0131\u015f konu\u015fmas\u0131n\u0131n ard\u0131ndan, Marmara \u00dcniversitesi Rekt\u00f6r Yard\u0131mc\u0131s\u0131 Prof. Dr. Hamza Kandur, \u2018Elektronik Belge Y\u00f6netimine Ge\u00e7i\u015f S\u00fcrecinde Kurumsal Sorumluluklar ve Yol Haritas\u0131\u2019 konulu sunumunda, kamusal bilgi ortam\u0131, belge ve belge y\u00f6netiminin tan\u0131m\u0131 ve kavramsal \u00e7er\u00e7evesi, elektronik belge y\u00f6netimi sistemi alan\u0131nda standartlar\u0131n geli\u015ftirilmesi, EBYS referans modeli ve e-d\u00f6n\u00fc\u015f\u00fcm stratejisi hakk\u0131nda bilgiler verdi. Konferans, Prof. Dr. Hamza Kandur\u2019un kendisine y\u00f6neltilen sorular\u0131 cevaplamas\u0131yla sona erdi. Konferans\u0131n ard\u0131ndan g\u00fcn\u00fcn an\u0131s\u0131na Rekt\u00f6r Yard\u0131mc\u0131s\u0131 Prof. Dr. M. \u0130hsan Soysal, Prof. Dr. Hamza Kandur\u2019a tabak hediye etti.<\/p>\n<p style=\"text-align: justify;\">Kaynak: http:\/\/www.haberfx.net<\/p>\n","protected":false},"excerpt":{"rendered":"<p>Nam\u0131k Kemal \u00dcniversitesi (NK\u00dc) taraf\u0131ndan d\u00fczenlenen \u2018Elektronik Belge Y\u00f6netimine Ge\u00e7i\u015f S\u00fcrecinde Kurumsal Sorumluluklar ve Yol Haritas\u0131\u2019 konulu konferans, Ziraat Fak\u00fcltesi Konferans Salonu\u2019nda ger\u00e7ekle\u015ftirildi. Konferansa NK\u00dc Rekt\u00f6r Yard\u0131mc\u0131s\u0131 Prof. Dr. M. \u0130hsan Soysal, konferans\u0131 veren Marmara \u00dcniversitesi Rekt\u00f6r Yard\u0131mc\u0131s\u0131 ve Bilgi ve Belge Y\u00f6netimi B\u00f6l\u00fcm Ba\u015fkan\u0131 Prof. Dr. Hamza Kandur, akademik ve idari birimlerinin temsilcileri ile [&hellip;]<\/p>\n","protected":false},"author":1,"featured_media":0,"comment_status":"open","ping_status":"open","sticky":false,"template":"","format":"standard","meta":{"footnotes":""},"categories":[1482,1483,1],"tags":[1412],"class_list":["post-5526","post","type-post","status-publish","format-standard","hentry","category-ebys","category-elektronik-belge-yonetim-sistemi","category-genel","tag-belge-yonetimi"],"_links":{"self":[{"href":"https:\/\/www.bbyhaber.com\/bby\/wp-json\/wp\/v2\/posts\/5526"}],"collection":[{"href":"https:\/\/www.bbyhaber.com\/bby\/wp-json\/wp\/v2\/posts"}],"about":[{"href":"https:\/\/www.bbyhaber.com\/bby\/wp-json\/wp\/v2\/types\/post"}],"author":[{"embeddable":true,"href":"https:\/\/www.bbyhaber.com\/bby\/wp-json\/wp\/v2\/users\/1"}],"replies":[{"embeddable":true,"href":"https:\/\/www.bbyhaber.com\/bby\/wp-json\/wp\/v2\/comments?post=5526"}],"version-history":[{"count":0,"href":"https:\/\/www.bbyhaber.com\/bby\/wp-json\/wp\/v2\/posts\/5526\/revisions"}],"wp:attachment":[{"href":"https:\/\/www.bbyhaber.com\/bby\/wp-json\/wp\/v2\/media?parent=5526"}],"wp:term":[{"taxonomy":"category","embeddable":true,"href":"https:\/\/www.bbyhaber.com\/bby\/wp-json\/wp\/v2\/categories?post=5526"},{"taxonomy":"post_tag","embeddable":true,"href":"https:\/\/www.bbyhaber.com\/bby\/wp-json\/wp\/v2\/tags?post=5526"}],"curies":[{"name":"wp","href":"https:\/\/api.w.org\/{rel}","templated":true}]}}