{"id":5486,"date":"2012-06-21T07:05:01","date_gmt":"2012-06-21T07:05:01","guid":{"rendered":"http:\/\/www.bbyhaber.com\/bby\/?p=5486"},"modified":"2016-01-27T11:14:34","modified_gmt":"2016-01-27T09:14:34","slug":"bilgi-dunyasi-cilt-13-sayi-1-2012","status":"publish","type":"post","link":"https:\/\/www.bbyhaber.com\/bby\/2012\/06\/21\/bilgi-dunyasi-cilt-13-sayi-1-2012","title":{"rendered":"Bilgi D\u00fcnyas\u0131-Cilt 13, Say\u0131 1 (2012)"},"content":{"rendered":"<p style=\"text-align: justify;\"><img loading=\"lazy\" decoding=\"async\" class=\"alignleft\" src=\"http:\/\/www.bbyhaber.com\/bby\/wp-content\/uploads\/bby-dernek-logolar\/bilgi-dunyasi-logo.jpg\" alt=\"\" width=\"252\" height=\"128\" \/>Bilgi D\u00fcnyas\u0131,\u00a0\u00dcniversite ve Ara\u015ft\u0131rma K\u00fct\u00fcphanecileri Derne\u011fi&#8217;nin (\u00dcNAK)\u00a0resmi yay\u0131n organ\u0131d\u0131r. Uluslararas\u0131 nitelikte yay\u0131n faaliyetlerini s\u00fcrd\u00fcren Bilgi D\u00fcnyas\u0131 dergisi ilk \u00e7\u0131k\u0131\u015f y\u0131l\u0131 olan 2000 y\u0131l\u0131ndan bu yana alt\u0131 ayda bir yay\u0131nlanmaktad\u0131r.<!--more--><\/p>\n<p>Bilgi D\u00fcnyas\u0131 Dergisinde \u00fcniversite ve ara\u015ft\u0131rma k\u00fct\u00fcphaneleri a\u011f\u0131rl\u0131kl\u0131 olmak \u00fczere, bilgibilim, bilgi hizmetleri, bilgi ve belge y\u00f6netimine ili\u015fkin sorunlar\u0131 inceleyen ve \u00e7\u00f6z\u00fcm \u00f6nerileri sunan T\u00fcrk\u00e7e veya \u0130ngilizce \u00f6zg\u00fcn makalelere yer verilmektedir. Ayr\u0131ca ilgili konularda ki\u015fisel g\u00f6r\u00fc\u015fler, bilgi merkezleri tan\u0131t\u0131m\u0131, kitap ele\u015ftirileri, haberler ve mesleki toplant\u0131 duyurular\u0131 da yay\u0131nlanmaktad\u0131r. <a href=\"http:\/\/bd.org.tr\/index.php\/bd\/index\" target=\"_blank\">Bilgi D\u00fcnyas\u0131 i\u00e7in t\u0131klay\u0131n\u0131z<\/a><\/p>\n","protected":false},"excerpt":{"rendered":"<p>Bilgi D\u00fcnyas\u0131,\u00a0\u00dcniversite ve Ara\u015ft\u0131rma K\u00fct\u00fcphanecileri Derne\u011fi&#8217;nin (\u00dcNAK)\u00a0resmi yay\u0131n organ\u0131d\u0131r. Uluslararas\u0131 nitelikte yay\u0131n faaliyetlerini s\u00fcrd\u00fcren Bilgi D\u00fcnyas\u0131 dergisi ilk \u00e7\u0131k\u0131\u015f y\u0131l\u0131 olan 2000 y\u0131l\u0131ndan bu yana alt\u0131 ayda bir yay\u0131nlanmaktad\u0131r.<\/p>\n","protected":false},"author":1,"featured_media":0,"comment_status":"open","ping_status":"open","sticky":false,"template":"","format":"standard","meta":{"footnotes":""},"categories":[1507],"tags":[1415],"class_list":["post-5486","post","type-post","status-publish","format-standard","hentry","category-unak","tag-bilgi-dunyasi"],"_links":{"self":[{"href":"https:\/\/www.bbyhaber.com\/bby\/wp-json\/wp\/v2\/posts\/5486"}],"collection":[{"href":"https:\/\/www.bbyhaber.com\/bby\/wp-json\/wp\/v2\/posts"}],"about":[{"href":"https:\/\/www.bbyhaber.com\/bby\/wp-json\/wp\/v2\/types\/post"}],"author":[{"embeddable":true,"href":"https:\/\/www.bbyhaber.com\/bby\/wp-json\/wp\/v2\/users\/1"}],"replies":[{"embeddable":true,"href":"https:\/\/www.bbyhaber.com\/bby\/wp-json\/wp\/v2\/comments?post=5486"}],"version-history":[{"count":0,"href":"https:\/\/www.bbyhaber.com\/bby\/wp-json\/wp\/v2\/posts\/5486\/revisions"}],"wp:attachment":[{"href":"https:\/\/www.bbyhaber.com\/bby\/wp-json\/wp\/v2\/media?parent=5486"}],"wp:term":[{"taxonomy":"category","embeddable":true,"href":"https:\/\/www.bbyhaber.com\/bby\/wp-json\/wp\/v2\/categories?post=5486"},{"taxonomy":"post_tag","embeddable":true,"href":"https:\/\/www.bbyhaber.com\/bby\/wp-json\/wp\/v2\/tags?post=5486"}],"curies":[{"name":"wp","href":"https:\/\/api.w.org\/{rel}","templated":true}]}}