{"id":5470,"date":"2012-06-20T05:54:56","date_gmt":"2012-06-20T05:54:56","guid":{"rendered":"http:\/\/www.bbyhaber.com\/bby\/?p=5470"},"modified":"2012-06-20T05:54:56","modified_gmt":"2012-06-20T05:54:56","slug":"kutuphane-emin-ellerde-gaziantep","status":"publish","type":"post","link":"https:\/\/www.bbyhaber.com\/bby\/2012\/06\/20\/kutuphane-emin-ellerde-gaziantep","title":{"rendered":"K\u00fct\u00fcphane Emin Ellerde-Gaziantep"},"content":{"rendered":"<p style=\"text-align: justify;\">Halk K\u00fct\u00fcphanesi M\u00fcd\u00fcrl\u00fc\u011f\u00fcne vek\u00e2leten Y\u00fcksel Polat getirildi. Uzun s\u00fcredir \u015eahinbey \u0130l\u00e7e Halk K\u00fct\u00fcphanesi m\u00fcd\u00fcrl\u00fc\u011f\u00fc g\u00f6revini s\u00fcrd\u00fcren Y\u00fcksel Polat, vek\u00e2leten atand\u0131\u011f\u0131 <a href=\"http:\/\/www.gaziantepkutup.gov.tr\/\" target=\"_blank\">Gaziantep \u0130l Halk K\u00fct\u00fcphanesi <\/a>m\u00fcd\u00fcrl\u00fc\u011f\u00fc g\u00f6revine ge\u00e7ti\u011fimiz hafta i\u00e7erisinde ba\u015flad\u0131. Ba\u015far\u0131l\u0131 \u00e7al\u0131\u015fmalar\u0131 ve g\u00f6rev yerlerinde okur say\u0131s\u0131n\u0131 art\u0131ran projeleriyle dikkat \u00e7eken Polat\u2019\u0131n, \u0130l Halk K\u00fct\u00fcphanesi\u2019nde de ayn\u0131 \u015fekilde performans sergilemesi bekleniyor.<\/p>\n<p>Okur say\u0131s\u0131 7 bin<\/p>\n<p style=\"text-align: justify;\">Bug\u00fcn itibariyle Gaziantep \u0130l Halk K\u00fct\u00fcphanesine \u00fcye okur say\u0131s\u0131n\u0131n 7 bin civar\u0131nda bulundu\u011funu a\u00e7\u0131klayan Y\u00fcksel Polat, \u201cOkullar\u0131n tatil olmas\u0131 nedeniyle okur say\u0131m\u0131z\u0131n bu aylarda artmas\u0131n\u0131 bekliyoruz. Bilgisayara alt yap\u0131m\u0131z sayesinde art\u0131k okuyucular\u0131m\u0131zdan kitap kar\u015f\u0131l\u0131\u011f\u0131 kimliklerini alm\u0131yoruz. Okuyucular\u0131m\u0131z T.C. numaralar\u0131 sayesinde k\u00fct\u00fcphanemizden istedikleri kitab\u0131 alabilirler\u201d \u015feklinde konu\u015ftu.<\/p>\n<p>Kaynak: http:\/\/www.gaziantephaberler.com<\/p>\n","protected":false},"excerpt":{"rendered":"<p>Halk K\u00fct\u00fcphanesi M\u00fcd\u00fcrl\u00fc\u011f\u00fcne vek\u00e2leten Y\u00fcksel Polat getirildi. Uzun s\u00fcredir \u015eahinbey \u0130l\u00e7e Halk K\u00fct\u00fcphanesi m\u00fcd\u00fcrl\u00fc\u011f\u00fc g\u00f6revini s\u00fcrd\u00fcren Y\u00fcksel Polat, vek\u00e2leten atand\u0131\u011f\u0131 Gaziantep \u0130l Halk K\u00fct\u00fcphanesi m\u00fcd\u00fcrl\u00fc\u011f\u00fc g\u00f6revine ge\u00e7ti\u011fimiz hafta i\u00e7erisinde ba\u015flad\u0131. Ba\u015far\u0131l\u0131 \u00e7al\u0131\u015fmalar\u0131 ve g\u00f6rev yerlerinde okur say\u0131s\u0131n\u0131 art\u0131ran projeleriyle dikkat \u00e7eken Polat\u2019\u0131n, \u0130l Halk K\u00fct\u00fcphanesi\u2019nde de ayn\u0131 \u015fekilde performans sergilemesi bekleniyor. Okur say\u0131s\u0131 7 bin [&hellip;]<\/p>\n","protected":false},"author":1,"featured_media":0,"comment_status":"open","ping_status":"open","sticky":false,"template":"","format":"standard","meta":{"footnotes":""},"categories":[1],"tags":[848],"class_list":["post-5470","post","type-post","status-publish","format-standard","hentry","category-genel","tag-halk-kutuphaneleri"],"_links":{"self":[{"href":"https:\/\/www.bbyhaber.com\/bby\/wp-json\/wp\/v2\/posts\/5470"}],"collection":[{"href":"https:\/\/www.bbyhaber.com\/bby\/wp-json\/wp\/v2\/posts"}],"about":[{"href":"https:\/\/www.bbyhaber.com\/bby\/wp-json\/wp\/v2\/types\/post"}],"author":[{"embeddable":true,"href":"https:\/\/www.bbyhaber.com\/bby\/wp-json\/wp\/v2\/users\/1"}],"replies":[{"embeddable":true,"href":"https:\/\/www.bbyhaber.com\/bby\/wp-json\/wp\/v2\/comments?post=5470"}],"version-history":[{"count":0,"href":"https:\/\/www.bbyhaber.com\/bby\/wp-json\/wp\/v2\/posts\/5470\/revisions"}],"wp:attachment":[{"href":"https:\/\/www.bbyhaber.com\/bby\/wp-json\/wp\/v2\/media?parent=5470"}],"wp:term":[{"taxonomy":"category","embeddable":true,"href":"https:\/\/www.bbyhaber.com\/bby\/wp-json\/wp\/v2\/categories?post=5470"},{"taxonomy":"post_tag","embeddable":true,"href":"https:\/\/www.bbyhaber.com\/bby\/wp-json\/wp\/v2\/tags?post=5470"}],"curies":[{"name":"wp","href":"https:\/\/api.w.org\/{rel}","templated":true}]}}