{"id":5465,"date":"2012-06-19T19:34:55","date_gmt":"2012-06-19T19:34:55","guid":{"rendered":"http:\/\/www.bbyhaber.com\/bby\/?p=5465"},"modified":"2012-06-19T19:34:55","modified_gmt":"2012-06-19T19:34:55","slug":"basarili-kutuphaneciler-odullendirildiler-gaziantep","status":"publish","type":"post","link":"https:\/\/www.bbyhaber.com\/bby\/2012\/06\/19\/basarili-kutuphaneciler-odullendirildiler-gaziantep","title":{"rendered":"Ba\u015far\u0131l\u0131 K\u00fct\u00fcphaneciler \u00d6d\u00fcllendirildiler-Gaziantep"},"content":{"rendered":"<p style=\"text-align: justify;\">Gaziantep&#8217;te &#8216;Bilgi ve Belge Y\u00f6netimi K\u00fct\u00fcphanecilik E\u011fitimi&#8217;nin kapan\u0131\u015f program\u0131nda, ba\u015far\u0131l\u0131 k\u00fct\u00fcphanecilere \u00f6d\u00fclleri takdim edildi. \u0130l Halk K\u00fct\u00fcphanesi Konferans Salonu&#8217;nda d\u00fczenlenen programa, Gaziantep Vali Yard\u0131mc\u0131s\u0131 Mehmet Ta\u015fd\u00f6\u011fen, \u0130l K\u00fclt\u00fcr ve Turizm M\u00fcd\u00fcr\u00fc Mehmet Aykanat, T\u00fcrk K\u00fct\u00fcphaneciler Derne\u011fi Gaziantep \u015eube Ba\u015fkan\u0131 Mehmet At\u0131lgan, \u0130l Halk K\u00fct\u00fcphanesi M\u00fcdiresi Y\u00fcksel Polat ile k\u00fct\u00fcphaneciler kat\u0131ld\u0131.<!--more--><\/p>\n<p style=\"text-align: justify;\">Sayg\u0131 duru\u015funda bulunulmas\u0131 ve \u0130stiklal Mar\u015f\u0131&#8217;n\u0131n okunmas\u0131n\u0131n ard\u0131ndan ba\u015flayan programda bir konu\u015fma yapan Vali Yard\u0131mc\u0131s\u0131 Ta\u015fd\u00f6\u011fen, &#8220;G\u00fcn ge\u00e7tik\u00e7e teknoloji ilerliyor. H\u0131zla teknoloji daha ba\u015fka \u015fekil al\u0131yor. Ama de\u011fi\u015fmeyen tek \u015fey k\u00fct\u00fcphaneler oluyor. Her ne kadar istenilen bilgilere ve kitaplara internetten eri\u015filse bile, k\u00fct\u00fcphane ortam\u0131n\u0131n yeri apayr\u0131d\u0131r. \u0130nternetten kitap okumak insana o kadar keyif vermiyor. Ama kitab\u0131 eline alarak okumak insana ayr\u0131 bir zevk veriyor. K\u00fct\u00fcphanelerimizi \u00e7ok \u00f6nemsiyoruz. K\u00fct\u00fcphanelerimiz bilgi merkezleridir. Bu bilgi merkezinde ba\u015far\u0131l\u0131 olan k\u00fct\u00fcphanecilerimizi de y\u00fcrekten tebrik ediyorum&#8221; ifadelerini kulland\u0131.<\/p>\n<p style=\"text-align: justify;\">K\u00fct\u00fcphanecili\u011fin \u00f6nemine de\u011finen Mehmet At\u0131lgan, &#8220;Bilgi ve belge y\u00f6netiminin hedefi; bireyler ve kurumlar\u0131n ihtiya\u00e7 duyabilece\u011fi her t\u00fcrl\u00fc bilgi ve belgenin y\u00f6netim s\u00fcre\u00e7lerini, mesle\u011fin temel prensipleri ve de\u011ferlerine uygun olarak yerine getirebilecek yetkinli\u011fe, y\u00f6neticilik becerileri ve ileti\u015fim kabiliyetine sahip, \u00e7al\u0131\u015ft\u0131\u011f\u0131 kuruma rekabet avantaj\u0131 sa\u011flayabilecek uzmanlar yeti\u015ftirmektir&#8221; diye konu\u015ftu. Mehmet Aykanat da, ba\u015far\u0131l\u0131 olan k\u00fct\u00fcphanecileri kutlayarak, ba\u015far\u0131lar\u0131n\u0131n devam\u0131n\u0131 diledi. Konu\u015fmalar\u0131n ard\u0131ndan Vali Yard\u0131mc\u0131s\u0131 Ta\u015fd\u00f6\u011fen ve di\u011fer protokol \u00fcyeleri, Y\u00fcksel Polat ba\u015fta olmak \u00fczere ba\u015far\u0131l\u0131 k\u00fct\u00fcphanecilere plaket ve sertifikalar\u0131n\u0131 takdim ettiler<\/p>\n<p style=\"text-align: justify;\">Kaynak: http:\/\/www.medya73.com<\/p>\n","protected":false},"excerpt":{"rendered":"<p>Gaziantep&#8217;te &#8216;Bilgi ve Belge Y\u00f6netimi K\u00fct\u00fcphanecilik E\u011fitimi&#8217;nin kapan\u0131\u015f program\u0131nda, ba\u015far\u0131l\u0131 k\u00fct\u00fcphanecilere \u00f6d\u00fclleri takdim edildi. \u0130l Halk K\u00fct\u00fcphanesi Konferans Salonu&#8217;nda d\u00fczenlenen programa, Gaziantep Vali Yard\u0131mc\u0131s\u0131 Mehmet Ta\u015fd\u00f6\u011fen, \u0130l K\u00fclt\u00fcr ve Turizm M\u00fcd\u00fcr\u00fc Mehmet Aykanat, T\u00fcrk K\u00fct\u00fcphaneciler Derne\u011fi Gaziantep \u015eube Ba\u015fkan\u0131 Mehmet At\u0131lgan, \u0130l Halk K\u00fct\u00fcphanesi M\u00fcdiresi Y\u00fcksel Polat ile k\u00fct\u00fcphaneciler kat\u0131ld\u0131.<\/p>\n","protected":false},"author":1,"featured_media":0,"comment_status":"open","ping_status":"open","sticky":false,"template":"","format":"standard","meta":{"footnotes":""},"categories":[1],"tags":[1425],"class_list":["post-5465","post","type-post","status-publish","format-standard","hentry","category-genel","tag-tkd-gaziantep"],"_links":{"self":[{"href":"https:\/\/www.bbyhaber.com\/bby\/wp-json\/wp\/v2\/posts\/5465"}],"collection":[{"href":"https:\/\/www.bbyhaber.com\/bby\/wp-json\/wp\/v2\/posts"}],"about":[{"href":"https:\/\/www.bbyhaber.com\/bby\/wp-json\/wp\/v2\/types\/post"}],"author":[{"embeddable":true,"href":"https:\/\/www.bbyhaber.com\/bby\/wp-json\/wp\/v2\/users\/1"}],"replies":[{"embeddable":true,"href":"https:\/\/www.bbyhaber.com\/bby\/wp-json\/wp\/v2\/comments?post=5465"}],"version-history":[{"count":0,"href":"https:\/\/www.bbyhaber.com\/bby\/wp-json\/wp\/v2\/posts\/5465\/revisions"}],"wp:attachment":[{"href":"https:\/\/www.bbyhaber.com\/bby\/wp-json\/wp\/v2\/media?parent=5465"}],"wp:term":[{"taxonomy":"category","embeddable":true,"href":"https:\/\/www.bbyhaber.com\/bby\/wp-json\/wp\/v2\/categories?post=5465"},{"taxonomy":"post_tag","embeddable":true,"href":"https:\/\/www.bbyhaber.com\/bby\/wp-json\/wp\/v2\/tags?post=5465"}],"curies":[{"name":"wp","href":"https:\/\/api.w.org\/{rel}","templated":true}]}}