{"id":5462,"date":"2012-06-19T19:02:14","date_gmt":"2012-06-19T19:02:14","guid":{"rendered":"http:\/\/www.bbyhaber.com\/bby\/?p=5462"},"modified":"2012-12-18T22:53:15","modified_gmt":"2012-12-18T20:53:15","slug":"malatyada-oyuncak-kutuphanesine-yogun-ilgi","status":"publish","type":"post","link":"https:\/\/www.bbyhaber.com\/bby\/2012\/06\/19\/malatyada-oyuncak-kutuphanesine-yogun-ilgi","title":{"rendered":"Malatya&#8217;da oyuncak k\u00fct\u00fcphanesine yo\u011fun ilgi"},"content":{"rendered":"<p style=\"text-align: justify;\">Malatya \u00c7al\u0131\u015fanlar\u0131 \u00c7evre ve K\u00fclt\u00fcr Derne\u011fi&#8217;nin, \u0130l Milli E\u011fitim M\u00fcd\u00fcrl\u00fc\u011f\u00fc ile \u0130l Sosyal Yard\u0131mla\u015fma ve Dayan\u0131\u015fma Vakf\u0131 i\u015fbirli\u011fiyle haz\u0131rlad\u0131\u011f\u0131 &#8221;Gel Oyna, Al Oyna&#8221; adl\u0131 projenin y\u00fcr\u00fct\u00fcc\u00fcs\u00fc Okan Tutuk, AA muhabirine yapt\u0131\u011f\u0131 a\u00e7\u0131klamada, finans\u0131 Kalk\u0131nma Bakanl\u0131\u011f\u0131 taraf\u0131ndan kar\u015f\u0131lanan \u00e7al\u0131\u015fman\u0131n Malatya Valili\u011fi&#8217;nin koordinasyonunda hayata ge\u00e7irildi\u011fini s\u00f6yledi.<!--more--><\/p>\n<p style=\"text-align: justify;\">SODES kapsam\u0131nda haz\u0131rlanan proje do\u011frultusunda 28 Nisan&#8217;da oyuncak k\u00fct\u00fcphanesi a\u00e7t\u0131klar\u0131n\u0131 hat\u0131rlatan Tutuk, k\u00fct\u00fcphanenin oyuncaklarla dolu 2 oyun salonu, kitapl\u0131k, sinevizyon salonu ve kafeteryadan olu\u015ftu\u011funu anlatt\u0131.<\/p>\n<p style=\"text-align: justify;\">\u00c7ocuklar\u0131n oyun salonlar\u0131ndaki oyuncaklarla \u00fccretsiz oynad\u0131\u011f\u0131n\u0131 ifade eden Tutuk, salonlar\u0131n \u00e7ocuklar\u0131n hijyenik ortamda e\u011flenmesi i\u00e7in haz\u0131rland\u0131\u011f\u0131n\u0131, ailelerin de bekleme salonlar\u0131nda \u00e7ocuklar\u0131n\u0131 bekleyebilece\u011fini kaydetti.<\/p>\n<p style=\"text-align: justify;\">Ba\u015fta Sosyal Yard\u0131mla\u015fma ve Dayan\u0131\u015fma Vakf\u0131&#8217;nda kayd\u0131 bulunan ailelerin \u00e7ocuklar\u0131 olmak \u00fczere t\u00fcm \u00e7ocuklar\u0131n buradan yararlanabildi\u011fini bildiren Tutuk, projenin &#8221;Gel Oyna&#8221; k\u0131sm\u0131n\u0131n \u00e7ocuklar\u0131n gelip k\u00fct\u00fcphanede oyuncaklarla oynamas\u0131, &#8221;Al Oyna&#8221; k\u0131sm\u0131n\u0131n ise \u00f6d\u00fcn\u00e7 oyuncak al\u0131p evlerinde oynamas\u0131n\u0131 kapsad\u0131\u011f\u0131n\u0131 s\u00f6yledi.<\/p>\n<p style=\"text-align: justify;\">Tutuk, \u00e7ocuklar\u0131n \u00f6d\u00fcn\u00e7 ald\u0131\u011f\u0131 oyunca\u011f\u0131 10-15 g\u00fcn evinde oynad\u0131ktan sonra geri getirmesi gerekti\u011fini belirterek, &#8221;Oyunca\u011f\u0131 k\u00fct\u00fcphaneye iade edip ba\u015fka bir oyuncak \u00f6d\u00fcn\u00e7 alabiliyor. Bu uygulamam\u0131z daha \u00e7ok Sosyal Yard\u0131mla\u015fma ve Dayan\u0131\u015fma Vakf\u0131&#8217;nda kayd\u0131 bulunan aileler i\u00e7in&#8221; dedi.<\/p>\n<p style=\"text-align: justify;\">28 Nisan&#8217;da a\u00e7\u0131lan k\u00fct\u00fcphaneyi, bug\u00fcne kadar bin 333 \u00e7ocu\u011fun ziyaret etti\u011fini bildiren Tutuk, &#8221;Veli \u00e7ocu\u011funu getirdi\u011fi zaman ismini kaydediyoruz. Ka\u00e7 \u00e7ocuk beraberinde getiriyorsa onlar\u0131n da ya\u015flar\u0131n\u0131, k\u00fct\u00fcphaneye giri\u015f ve \u00e7\u0131k\u0131\u015f saatlerini ziyaret\u00e7i defterine not al\u0131yoruz&#8221; diye konu\u015ftu.<\/p>\n<p style=\"text-align: justify;\">Okan Tutuk, 8 May\u0131s&#8217;ta Battalgazi il\u00e7esine ba\u011fl\u0131 bir k\u00f6ydeki Karatepe Kadirg\u00f6l\u00fc \u0130lk\u00f6\u011fretim Okulu&#8217;ndan 6 \u00f6\u011frencinin k\u00fct\u00fcphaneyi ziyaret etti\u011fini anlatarak, \u015f\u00f6yle konu\u015ftu:<\/p>\n<p style=\"text-align: justify;\">&#8221;Bu \u00e7ocuklar, \u00f6\u011fretmenleriyle gelmi\u015flerdi. Bunlar, ta\u015f ve toprak d\u0131\u015f\u0131nda hi\u00e7bir oyunca\u011fa sahip olmam\u0131\u015flard\u0131. Bu duruma \u015fa\u015f\u0131rd\u0131k ve \u00fcz\u00fcld\u00fck. O \u00e7ocuklar\u0131m\u0131za buradan oyuncaklar\u0131 hediyeler \u015feklinde kendimiz sunduk. K\u00fct\u00fcphanede hayvan kost\u00fcmlerimiz var. Onlara kost\u00fcmler giydirdik. Foto\u011fraflar\u0131n\u0131 \u00e7ektik.&#8221;<\/p>\n<p style=\"text-align: justify;\">Oyuncak fiyatlar\u0131n\u0131n y\u00fcksek oldu\u011funa de\u011finen Tutuk, \u00e7ocuklar\u0131na oyuncak alamayan aileleri k\u00fct\u00fcphaneye beklediklerini s\u00f6zlerine ekledi.<\/p>\n<p style=\"text-align: justify;\">Kaynak: http:\/\/www.malatyagercek.com<\/p>\n","protected":false},"excerpt":{"rendered":"<p>Malatya \u00c7al\u0131\u015fanlar\u0131 \u00c7evre ve K\u00fclt\u00fcr Derne\u011fi&#8217;nin, \u0130l Milli E\u011fitim M\u00fcd\u00fcrl\u00fc\u011f\u00fc ile \u0130l Sosyal Yard\u0131mla\u015fma ve Dayan\u0131\u015fma Vakf\u0131 i\u015fbirli\u011fiyle haz\u0131rlad\u0131\u011f\u0131 &#8221;Gel Oyna, Al Oyna&#8221; adl\u0131 projenin y\u00fcr\u00fct\u00fcc\u00fcs\u00fc Okan Tutuk, AA muhabirine yapt\u0131\u011f\u0131 a\u00e7\u0131klamada, finans\u0131 Kalk\u0131nma Bakanl\u0131\u011f\u0131 taraf\u0131ndan kar\u015f\u0131lanan \u00e7al\u0131\u015fman\u0131n Malatya Valili\u011fi&#8217;nin koordinasyonunda hayata ge\u00e7irildi\u011fini s\u00f6yledi.<\/p>\n","protected":false},"author":1,"featured_media":0,"comment_status":"open","ping_status":"open","sticky":false,"template":"","format":"standard","meta":{"footnotes":""},"categories":[1,1594],"tags":[1439,1442],"class_list":["post-5462","post","type-post","status-publish","format-standard","hentry","category-genel","category-oyuncak-kutuphanesi","tag-cocuk-kutuphaneleri","tag-oyuncak-kutuphaneleri"],"_links":{"self":[{"href":"https:\/\/www.bbyhaber.com\/bby\/wp-json\/wp\/v2\/posts\/5462"}],"collection":[{"href":"https:\/\/www.bbyhaber.com\/bby\/wp-json\/wp\/v2\/posts"}],"about":[{"href":"https:\/\/www.bbyhaber.com\/bby\/wp-json\/wp\/v2\/types\/post"}],"author":[{"embeddable":true,"href":"https:\/\/www.bbyhaber.com\/bby\/wp-json\/wp\/v2\/users\/1"}],"replies":[{"embeddable":true,"href":"https:\/\/www.bbyhaber.com\/bby\/wp-json\/wp\/v2\/comments?post=5462"}],"version-history":[{"count":0,"href":"https:\/\/www.bbyhaber.com\/bby\/wp-json\/wp\/v2\/posts\/5462\/revisions"}],"wp:attachment":[{"href":"https:\/\/www.bbyhaber.com\/bby\/wp-json\/wp\/v2\/media?parent=5462"}],"wp:term":[{"taxonomy":"category","embeddable":true,"href":"https:\/\/www.bbyhaber.com\/bby\/wp-json\/wp\/v2\/categories?post=5462"},{"taxonomy":"post_tag","embeddable":true,"href":"https:\/\/www.bbyhaber.com\/bby\/wp-json\/wp\/v2\/tags?post=5462"}],"curies":[{"name":"wp","href":"https:\/\/api.w.org\/{rel}","templated":true}]}}