{"id":5460,"date":"2012-06-19T19:00:41","date_gmt":"2012-06-19T19:00:41","guid":{"rendered":"http:\/\/www.bbyhaber.com\/bby\/?p=5460"},"modified":"2012-06-19T19:00:41","modified_gmt":"2012-06-19T19:00:41","slug":"yalin-kilic-ahira-daldi-kutuphane-yapti","status":"publish","type":"post","link":"https:\/\/www.bbyhaber.com\/bby\/2012\/06\/19\/yalin-kilic-ahira-daldi-kutuphane-yapti","title":{"rendered":"Yal\u0131n K\u0131l\u0131\u00e7 ah\u0131ra dald\u0131, k\u00fct\u00fcphane yapt\u0131!"},"content":{"rendered":"<p style=\"text-align: justify;\"><a href=\"http:\/\/image.haber7.com\/haber\/haber7\/photos\/yalin_kilic_ahira_daldi_kutuphane_yapti13398225410_h891880.jpg\"><img loading=\"lazy\" decoding=\"async\" class=\"alignleft\" src=\"http:\/\/image.haber7.com\/haber\/haber7\/photos\/yalin_kilic_ahira_daldi_kutuphane_yapti13398225410_h891880.jpg\" alt=\"\" width=\"274\" height=\"148\" \/><\/a>Yal\u0131n K\u0131l\u0131\u00e7 Halk Okuma Evi&#8217;nin film senaryosu olacak bir hikayesi ve do\u011fal olarak bu hikayeyi yazan olduk\u00e7a ilgin\u00e7 bir kahraman\u0131 var. \u0130\u015fte ibretlik bir \u00f6yk\u00fc: Kozan il\u00e7esinde, babas\u0131ndan kalma evin ah\u0131r\u0131n\u0131 k\u00fct\u00fcphaneye \u00e7evirerek &#8221;Yal\u0131n K\u0131l\u0131\u00e7 Halk Okuma Evi&#8221; ad\u0131 alt\u0131nda hizmete sunan Yal\u0131n K\u0131l\u0131\u00e7 adl\u0131 kitapsever, 21 y\u0131lda biriktirdi\u011fi 30 bin kitapl\u0131k k\u00fct\u00fcphanesini geli\u015ftirmek ve ya\u015fatabilmek i\u00e7in \u00e7aba harc\u0131yor.<!--more--><\/p>\n<p style=\"text-align: justify;\">Yal\u0131n K\u0131l\u0131\u00e7, AA muhabirine yapt\u0131\u011f\u0131 a\u00e7\u0131klamada, 1990 y\u0131l\u0131nda evinin bir odas\u0131nda okudu\u011fu kitaplarla olu\u015fturdu\u011fu mini k\u00fct\u00fcphanenin mahalledeki \u00e7ocuklar taraf\u0131ndan s\u0131k\u00e7a ziyaret edilmesinden etkilenerek, gezici sa\u011fl\u0131k memuru olan babas\u0131n\u0131n at\u0131n\u0131 ba\u011flad\u0131\u011f\u0131 80 metrekarelik ah\u0131r\u0131 d\u00fczenledi\u011fini ve buray\u0131\u00a0 k\u00fct\u00fcphaneye \u00e7evirdi\u011fini s\u00f6yledi.<\/p>\n<p style=\"text-align: justify;\">G\u0131da, Tar\u0131m ve Hayvanc\u0131l\u0131k Bakanl\u0131\u011f\u0131&#8217;n\u0131n Ankara&#8217;daki de\u011fi\u015fik birimlerinde 30 y\u0131l g\u00f6rev yapt\u0131ktan sonra 1996 y\u0131l\u0131nda emekliye ayr\u0131ld\u0131\u011f\u0131n\u0131, b\u00f6ylece do\u011fdu\u011fu ve b\u00fcy\u00fcd\u00fc\u011f\u00fc il\u00e7eye daha s\u0131k gelerek kurdu\u011fu k\u00fct\u00fcphaneye daha fazla zaman ay\u0131rma imkan\u0131 buldu\u011funu anlatan emekli ziraat y\u00fcksek m\u00fchendisi K\u0131l\u0131\u00e7, &#8221;Yer bulamad\u0131\u011f\u0131m i\u00e7in ah\u0131r\u0131 k\u00fct\u00fcphaneye \u00e7evirdim. Elimdeki kitaplarla \u00f6nce bir oda doldu. Daha sonra bu \u00e7al\u0131\u015fmamdan haberdar olan kamu kurum ve kurulu\u015flar\u0131yla yay\u0131nevleri ve yazarlar kitap g\u00f6nderdi. Bir oda oldu, 2 oda, 3 oda, derken ah\u0131r da kitapla doldu. Ankara&#8217;dan f\u0131rsat bulduk\u00e7a Kozan&#8217;a geliyor, bir ka\u00e7 ay kal\u0131yor ve k\u00fct\u00fcphaneyi d\u00fczenliyorum. Yeni kitaplar\u0131 yerle\u015ftiriyor ve eski kitaplar\u0131n bak\u0131m\u0131n\u0131 yap\u0131yorum&#8221; dedi.<\/p>\n<p style=\"text-align: justify;\">K\u0131l\u0131\u00e7, kendisi yokken k\u00fct\u00fcphanenin \u00fcst kat\u0131ndaki evde ya\u015fayan erkek karde\u015finin ve e\u015finin k\u00fct\u00fcphaneyle ilgilendi\u011fini dile getirerek, &#8221;K\u00fct\u00fcphaneye \u00f6zellikle yak\u0131ndaki okullardan \u00f6\u011fretmen ve \u00f6\u011frencileri ile kitap okumay\u0131 seven mahalleli ve ara\u015ft\u0131rma yapanlar ilgi g\u00f6steriyor. Kitaplar\u0131, hi\u00e7bir maddi kazan\u00e7 d\u00fc\u015f\u00fcnmeden \u00f6d\u00fcn\u00e7 verme y\u00f6ntemiyle okurlara sunuyorum. Amac\u0131m, kitap sevgisini a\u015f\u0131lamak, insanlar\u0131 bilgiye bulu\u015fturmak, e\u011fitime katk\u0131da bulunmak. \u00d6mr\u00fcm\u00fcn sonuna kadar bu u\u011fra\u015f\u0131m\u0131 devam ettirece\u011fim&#8221; diye konu\u015ftu.<\/p>\n<p style=\"text-align: justify;\">-A\u00e7\u0131lmam\u0131\u015f 100 koli kitap, raf bekliyor-<\/p>\n<p style=\"text-align: justify;\">Kendisinden sonra daha iyi bir mekanda hizmet veren, ya\u015fayan bir k\u00fct\u00fcphane b\u0131rakmak i\u00e7in 1997 y\u0131l\u0131nda Yal\u0131n K\u0131l\u0131\u00e7 E\u011fitim, K\u00fclt\u00fcr, Sanat ve \u00c7evre Vakf\u0131&#8217;n\u0131 kurdu\u011funu belirten K\u0131l\u0131\u00e7, \u015funlar\u0131 kaydetti:<\/p>\n<p style=\"text-align: justify;\">&#8221;Kitap say\u0131s\u0131n\u0131n g\u00fcnden g\u00fcne artmas\u0131 ve yerin dar gelmesi sebebiyle, m\u00fcstakil bir binan\u0131n yap\u0131lmas\u0131 ve okurlara hizmetin aksamadan ula\u015ft\u0131r\u0131lmas\u0131 ka\u00e7\u0131n\u0131lmaz olmu\u015ftur. Bu da ancak yap\u0131lacak ba\u011f\u0131\u015flar ve desteklerle olabilecektir. Zaten vakf\u0131n kurulmas\u0131ndaki temel ama\u00e7 da budur. Ancak bug\u00fcne kadar bu d\u00fc\u015f\u00fcnceyi ger\u00e7ekle\u015ftirmedim. 3 ayl\u0131k emekli maa\u015f\u0131m\u0131n \u00f6nemli bir b\u00f6l\u00fcm\u00fcn\u00fc bu k\u00fct\u00fcphanenin giderlerine harcayarak ayakta tutmaya \u00e7al\u0131\u015f\u0131yorum. Kitap ba\u011f\u0131\u015f\u0131 tekliflerini, bir ka\u00e7 y\u0131ld\u0131r yer olmad\u0131\u011f\u0131 i\u00e7in geri \u00e7eviriyorum. Evin ba\u015fka bir k\u0131sm\u0131ndaki depoda yer s\u0131k\u0131nt\u0131s\u0131 sebebiyle a\u00e7\u0131lmam\u0131\u015f 100 koli daha kitap var. \u00d6nemli olan bu kitaplar\u0131 buraya s\u0131k\u0131\u015ft\u0131rmak de\u011fil, okurlarla bulu\u015fturmak. Bu k\u00fct\u00fcphaneyi g\u00fczel bir binaya kavu\u015fturmak en b\u00fcy\u00fck hayalim. Bu konuda destek bekliyorum.&#8221;<\/p>\n<p style=\"text-align: justify;\">-1 sapan teslim edene 3 kitap hediye-<\/p>\n<p style=\"text-align: justify;\">K\u0131l\u0131\u00e7, \u00e7evre ve hayvan sevgisi kazand\u0131rmak istedi\u011fi \u00e7ocuklar\u0131 okumaya y\u00f6nlendirmek i\u00e7in ba\u015flatt\u0131\u011f\u0131 kampanya kapsam\u0131nda 1 sapan getirene 3 kitap hediye etti\u011fini s\u00f6yledi.<\/p>\n<p style=\"text-align: justify;\">Sapan yapmak i\u00e7in a\u011fa\u00e7lar\u0131n kesildi\u011fini, ku\u015flar\u0131n sapanla vurularak do\u011faya ve hayvanlara zarar verildi\u011fini anlatan K\u0131l\u0131\u00e7, &#8221;Hayvan sevgisine ve \u00e7evreye verilen zarara dikkati \u00e7ekebilmek, \u00e7ocuklar\u0131 k\u00fc\u00e7\u00fck ya\u015fta okumaya te\u015fvik etmek i\u00e7in bir sapan getirene 3 \u00f6yk\u00fc kitab\u0131 da\u011f\u0131t\u0131yorum. Yakla\u015f\u0131k bin 500 sapan toplad\u0131m. Bu sosyal projem sebebiyle Vak\u0131flar Genel M\u00fcd\u00fcrl\u00fc\u011f\u00fc&#8217;nce 2007 y\u0131l\u0131nda &#8216;Vak\u0131f \u0130nsan&#8217; \u00f6d\u00fcl\u00fcne lay\u0131k g\u00f6r\u00fcld\u00fcm. 2000 y\u0131l\u0131nda da K\u00fclt\u00fcr ve Turizm Bakanl\u0131\u011f\u0131, k\u00fct\u00fcphanemin kurulu\u015f \u00f6yk\u00fcs\u00fcn\u00fc ve amac\u0131n\u0131n anlat\u0131ld\u0131\u011f\u0131 bir kitap yay\u0131mlam\u0131\u015ft\u0131&#8221; dedi.<\/p>\n<p style=\"text-align: justify;\">Kaynak: http:\/\/www.haber7.com<\/p>\n","protected":false},"excerpt":{"rendered":"<p>Yal\u0131n K\u0131l\u0131\u00e7 Halk Okuma Evi&#8217;nin film senaryosu olacak bir hikayesi ve do\u011fal olarak bu hikayeyi yazan olduk\u00e7a ilgin\u00e7 bir kahraman\u0131 var. \u0130\u015fte ibretlik bir \u00f6yk\u00fc: Kozan il\u00e7esinde, babas\u0131ndan kalma evin ah\u0131r\u0131n\u0131 k\u00fct\u00fcphaneye \u00e7evirerek &#8221;Yal\u0131n K\u0131l\u0131\u00e7 Halk Okuma Evi&#8221; ad\u0131 alt\u0131nda hizmete sunan Yal\u0131n K\u0131l\u0131\u00e7 adl\u0131 kitapsever, 21 y\u0131lda biriktirdi\u011fi 30 bin kitapl\u0131k k\u00fct\u00fcphanesini geli\u015ftirmek ve [&hellip;]<\/p>\n","protected":false},"author":1,"featured_media":0,"comment_status":"open","ping_status":"open","sticky":false,"template":"","format":"standard","meta":{"footnotes":""},"categories":[1],"tags":[],"class_list":["post-5460","post","type-post","status-publish","format-standard","hentry","category-genel"],"_links":{"self":[{"href":"https:\/\/www.bbyhaber.com\/bby\/wp-json\/wp\/v2\/posts\/5460"}],"collection":[{"href":"https:\/\/www.bbyhaber.com\/bby\/wp-json\/wp\/v2\/posts"}],"about":[{"href":"https:\/\/www.bbyhaber.com\/bby\/wp-json\/wp\/v2\/types\/post"}],"author":[{"embeddable":true,"href":"https:\/\/www.bbyhaber.com\/bby\/wp-json\/wp\/v2\/users\/1"}],"replies":[{"embeddable":true,"href":"https:\/\/www.bbyhaber.com\/bby\/wp-json\/wp\/v2\/comments?post=5460"}],"version-history":[{"count":0,"href":"https:\/\/www.bbyhaber.com\/bby\/wp-json\/wp\/v2\/posts\/5460\/revisions"}],"wp:attachment":[{"href":"https:\/\/www.bbyhaber.com\/bby\/wp-json\/wp\/v2\/media?parent=5460"}],"wp:term":[{"taxonomy":"category","embeddable":true,"href":"https:\/\/www.bbyhaber.com\/bby\/wp-json\/wp\/v2\/categories?post=5460"},{"taxonomy":"post_tag","embeddable":true,"href":"https:\/\/www.bbyhaber.com\/bby\/wp-json\/wp\/v2\/tags?post=5460"}],"curies":[{"name":"wp","href":"https:\/\/api.w.org\/{rel}","templated":true}]}}