{"id":5442,"date":"2012-06-19T10:59:12","date_gmt":"2012-06-19T10:59:12","guid":{"rendered":"http:\/\/www.bbyhaber.com\/bby\/?p=5442"},"modified":"2012-06-19T10:59:34","modified_gmt":"2012-06-19T10:59:34","slug":"e-kitap-bin-barajini-asti","status":"publish","type":"post","link":"https:\/\/www.bbyhaber.com\/bby\/2012\/06\/19\/e-kitap-bin-barajini-asti","title":{"rendered":"E-kitap bin baraj\u0131n\u0131 a\u015ft\u0131"},"content":{"rendered":"<p style=\"text-align: justify;\"><a href=\"http:\/\/www.bbyhaber.com\/bby\/wp-content\/uploads\/2012\/06\/e-kitap.jpg\"><img loading=\"lazy\" decoding=\"async\" class=\"alignleft size-thumbnail wp-image-5443\" title=\"e-kitap\" src=\"http:\/\/www.bbyhaber.com\/bby\/wp-content\/uploads\/2012\/06\/e-kitap.jpg\" alt=\"\" width=\"250\" height=\"184\" \/><\/a>T\u00fcrkiye&#8217;de 2010&#8217;da yay\u0131nlanan e-kitap say\u0131s\u0131 646 iken, 2011&#8217;de ilk kez 1000 baraj\u0131 a\u015f\u0131larak bin 314 e-kitap yay\u0131nland\u0131.. T\u00fcm d\u00fcnyada oldu\u011fu gibi T\u00fcrkiye&#8217;de de h\u0131zl\u0131 \u015fekilde yay\u0131lan e-kitap uygulamas\u0131, yay\u0131nc\u0131l\u0131k sekt\u00f6r\u00fcnde \u00f6nemli bir pazar pay\u0131 ta\u015f\u0131yor. Dijital yay\u0131nc\u0131l\u0131\u011f\u0131n gelecekte daha da b\u00fcy\u00fcyece\u011fi ve \u00f6nem kazanaca\u011f\u0131 \u00f6ng\u00f6r\u00fcl\u00fcrken, yay\u0131nc\u0131lar\u0131n, yazarlar\u0131n ve da\u011f\u0131t\u0131mc\u0131lar\u0131n planlar\u0131n\u0131 buna g\u00f6re yapmalar\u0131 \u00f6neriliyor. \u00d6te yandan alan\u0131n yeni olmas\u0131 ve yeni uygulamalar endi\u015feleri de beraberinde getiriyor.<!--more--><\/p>\n<p style=\"text-align: justify;\">Bas\u0131n Yay\u0131n Birli\u011fi Ba\u015fkan\u0131 M\u00fcnir \u00dcst\u00fcn, T\u00fcrkiye&#8217;de dijital yay\u0131nc\u0131l\u0131k sekt\u00f6r\u00fcn\u00fcn \u00e7ok yeni oldu\u011funu, bunun baz\u0131 belirsizlikleri de beraberinde getirdi\u011fini s\u00f6yledi.Uluslararas\u0131 kitap fuarlar\u0131nda kat\u0131l\u0131mc\u0131lar\u0131n ve ziyaret\u00e7ilerin dijital yay\u0131nc\u0131l\u0131\u011f\u0131 kabullendiklerini g\u00f6zlemlediklerini anlatan \u00dcst\u00fcn, T\u00fcrk edebiyat\u0131n\u0131 yurt d\u0131\u015f\u0131nda tan\u0131tmak i\u00e7in \u00e7evirinin yan\u0131 s\u0131ra teknolojiye de ihtiya\u00e7 oldu\u011funu belirtti.<\/p>\n<p style=\"text-align: justify;\">Elektronik kitap ticaretinin d\u00fcnyada yay\u0131nc\u0131l\u0131k alan\u0131nda \u00f6nemli bir yeri oldu\u011funa de\u011finen \u00dcst\u00fcn, T\u00fcrkiye&#8217;deki sekt\u00f6r\u00fcn de buna g\u00f6re haz\u0131rl\u0131k ve plan yapmas\u0131 gerekti\u011fini bildirdi. Dijital \u00e7a\u011f\u0131n gereklerine uyulmas\u0131 gerekti\u011fini ifade eden \u00dcst\u00fcn, &#8221;e-Kitap ticaretinde ve uygulamalar\u0131nda gerekli g\u00fcvenlik tedbirlerinin al\u0131nmas\u0131n\u0131 \u00e7ok \u00f6nemsiyoruz. \u0130\u00e7eriklerin ve haklar\u0131n g\u00fcvenli\u011finin sa\u011flanmas\u0131 \u00e7ok \u00f6nemli&#8221; dedi.<\/p>\n<p style=\"text-align: justify;\">Altyap\u0131 sorunlar\u0131 nedeniyle biraz a\u011f\u0131r ilerlese de T\u00fcrkiye&#8217;nin d\u00fcnya \u00f6l\u00e7e\u011finde e-kitap sat\u0131\u015flar\u0131n\u0131 yakalayaca\u011f\u0131na inand\u0131\u011f\u0131n\u0131 dile getiren \u00dcst\u00fcn, \u015funlar\u0131 kaydetti:<\/p>\n<p style=\"text-align: justify;\">&#8221;e-Kitap sevilirse \u00e7ok ses getirecektir. e-Kitap ger\u00e7e\u011fini ve internet teknolojisini kabul ederek mevcut duruma yo\u011funla\u015fmam\u0131z gerekiyor. T\u00fcrkiye&#8217;de dijital yay\u0131nc\u0131l\u0131k hen\u00fcz bebeklik d\u00f6neminde. B\u00fct\u00fcn yay\u0131nc\u0131lar, yazarlar, \u00e7evirmenler k\u0131saca yay\u0131n i\u015fiyle u\u011fra\u015fan b\u00fct\u00fcn profesyoneller endi\u015feli. Bu endi\u015fenin nedeni alan\u0131n yeni olmas\u0131 ayr\u0131ca al\u0131\u015fk\u0131n olmad\u0131\u011f\u0131m\u0131z yenilikler getirmesi. e-Kitap bir \u00e7al\u0131\u015fma ve maliyet getiriyor. Kitaplar\u0131n\u0131z\u0131 farkl\u0131 formatlarda okuyucunun hizmetine sunman\u0131z laz\u0131m. e-Kitap, KDV uygulamas\u0131, vergisi, sat\u0131\u015f\u0131, takibi, g\u00fcvenilirli\u011fi hepsi \u015fu anda soru i\u015fareti. Yay\u0131nc\u0131lar\u0131m\u0131z\u0131n ve yazarlar\u0131m\u0131z\u0131n veya sekt\u00f6r\u00fcn e-kitap konusunda yat\u0131r\u0131m yapma, d\u00fc\u015f\u00fcnme, uygulama ve pazarlama y\u00f6ntemlerinde hata yapmama zaman\u0131.&#8221; 2011&#8217;de, bin 314 e-kitap yay\u0131nland\u0131<br \/>\nElektronik yay\u0131nc\u0131l\u0131k sekt\u00f6r\u00fcn\u00fcn T\u00fcrkiye&#8217;de yeni geli\u015fti\u011fine dikkati \u00e7eken \u00dcst\u00fcn, \u015fu bilgileri verdi:<\/p>\n<p style=\"text-align: justify;\">&#8221;e-Kitap, t\u00fcm yay\u0131nc\u0131l\u0131k sekt\u00f6r\u00fc i\u00e7indeki yeri hen\u00fcz y\u00fczde 0,3 civar\u0131nda ama yeni bir alan olmas\u0131na ra\u011fmen ciddi bir hacim b\u00fcy\u00fcmesi i\u00e7ine girdi. Sadece 2010 ile 2011 y\u0131llar\u0131 aras\u0131nda e-Kitap sat\u0131\u015flar\u0131 y\u00fczde 100&#8217;\u00fc a\u015fan bir b\u00fcy\u00fcme ya\u015fad\u0131. 2010&#8217;da \u00fclkemizde yay\u0131nlanan e-kitap say\u0131s\u0131 646 iken, 2011&#8217;de ilk kez 1000 baraj\u0131 a\u015f\u0131larak bin 314 e-kitap yay\u0131nland\u0131. En \u00e7ok yay\u0131nlanan materyaller e-kitap ve web ortam\u0131nda yay\u0131nlanan online dergiler.&#8221;<\/p>\n<p style=\"text-align: justify;\">\u00dcst\u00fcn, T\u00fcrk e\u011fitim sisteminde yeni bir uygulama olan Fatih Program\u0131&#8217;na ili\u015fkin, &#8221;Bu devrim niteli\u011finde bir program. T\u00fcrkiye&#8217;de etki g\u00fcc\u00fc en y\u00fcksek programlardan biri olacak. Kitapla ilgili herkesi, her kesimi maddi ve manevi anlamda iyi etkileyece\u011fini umuyorum. 15 milyon \u00f6\u011frenciyi ve ailelerini kitapla, k\u00fclt\u00fcrle, internetle diyalo\u011fa ge\u00e7irecek b\u00fcy\u00fck bir devrim&#8221; de\u011ferlendirmesinde bulundu.<\/p>\n<p style=\"text-align: justify;\">Kaynak: http:\/\/www.ntvmsnbc.com<\/p>\n","protected":false},"excerpt":{"rendered":"<p>T\u00fcrkiye&#8217;de 2010&#8217;da yay\u0131nlanan e-kitap say\u0131s\u0131 646 iken, 2011&#8217;de ilk kez 1000 baraj\u0131 a\u015f\u0131larak bin 314 e-kitap yay\u0131nland\u0131.. T\u00fcm d\u00fcnyada oldu\u011fu gibi T\u00fcrkiye&#8217;de de h\u0131zl\u0131 \u015fekilde yay\u0131lan e-kitap uygulamas\u0131, yay\u0131nc\u0131l\u0131k sekt\u00f6r\u00fcnde \u00f6nemli bir pazar pay\u0131 ta\u015f\u0131yor. Dijital yay\u0131nc\u0131l\u0131\u011f\u0131n gelecekte daha da b\u00fcy\u00fcyece\u011fi ve \u00f6nem kazanaca\u011f\u0131 \u00f6ng\u00f6r\u00fcl\u00fcrken, yay\u0131nc\u0131lar\u0131n, yazarlar\u0131n ve da\u011f\u0131t\u0131mc\u0131lar\u0131n planlar\u0131n\u0131 buna g\u00f6re yapmalar\u0131 \u00f6neriliyor. \u00d6te [&hellip;]<\/p>\n","protected":false},"author":1,"featured_media":0,"comment_status":"open","ping_status":"open","sticky":false,"template":"","format":"standard","meta":{"footnotes":""},"categories":[1560,1480,1481,1],"tags":[330],"class_list":["post-5442","post","type-post","status-publish","format-standard","hentry","category-dijital-yayincilik","category-e-book","category-e-kitap","category-genel","tag-e-yayincilik"],"_links":{"self":[{"href":"https:\/\/www.bbyhaber.com\/bby\/wp-json\/wp\/v2\/posts\/5442"}],"collection":[{"href":"https:\/\/www.bbyhaber.com\/bby\/wp-json\/wp\/v2\/posts"}],"about":[{"href":"https:\/\/www.bbyhaber.com\/bby\/wp-json\/wp\/v2\/types\/post"}],"author":[{"embeddable":true,"href":"https:\/\/www.bbyhaber.com\/bby\/wp-json\/wp\/v2\/users\/1"}],"replies":[{"embeddable":true,"href":"https:\/\/www.bbyhaber.com\/bby\/wp-json\/wp\/v2\/comments?post=5442"}],"version-history":[{"count":0,"href":"https:\/\/www.bbyhaber.com\/bby\/wp-json\/wp\/v2\/posts\/5442\/revisions"}],"wp:attachment":[{"href":"https:\/\/www.bbyhaber.com\/bby\/wp-json\/wp\/v2\/media?parent=5442"}],"wp:term":[{"taxonomy":"category","embeddable":true,"href":"https:\/\/www.bbyhaber.com\/bby\/wp-json\/wp\/v2\/categories?post=5442"},{"taxonomy":"post_tag","embeddable":true,"href":"https:\/\/www.bbyhaber.com\/bby\/wp-json\/wp\/v2\/tags?post=5442"}],"curies":[{"name":"wp","href":"https:\/\/api.w.org\/{rel}","templated":true}]}}