{"id":5437,"date":"2012-06-19T08:05:36","date_gmt":"2012-06-19T08:05:36","guid":{"rendered":"http:\/\/www.bbyhaber.com\/bby\/?p=5437"},"modified":"2012-09-07T17:44:49","modified_gmt":"2012-09-07T14:44:49","slug":"bir-kutuphane-daha-projesi-eskisehir","status":"publish","type":"post","link":"https:\/\/www.bbyhaber.com\/bby\/2012\/06\/19\/bir-kutuphane-daha-projesi-eskisehir","title":{"rendered":"&#8220;Bir k\u00fct\u00fcphane daha&#8221; projesi-Eski\u015fehir"},"content":{"rendered":"<p style=\"text-align: justify;\">Anadolu ve Osmangazi \u00dcniversitesi \u00f6\u011frencilerinin projesi olan \u201cBir K\u00fct\u00fcphane Daha\u201d, ilk k\u00fct\u00fcphanesini Sat\u0131lm\u0131\u015fo\u011flu K\u00f6y\u00fc\u2019ndeki \u015e\u00fckr\u00fc Sever \u0130.\u00d6.O\u2019na a\u00e7t\u0131.\u00a0K\u00fct\u00fcphane imk\u00e2n\u0131 bulunmayan okullara k\u00fct\u00fcphaneler kurmay\u0131 ve bu yolla \u00f6\u011frencileri kitap okumaya te\u015fvik etmeyi ama\u00e7layan proje kapsam\u0131nda kurulan k\u00fct\u00fcphanenin a\u00e7\u0131l\u0131\u015f\u0131n\u0131 Tepeba\u015f\u0131 Kaymakam\u0131 Necdet T\u00fcrker yapt\u0131. <!--more--><\/p>\n<p style=\"text-align: justify;\">T\u00fcrker, yapt\u0131\u011f\u0131 a\u00e7\u0131klamada, \u201cGen\u00e7lerin bu t\u00fcr \u00e7al\u0131\u015fmalar yapmas\u0131 \u00e7ok g\u00fczel. Bu k\u00fct\u00fcphane onlar\u0131n eme\u011fidir, biz de elimizden geldi\u011fince destek verdi\u201d dedi. K\u00fct\u00fcphanenin a\u00e7\u0131l\u0131\u015f\u0131na Tepeba\u015f\u0131 Milli E\u011fitim M\u00fcd\u00fcr\u00fc Taki Ersoy, Tepeba\u015f\u0131 Milli E\u011fitim \u015eube M\u00fcd\u00fcr\u00fc Mustafa Eser, Tepeba\u015f\u0131 Sosyal Dayan\u0131\u015fma ve Yard\u0131mla\u015fma Vakf\u0131 M\u00fcd\u00fcr Yasin \u00d6zkaya ve \u00e7ok say\u0131da yetkili kat\u0131ld\u0131.<\/p>\n<p style=\"text-align: justify;\">Kaynak: http:\/\/www.sonhaber.com.tr<\/p>\n","protected":false},"excerpt":{"rendered":"<p>Anadolu ve Osmangazi \u00dcniversitesi \u00f6\u011frencilerinin projesi olan \u201cBir K\u00fct\u00fcphane Daha\u201d, ilk k\u00fct\u00fcphanesini Sat\u0131lm\u0131\u015fo\u011flu K\u00f6y\u00fc\u2019ndeki \u015e\u00fckr\u00fc Sever \u0130.\u00d6.O\u2019na a\u00e7t\u0131.\u00a0K\u00fct\u00fcphane imk\u00e2n\u0131 bulunmayan okullara k\u00fct\u00fcphaneler kurmay\u0131 ve bu yolla \u00f6\u011frencileri kitap okumaya te\u015fvik etmeyi ama\u00e7layan proje kapsam\u0131nda kurulan k\u00fct\u00fcphanenin a\u00e7\u0131l\u0131\u015f\u0131n\u0131 Tepeba\u015f\u0131 Kaymakam\u0131 Necdet T\u00fcrker yapt\u0131.<\/p>\n","protected":false},"author":1,"featured_media":0,"comment_status":"open","ping_status":"open","sticky":false,"template":"","format":"standard","meta":{"footnotes":""},"categories":[1],"tags":[845],"class_list":["post-5437","post","type-post","status-publish","format-standard","hentry","category-genel","tag-okul-kutuphaneleri"],"_links":{"self":[{"href":"https:\/\/www.bbyhaber.com\/bby\/wp-json\/wp\/v2\/posts\/5437"}],"collection":[{"href":"https:\/\/www.bbyhaber.com\/bby\/wp-json\/wp\/v2\/posts"}],"about":[{"href":"https:\/\/www.bbyhaber.com\/bby\/wp-json\/wp\/v2\/types\/post"}],"author":[{"embeddable":true,"href":"https:\/\/www.bbyhaber.com\/bby\/wp-json\/wp\/v2\/users\/1"}],"replies":[{"embeddable":true,"href":"https:\/\/www.bbyhaber.com\/bby\/wp-json\/wp\/v2\/comments?post=5437"}],"version-history":[{"count":0,"href":"https:\/\/www.bbyhaber.com\/bby\/wp-json\/wp\/v2\/posts\/5437\/revisions"}],"wp:attachment":[{"href":"https:\/\/www.bbyhaber.com\/bby\/wp-json\/wp\/v2\/media?parent=5437"}],"wp:term":[{"taxonomy":"category","embeddable":true,"href":"https:\/\/www.bbyhaber.com\/bby\/wp-json\/wp\/v2\/categories?post=5437"},{"taxonomy":"post_tag","embeddable":true,"href":"https:\/\/www.bbyhaber.com\/bby\/wp-json\/wp\/v2\/tags?post=5437"}],"curies":[{"name":"wp","href":"https:\/\/api.w.org\/{rel}","templated":true}]}}