{"id":5423,"date":"2012-06-18T15:33:53","date_gmt":"2012-06-18T15:33:53","guid":{"rendered":"http:\/\/www.bbyhaber.com\/bby\/?p=5423"},"modified":"2012-06-18T15:36:27","modified_gmt":"2012-06-18T15:36:27","slug":"uluslararasi-kibris-universitesi-uku-kutuphane-muduru-gulten-salanin-tubitak-ulakbim-ekual-toplantisi-degerlendirmesi","status":"publish","type":"post","link":"https:\/\/www.bbyhaber.com\/bby\/2012\/06\/18\/uluslararasi-kibris-universitesi-uku-kutuphane-muduru-gulten-salanin-tubitak-ulakbim-ekual-toplantisi-degerlendirmesi","title":{"rendered":"Uluslararas\u0131 K\u0131br\u0131s \u00dcniversitesi (UK\u00dc) K\u00fct\u00fcphane M\u00fcd\u00fcr\u00fc G\u00fclten Sala&#8217;n\u0131n T\u00dcB\u0130TAK Ulakbim EKUAL Toplant\u0131s\u0131 De\u011ferlendirmesi"},"content":{"rendered":"<p style=\"text-align: justify;\">Sala, bu y\u0131l Antalya\u2019da d\u00fczenlenen ve iki g\u00fcn s\u00fcren <a title=\"T\u00dcB\u0130TAK ULAKB\u0130M EKUAL VIII. Y\u0131ll\u0131k Toplant\u0131s\u0131\" href=\"http:\/\/www.bbyhaber.com\/bby\/2012\/02\/27\/tubitak-ulakbim-ekual-viii-yillik-toplantisi\/\">T\u00dcB\u0130TAK ULAKB\u0130M EKUAL 8. Y\u0131ll\u0131k Toplant\u0131s\u0131 <\/a>\u00a0\u00e7er\u00e7evesinde ULAKB\u0130M Ba\u015fuzman\u0131 Ahmet Emre Ayd\u0131n\u2019\u0131n ba\u015fkanl\u0131k yapt\u0131\u011f\u0131 \u201cK\u00fct\u00fcphaneci Bak\u0131\u015f A\u00e7\u0131s\u0131ndan EKUAL\u201d konulu panelde yer ald\u0131. Uluslararas\u0131 K\u0131br\u0131s \u00dcniversitesi K\u00fct\u00fcphane M\u00fcd\u00fcr\u00fc G\u00fclten Sala yapt\u0131\u011f\u0131 a\u00e7\u0131klamada kullan\u0131c\u0131lar\u0131n bilgi ihtiya\u00e7lar\u0131na cevap verebilmek ve geli\u015fen teknolojiye paralel olarak ilerleyen k\u00fct\u00fcphanelerin EKUAL kapsam\u0131nda ara\u015ft\u0131rmac\u0131lara ve \u00fcniversitelere sunmu\u015f oldu\u011fu hizmetin memnuniyet verici oldu\u011funu belirtti. <!--more-->Sala, EKUAL hizmeti\u00a0 kapsam\u0131nda \u00fcniversitelerin, harp okullar\u0131 ve polis akademisi ile sa\u011fl\u0131k bilimleri e\u011fitim ve ara\u015ft\u0131rma hastahanelerinin 13 bin 528 tam e-dergiye, 880 bin konferans bildirisine, bin 800 standarta, intihal analiz ve bibliyografik\/at\u0131f veritaban\u0131na eri\u015febildi\u011fine de dikkat \u00e7ekti.<\/p>\n<p style=\"text-align: justify;\">Uluslararas\u0131 K\u0131br\u0131s \u00dcniversitesi K\u00fct\u00fcphane M\u00fcd\u00fcr\u00fc G\u00fclten Sala yapm\u0131\u015f oldu\u011fu a\u00e7\u0131klamada \u201cULAKB\u0130M, temel misyonu gere\u011fi, \u00fclkemizdeki akademik bilgi \u00fcretimini etkinle\u015ftirmek, bilgi hizmetlerini ulusal \u00f6l\u00e7ekte yayg\u0131nla\u015ft\u0131rmak ve bilimsel bilgiye eri\u015fimde ara\u015ft\u0131rmac\u0131lar aras\u0131nda f\u0131rsat e\u015fitli\u011fi yaratmak amac\u0131yla elektronik kaynaklar\u0131 hizmetimize sunmu\u015ftur.\u201d dedi. Sala, UK\u00dc K\u00fct\u00fcphanesi\u2019nin, EKUAL sayesinde bir\u00e7ok kayna\u011fa eri\u015fim sa\u011flad\u0131\u011f\u0131n\u0131 kaydederek katk\u0131lar\u0131n\u0131 \u015fu s\u00f6zlerle aktard\u0131: \u201cEKUAL veritabanlar\u0131, k\u00fct\u00fcphanemizin kullan\u0131m\u0131, gereksinimi, d\u00fczeyi ve beklentisine uygundur. Veritabanlar\u0131m\u0131z sayesinde akademisyenlerimiz bir\u00e7ok projeye imza atm\u0131\u015f ve yapm\u0131\u015f olduklar\u0131 \u00e7al\u0131\u015fmalarla at\u0131f alm\u0131\u015flard\u0131r. EKUAL veritabanlar\u0131 kullan\u0131m\u0131 ile \u00fclkemizdeki bilimsel bilgi \u00fcretiminin etkinle\u015ftirilmesine katk\u0131 sa\u011flad\u0131k.<\/p>\n<p style=\"text-align: justify;\">Bilim ve teknik alan\u0131ndaki geli\u015fmelerin izlerinin art\u0131k ya\u015fam\u0131n her alan\u0131nda yayg\u0131n bir bi\u00e7imde g\u00f6r\u00fcld\u00fc\u011f\u00fcn\u00fc de belirten G\u00fclten Sala, \u201cBilim ve teknolojideki geli\u015fmelere paralel olarak k\u00fct\u00fcphanemiz bilgiye\u00a0 kolay ula\u015fabilme ve ucuz maliyet olana\u011f\u0131 sunmaktad\u0131r. Hizmetin h\u0131zl\u0131, zaman ve mekan s\u0131n\u0131r\u0131 olmadan sunulur hale gelmesi kullan\u0131c\u0131 memnuniyetini art\u0131rm\u0131\u015ft\u0131r. UK\u00dc K\u00fct\u00fcphanesi yeni projelere imza atmaya devam edecektir.\u201d dedi.<\/p>\n<p style=\"text-align: justify;\">ULAKB\u0130M\u2019den yeni proje<\/p>\n<p style=\"text-align: justify;\">T\u00dcB\u0130TAK ULAKB\u0130M EKUAL 8. Y\u0131ll\u0131k Toplant\u0131s\u0131\u2019na kat\u0131lan Sala, T\u00dcB\u0130TAK ULAKB\u0130M\u2019in bu y\u0131l kullan\u0131c\u0131lar\u0131n akademik bilgi ihtiya\u00e7lar\u0131n\u0131n kar\u015f\u0131lanmas\u0131 amac\u0131yla bilgi merkezlerinin kaynak payla\u015f\u0131m\u0131nda i\u015fbirli\u011fi yapmalar\u0131 i\u00e7in T\u00fcrkiye Belge Sa\u011flama ve \u00d6d\u00fcn\u00e7 Verme Sistemi (T\u00dcBESS) ad\u0131 verilen bir projeye imza att\u0131\u011f\u0131n\u0131 kaydetti. G\u00fclten Sala, kaynak payla\u015f\u0131m\u0131 T\u00dcBESS&#8217;e dahil olan bilgi merkezinin Belge Sa\u011flama Birimleri arac\u0131l\u0131\u011f\u0131 ile fotokopi ve \u00f6d\u00fcn\u00e7 verme \u015feklinde ger\u00e7ekle\u015ftirilece\u011fini de belirterek toplant\u0131 \u00e7er\u00e7evesinde ger\u00e7ekle\u015ftirilen T\u00dcB\u0130TAK ULAKB\u0130M T\u00fcrkiye Belge Sa\u011flama ve \u00d6d\u00fcn\u00e7 Verme Sistemi (T\u00dcBESS) ba\u015fl\u0131kl\u0131 \u00e7al\u0131\u015ftaya T\u00fcrkiye\u2019den ve KKTC\u2019den bir\u00e7ok \u00fcniversitenin kat\u0131ld\u0131\u011f\u0131 bilgisini verdi. T\u00dcB\u0130TAK ULAKB\u0130M\u2019den al\u0131nan istatistiklere g\u00f6re T\u00dcBESS hesab\u0131n\u0131 aktive eden 55 \u00fcniversitenin bulundu\u011funu aktaran Sala, bunlardan 22 tanesinin sistemi i\u015fler hale getirdi\u011fini ve UK\u00dc K\u00fct\u00fcphanesi\u2019nin de KKTC\u2019de bu sisteme \u00fcye olan, sistemi i\u015fler hale getiren 22 \u00fcniversiteden biri oldu\u011funu belirtti.<\/p>\n<p style=\"text-align: justify;\">Kayna: http:\/\/www.kibrispostasi.com<\/p>\n","protected":false},"excerpt":{"rendered":"<p>Sala, bu y\u0131l Antalya\u2019da d\u00fczenlenen ve iki g\u00fcn s\u00fcren T\u00dcB\u0130TAK ULAKB\u0130M EKUAL 8. Y\u0131ll\u0131k Toplant\u0131s\u0131 \u00a0\u00e7er\u00e7evesinde ULAKB\u0130M Ba\u015fuzman\u0131 Ahmet Emre Ayd\u0131n\u2019\u0131n ba\u015fkanl\u0131k yapt\u0131\u011f\u0131 \u201cK\u00fct\u00fcphaneci Bak\u0131\u015f A\u00e7\u0131s\u0131ndan EKUAL\u201d konulu panelde yer ald\u0131. Uluslararas\u0131 K\u0131br\u0131s \u00dcniversitesi K\u00fct\u00fcphane M\u00fcd\u00fcr\u00fc G\u00fclten Sala yapt\u0131\u011f\u0131 a\u00e7\u0131klamada kullan\u0131c\u0131lar\u0131n bilgi ihtiya\u00e7lar\u0131na cevap verebilmek ve geli\u015fen teknolojiye paralel olarak ilerleyen k\u00fct\u00fcphanelerin EKUAL kapsam\u0131nda ara\u015ft\u0131rmac\u0131lara [&hellip;]<\/p>\n","protected":false},"author":1,"featured_media":0,"comment_status":"open","ping_status":"open","sticky":false,"template":"","format":"standard","meta":{"footnotes":""},"categories":[1],"tags":[266,329,247],"class_list":["post-5423","post","type-post","status-publish","format-standard","hentry","category-genel","tag-ekual","tag-tubess","tag-ulakbim"],"_links":{"self":[{"href":"https:\/\/www.bbyhaber.com\/bby\/wp-json\/wp\/v2\/posts\/5423"}],"collection":[{"href":"https:\/\/www.bbyhaber.com\/bby\/wp-json\/wp\/v2\/posts"}],"about":[{"href":"https:\/\/www.bbyhaber.com\/bby\/wp-json\/wp\/v2\/types\/post"}],"author":[{"embeddable":true,"href":"https:\/\/www.bbyhaber.com\/bby\/wp-json\/wp\/v2\/users\/1"}],"replies":[{"embeddable":true,"href":"https:\/\/www.bbyhaber.com\/bby\/wp-json\/wp\/v2\/comments?post=5423"}],"version-history":[{"count":0,"href":"https:\/\/www.bbyhaber.com\/bby\/wp-json\/wp\/v2\/posts\/5423\/revisions"}],"wp:attachment":[{"href":"https:\/\/www.bbyhaber.com\/bby\/wp-json\/wp\/v2\/media?parent=5423"}],"wp:term":[{"taxonomy":"category","embeddable":true,"href":"https:\/\/www.bbyhaber.com\/bby\/wp-json\/wp\/v2\/categories?post=5423"},{"taxonomy":"post_tag","embeddable":true,"href":"https:\/\/www.bbyhaber.com\/bby\/wp-json\/wp\/v2\/tags?post=5423"}],"curies":[{"name":"wp","href":"https:\/\/api.w.org\/{rel}","templated":true}]}}