{"id":5338,"date":"2012-06-15T20:10:52","date_gmt":"2012-06-15T20:10:52","guid":{"rendered":"http:\/\/www.bbyhaber.com\/bby\/?p=5338"},"modified":"2012-06-15T20:11:00","modified_gmt":"2012-06-15T20:11:00","slug":"osmanlidan-kalma-kutuphane-ziyarete-aciliyor","status":"publish","type":"post","link":"https:\/\/www.bbyhaber.com\/bby\/2012\/06\/15\/osmanlidan-kalma-kutuphane-ziyarete-aciliyor","title":{"rendered":"Osmanl\u0131&#8217;dan Kalma K\u00fct\u00fcphane Ziyarete A\u00e7\u0131l\u0131yor"},"content":{"rendered":"<p style=\"text-align: justify;\">Osmanl\u0131 zaman\u0131nda yap\u0131lan ve \u00f6zel m\u00fclkiyette bulunan Sinan Mahallesi&#8217;ndeki Sadrazam Dervi\u015f Mehmet Pa\u015fa K\u00fct\u00fcphanesi tamamlan\u0131yor. Burdur Belediyesi taraf\u0131ndan restore edilen Sadrazam Dervi\u015f Mehmet Pa\u015fa K\u00fct\u00fcphanesi, ilk yap\u0131ld\u0131\u011f\u0131 g\u00fcne uygun olarak yenileniyor. 19&#8217;uncu y\u00fczy\u0131lda Burdurlu Sadrazam Dervi\u015f Mehmet Pa\u015fa taraf\u0131ndan yapt\u0131r\u0131lan k\u00fct\u00fcphane, 1914&#8217;te depremde y\u0131k\u0131larak kullan\u0131lamaz hale geldi. Zamanla ev olarak kullan\u0131lmaya ba\u015flanan tarihi k\u00fct\u00fcphane \u00f6zel m\u00fclkiyete ge\u00e7ti.<!--more--><\/p>\n<p style=\"text-align: justify;\">\u00d6zel m\u00fclkiyette bulunan ve y\u0131k\u0131lmak \u00fczereyken k\u00fct\u00fcphanenin belediye taraf\u0131ndan sat\u0131n al\u0131nd\u0131\u011f\u0131n\u0131 belirten Burdur Belediye Ba\u015fkan\u0131 Sebahattin Akkaya, &#8220;Metruk durumdaki bina kurtar\u0131larak \u00f6zg\u00fcn i\u015flevini s\u00fcrd\u00fcrmek i\u00e7in restorasyon projesi haz\u0131rland\u0131, \u015fu anda \u00e7al\u0131\u015fmalar s\u00fcrd\u00fcr\u00fcl\u00fcyor. \u0130ki aya kadar tarihi k\u00fct\u00fcphane tamamlanacak. Herkesi k\u00fct\u00fcphanemizi g\u00f6rmeye bekliyoruz.&#8221; dedi.\u0130ki ay sonra turizme kazand\u0131r\u0131lacak olan k\u00fct\u00fcphanede, Osmanl\u0131 d\u00f6nemine ait kitaplarla tarih kitaplar\u0131 sergilenecek<\/p>\n<p style=\"text-align: justify;\">Kaynak: http:\/\/www.burdurilkadim.com<\/p>\n","protected":false},"excerpt":{"rendered":"<p>Osmanl\u0131 zaman\u0131nda yap\u0131lan ve \u00f6zel m\u00fclkiyette bulunan Sinan Mahallesi&#8217;ndeki Sadrazam Dervi\u015f Mehmet Pa\u015fa K\u00fct\u00fcphanesi tamamlan\u0131yor. Burdur Belediyesi taraf\u0131ndan restore edilen Sadrazam Dervi\u015f Mehmet Pa\u015fa K\u00fct\u00fcphanesi, ilk yap\u0131ld\u0131\u011f\u0131 g\u00fcne uygun olarak yenileniyor. 19&#8217;uncu y\u00fczy\u0131lda Burdurlu Sadrazam Dervi\u015f Mehmet Pa\u015fa taraf\u0131ndan yapt\u0131r\u0131lan k\u00fct\u00fcphane, 1914&#8217;te depremde y\u0131k\u0131larak kullan\u0131lamaz hale geldi. Zamanla ev olarak kullan\u0131lmaya ba\u015flanan tarihi k\u00fct\u00fcphane \u00f6zel [&hellip;]<\/p>\n","protected":false},"author":1,"featured_media":0,"comment_status":"open","ping_status":"open","sticky":false,"template":"","format":"standard","meta":{"footnotes":""},"categories":[1],"tags":[],"class_list":["post-5338","post","type-post","status-publish","format-standard","hentry","category-genel"],"_links":{"self":[{"href":"https:\/\/www.bbyhaber.com\/bby\/wp-json\/wp\/v2\/posts\/5338"}],"collection":[{"href":"https:\/\/www.bbyhaber.com\/bby\/wp-json\/wp\/v2\/posts"}],"about":[{"href":"https:\/\/www.bbyhaber.com\/bby\/wp-json\/wp\/v2\/types\/post"}],"author":[{"embeddable":true,"href":"https:\/\/www.bbyhaber.com\/bby\/wp-json\/wp\/v2\/users\/1"}],"replies":[{"embeddable":true,"href":"https:\/\/www.bbyhaber.com\/bby\/wp-json\/wp\/v2\/comments?post=5338"}],"version-history":[{"count":0,"href":"https:\/\/www.bbyhaber.com\/bby\/wp-json\/wp\/v2\/posts\/5338\/revisions"}],"wp:attachment":[{"href":"https:\/\/www.bbyhaber.com\/bby\/wp-json\/wp\/v2\/media?parent=5338"}],"wp:term":[{"taxonomy":"category","embeddable":true,"href":"https:\/\/www.bbyhaber.com\/bby\/wp-json\/wp\/v2\/categories?post=5338"},{"taxonomy":"post_tag","embeddable":true,"href":"https:\/\/www.bbyhaber.com\/bby\/wp-json\/wp\/v2\/tags?post=5338"}],"curies":[{"name":"wp","href":"https:\/\/api.w.org\/{rel}","templated":true}]}}