{"id":5321,"date":"2012-06-15T07:20:49","date_gmt":"2012-06-15T07:20:49","guid":{"rendered":"http:\/\/www.bbyhaber.com\/bby\/?p=5321"},"modified":"2012-06-15T07:20:57","modified_gmt":"2012-06-15T07:20:57","slug":"koy-cocuklarina-mini-kutuphane-yaptirildi-izmir-torbali","status":"publish","type":"post","link":"https:\/\/www.bbyhaber.com\/bby\/2012\/06\/15\/koy-cocuklarina-mini-kutuphane-yaptirildi-izmir-torbali","title":{"rendered":"K\u00f6y \u00c7ocuklar\u0131na Mini K\u00fct\u00fcphane Yapt\u0131r\u0131ld\u0131-\u0130zmir-Torbal\u0131"},"content":{"rendered":"<p style=\"text-align: justify;\">\u0130zmir\u2019in Torbal\u0131 il\u00e7esinde yay\u0131n yapan yerel bir gazetede muhabirin ba\u015flatt\u0131\u011f\u0131 \u201cK\u00f6y \u00c7ocuklar\u0131na Mini K\u00fct\u00fcphane Kampanyas\u0131\u201d kapsam\u0131nda Da\u011fk\u0131z\u0131lca k\u00f6y\u00fcne kurulan \u015eehit Gazeteciler Cem Emir ve Sabahattin Y\u0131lmaz K\u00fct\u00fcphanesi, g\u00f6rkemli bir a\u00e7\u0131l\u0131\u015fla hizmete sunuldu. A\u00e7\u0131l\u0131\u015fa Torbal\u0131 Kaymakam\u0131 Ayd\u0131n Mem\u00fck, \u0130l\u00e7e Emniyet M\u00fcd\u00fcr\u00fc Erg\u00fcn Gediz, M\u00fcft\u00fc Mehmet Akp\u0131nar, Gazeteciler Cemiyeti Ba\u015fkan\u0131 Mehmet Erg\u00fcn, AK Parti \u0130l\u00e7e Ba\u015fkan Yard\u0131mc\u0131s\u0131 Recep Toprak ve Kad\u0131n Kollar\u0131 te\u015fkilat\u0131, MHP \u0130l\u00e7e Ba\u015fkan\u0131 Yurdado\u011f Mutlu, <!--more-->B\u00fcy\u00fck Birlik Partisi (BBP) \u0130l\u00e7e Ba\u015fkan\u0131 Z\u00fclk\u00fcf Do\u011fan, Ticaret Odas\u0131 Meclis Ba\u015fkan\u0131 Abdulvahap Olgun, Hem\u015fehri Dernekleri Komitesi, \u00c7a\u011fda\u015f Ya\u015fam\u0131 Destekleme Derne\u011fi, \u015fairler, yazarlar, okul m\u00fcd\u00fcrleri ve \u00f6\u011frenciler kat\u0131ld\u0131. Da\u011fk\u0131z\u0131lca k\u00f6y\u00fcn\u00fcn Torbal\u0131\u2019ya 18 kilometre uzakta olmas\u0131na ra\u011fmen, a\u00e7\u0131l\u0131\u015fa ilgi olduk\u00e7a yo\u011fun oldu. \u0130l\u00e7enin yan\u0131 s\u0131ra \u0130zmir ve di\u011fer b\u00f6lgelerde de bir\u00e7ok kitapsever a\u00e7\u0131l\u0131\u015fa kat\u0131larak k\u00fct\u00fcphaneye destek kitap hediye etti.<\/p>\n<p style=\"text-align: justify;\">HER \u015eEY \u00c7OCUKLAR \u0130\u00c7\u0130N<\/p>\n<p style=\"text-align: justify;\">K\u00fct\u00fcphanenin a\u00e7\u0131l\u0131\u015f konu\u015fmas\u0131n\u0131 yapan kampanyan\u0131n koordinat\u00f6r\u00fc ve k\u00fct\u00fcphanenin kurucusu Vedat G\u00f6k\u00e7ay, k\u00f6y \u00e7ocuklar\u0131n\u0131n bir\u00e7o\u011funun kerpi\u00e7 evlerde b\u00fcy\u00fcd\u00fc\u011f\u00fcn\u00fc, kendisinin de k\u00f6y \u00e7ocu\u011fu oldu\u011funu belirterek, \u201cBen k\u00f6yde ya\u015fam\u0131n ne oldu\u011funu \u00e7ok iyi bilen biriyim. K\u00f6ylerde ya\u015fayan evlatlar\u0131m\u0131za ders \u00e7al\u0131\u015fabilecekleri, kitap okuyabilecekleri bir ortam olu\u015fturmak i\u00e7in bu yola \u00e7\u0131kt\u0131m. \u00c7\u00fcnk\u00fc k\u00f6ylerde evlerin bir\u00e7o\u011fu kerpi\u00e7, ders \u00e7al\u0131\u015f\u0131rken ya\u011fmur damlalar\u0131n\u0131n kitaplara nas\u0131l damlad\u0131\u011f\u0131n\u0131 \u00e7ok iyi biliyorum. Her \u015fey gelece\u011fimiz olan evlatlar\u0131m\u0131z i\u00e7indi. Ba\u015fard\u0131k ve a\u00e7t\u0131k, a\u00e7\u0131l\u0131\u015fta yaln\u0131z b\u0131rakmad\u0131\u011f\u0131n\u0131z i\u00e7in te\u015fekk\u00fcr ederim.\u201d dedi.<\/p>\n<p style=\"text-align: justify;\">&#8220;K\u00dcT\u00dcPHANE \u0130NSANLAR \u0130\u00c7\u0130N \u00d6NEML\u0130D\u0130R&#8221;<\/p>\n<p style=\"text-align: justify;\">K\u00fct\u00fcphanelerin insanlar i\u00e7in \u00f6nemli oldu\u011funu dile getiren Kaymakam Ayd\u0131n Mem\u00fck ise \u015funlar\u0131 s\u00f6yledi: \u201cDe\u011ferli gazeteci arkada\u015f\u0131m\u0131z Vedat G\u00f6k\u00e7ay, &#8216;Ben k\u00fct\u00fcphane kurmak istiyorum. Deste\u011finize ihtiyac\u0131m var&#8217; diye bana geldi\u011finde \u00e7ok gururland\u0131m ve kendisini kutlad\u0131m. Biz de imkanlar dahilinde elimizden geleni yapt\u0131k. \u00d6zellikle internetin insanlar\u0131n hayat\u0131n\u0131 esir ald\u0131\u011f\u0131 b\u00f6ylesi bir d\u00f6nemde bu g\u00fczel projeyi hayata ge\u00e7irdi\u011fi i\u00e7in te\u015fekk\u00fcr ederim. Kendisini emeklerinden dolay\u0131 kutluyorum ve kampanyan\u0131n devam\u0131n\u0131 getirmesini diliyorum.\u201d diye konu\u015ftu.<\/p>\n<p style=\"text-align: justify;\">Kaynak: http:\/\/www.vanhabertv.com<\/p>\n","protected":false},"excerpt":{"rendered":"<p>\u0130zmir\u2019in Torbal\u0131 il\u00e7esinde yay\u0131n yapan yerel bir gazetede muhabirin ba\u015flatt\u0131\u011f\u0131 \u201cK\u00f6y \u00c7ocuklar\u0131na Mini K\u00fct\u00fcphane Kampanyas\u0131\u201d kapsam\u0131nda Da\u011fk\u0131z\u0131lca k\u00f6y\u00fcne kurulan \u015eehit Gazeteciler Cem Emir ve Sabahattin Y\u0131lmaz K\u00fct\u00fcphanesi, g\u00f6rkemli bir a\u00e7\u0131l\u0131\u015fla hizmete sunuldu. A\u00e7\u0131l\u0131\u015fa Torbal\u0131 Kaymakam\u0131 Ayd\u0131n Mem\u00fck, \u0130l\u00e7e Emniyet M\u00fcd\u00fcr\u00fc Erg\u00fcn Gediz, M\u00fcft\u00fc Mehmet Akp\u0131nar, Gazeteciler Cemiyeti Ba\u015fkan\u0131 Mehmet Erg\u00fcn, AK Parti \u0130l\u00e7e Ba\u015fkan Yard\u0131mc\u0131s\u0131 [&hellip;]<\/p>\n","protected":false},"author":1,"featured_media":0,"comment_status":"open","ping_status":"open","sticky":false,"template":"","format":"standard","meta":{"footnotes":""},"categories":[1],"tags":[],"class_list":["post-5321","post","type-post","status-publish","format-standard","hentry","category-genel"],"_links":{"self":[{"href":"https:\/\/www.bbyhaber.com\/bby\/wp-json\/wp\/v2\/posts\/5321"}],"collection":[{"href":"https:\/\/www.bbyhaber.com\/bby\/wp-json\/wp\/v2\/posts"}],"about":[{"href":"https:\/\/www.bbyhaber.com\/bby\/wp-json\/wp\/v2\/types\/post"}],"author":[{"embeddable":true,"href":"https:\/\/www.bbyhaber.com\/bby\/wp-json\/wp\/v2\/users\/1"}],"replies":[{"embeddable":true,"href":"https:\/\/www.bbyhaber.com\/bby\/wp-json\/wp\/v2\/comments?post=5321"}],"version-history":[{"count":0,"href":"https:\/\/www.bbyhaber.com\/bby\/wp-json\/wp\/v2\/posts\/5321\/revisions"}],"wp:attachment":[{"href":"https:\/\/www.bbyhaber.com\/bby\/wp-json\/wp\/v2\/media?parent=5321"}],"wp:term":[{"taxonomy":"category","embeddable":true,"href":"https:\/\/www.bbyhaber.com\/bby\/wp-json\/wp\/v2\/categories?post=5321"},{"taxonomy":"post_tag","embeddable":true,"href":"https:\/\/www.bbyhaber.com\/bby\/wp-json\/wp\/v2\/tags?post=5321"}],"curies":[{"name":"wp","href":"https:\/\/api.w.org\/{rel}","templated":true}]}}