{"id":5313,"date":"2012-05-25T06:52:30","date_gmt":"2012-05-25T06:52:30","guid":{"rendered":"http:\/\/www.bbyhaber.com\/bby\/?p=5313"},"modified":"2012-12-18T22:53:36","modified_gmt":"2012-12-18T20:53:36","slug":"oyuncak-kutuphanesi-yeni-yerinde","status":"publish","type":"post","link":"https:\/\/www.bbyhaber.com\/bby\/2012\/05\/25\/oyuncak-kutuphanesi-yeni-yerinde","title":{"rendered":"Oyuncak K\u00fct\u00fcphanesi yeni yerinde"},"content":{"rendered":"<p style=\"text-align: justify;\">K\u00fc\u00e7\u00fck\u00e7ekmece Belediyesi ile \u0130l\u00e7e Milli E\u011fitim M\u00fcd\u00fcrl\u00fc\u011f\u00fc e\u011fitime destek amac\u0131yla bir dizi \u00e7al\u0131\u015fmalar ger\u00e7ekle\u015ftiriyor. Bu i\u015fbirli\u011finde en \u00e7ok dikkat \u00e7eken \u00e7al\u0131\u015fmalardan biri olan ve okul \u00f6ncesi e\u011fitimi desteklemek amac\u0131yla olu\u015fturulan, 3-6 ya\u015f grubuna y\u00f6nelik \u2018Oyuncak K\u00fct\u00fcphanesi\u2019 art\u0131k Munis Faik Ozansoy \u0130lk\u00f6\u011fretim Okulu\u2019nda minik \u00f6\u011frencileri a\u011f\u0131rlayacak.<!--more--><\/p>\n<p style=\"text-align: justify;\">OYUNLA \u00d6\u011eREN\u0130YORLAR<\/p>\n<p style=\"text-align: justify;\">T\u00fcrkiye\u2019de bir ilk olan ve Bezirganbah\u00e7e\u2019de kurulan \u201cK\u00fc\u00e7\u00fck\u00e7ekmece Oyuncak K\u00fct\u00fcphanesi\u201d \u015fimdi Munis Faik Ozansoy \u0130lk\u00f6\u011fretim Okulu\u2019na ta\u015f\u0131nd\u0131. K\u00fct\u00fcphane yeni yerinde de hafta i\u00e7i her g\u00fcn okul \u00f6ncesi 2 e\u011fitim uzman\u0131 taraf\u0131ndan \u00e7ocuklar\u0131 e\u011fitecek. Uzmanlar, miniklere geli\u015fim d\u00f6nemlerine uygun \u00e7al\u0131\u015fmalar yapt\u0131rarak, \u00f6\u011frenmeye te\u015fvik edecek.<\/p>\n<p style=\"text-align: justify;\">A\u0130LELER DE B\u0130LG\u0130LEND\u0130R\u0130LECEK<\/p>\n<p style=\"text-align: justify;\">B\u00fct\u00fcnsel yakla\u015f\u0131m \u00e7er\u00e7evesinde ele al\u0131nan ve iki ayakl\u0131 olarak kurgulanan projenin bir aya\u011f\u0131nda \u00e7ocuklar, di\u011fer aya\u011f\u0131nda ise aileler yer al\u0131yor. Bu ba\u011flamda, \u00e7ocu\u011fun geli\u015fimde tamamlay\u0131c\u0131 bir \u00f6\u011fe olarak, ailelerde bilgilendiriliyor. \u00c7ocuklar bu k\u00fct\u00fcphane de oyunla birlikte sa\u011fl\u0131kl\u0131 bir \u015fekilde sosyalle\u015fmeyi, duyusal geli\u015fimi ve sa\u011fl\u0131kl\u0131 ileti\u015fimi \u00f6\u011frenerek, yar\u0131nlara haz\u0131rlan\u0131yor.<\/p>\n<p style=\"text-align: justify;\">Kaynak: http:\/\/www.gazetekucukcekmece.com<\/p>\n","protected":false},"excerpt":{"rendered":"<p>K\u00fc\u00e7\u00fck\u00e7ekmece Belediyesi ile \u0130l\u00e7e Milli E\u011fitim M\u00fcd\u00fcrl\u00fc\u011f\u00fc e\u011fitime destek amac\u0131yla bir dizi \u00e7al\u0131\u015fmalar ger\u00e7ekle\u015ftiriyor. Bu i\u015fbirli\u011finde en \u00e7ok dikkat \u00e7eken \u00e7al\u0131\u015fmalardan biri olan ve okul \u00f6ncesi e\u011fitimi desteklemek amac\u0131yla olu\u015fturulan, 3-6 ya\u015f grubuna y\u00f6nelik \u2018Oyuncak K\u00fct\u00fcphanesi\u2019 art\u0131k Munis Faik Ozansoy \u0130lk\u00f6\u011fretim Okulu\u2019nda minik \u00f6\u011frencileri a\u011f\u0131rlayacak.<\/p>\n","protected":false},"author":1,"featured_media":0,"comment_status":"open","ping_status":"open","sticky":false,"template":"","format":"standard","meta":{"footnotes":""},"categories":[1594],"tags":[1439,1442],"class_list":["post-5313","post","type-post","status-publish","format-standard","hentry","category-oyuncak-kutuphanesi","tag-cocuk-kutuphaneleri","tag-oyuncak-kutuphaneleri"],"_links":{"self":[{"href":"https:\/\/www.bbyhaber.com\/bby\/wp-json\/wp\/v2\/posts\/5313"}],"collection":[{"href":"https:\/\/www.bbyhaber.com\/bby\/wp-json\/wp\/v2\/posts"}],"about":[{"href":"https:\/\/www.bbyhaber.com\/bby\/wp-json\/wp\/v2\/types\/post"}],"author":[{"embeddable":true,"href":"https:\/\/www.bbyhaber.com\/bby\/wp-json\/wp\/v2\/users\/1"}],"replies":[{"embeddable":true,"href":"https:\/\/www.bbyhaber.com\/bby\/wp-json\/wp\/v2\/comments?post=5313"}],"version-history":[{"count":0,"href":"https:\/\/www.bbyhaber.com\/bby\/wp-json\/wp\/v2\/posts\/5313\/revisions"}],"wp:attachment":[{"href":"https:\/\/www.bbyhaber.com\/bby\/wp-json\/wp\/v2\/media?parent=5313"}],"wp:term":[{"taxonomy":"category","embeddable":true,"href":"https:\/\/www.bbyhaber.com\/bby\/wp-json\/wp\/v2\/categories?post=5313"},{"taxonomy":"post_tag","embeddable":true,"href":"https:\/\/www.bbyhaber.com\/bby\/wp-json\/wp\/v2\/tags?post=5313"}],"curies":[{"name":"wp","href":"https:\/\/api.w.org\/{rel}","templated":true}]}}