{"id":5303,"date":"2012-06-15T05:43:08","date_gmt":"2012-06-15T05:43:08","guid":{"rendered":"http:\/\/www.bbyhaber.com\/bby\/?p=5303"},"modified":"2012-09-07T19:35:17","modified_gmt":"2012-09-07T16:35:17","slug":"turk-dan-brown-is-basinda-vatikan","status":"publish","type":"post","link":"https:\/\/www.bbyhaber.com\/bby\/2012\/06\/15\/turk-dan-brown-is-basinda-vatikan","title":{"rendered":"T\u00fcrk Dan Brown i\u015f ba\u015f\u0131nda-Vatikan"},"content":{"rendered":"<p style=\"text-align: justify;\">D\u00fcnyada milyonlarca adet satan Dan Brown\u2019un \u2018Da Vinci\u2019nin \u015eifresi\u2019 adl\u0131 roman\u0131na ilham olan tarihi 5\u2019inci y\u00fcz y\u0131la kadar uzanan Vatikan K\u00fct\u00fcphanesi\u2019nde tasnif ve katalog d\u00fczenleme izni T\u00fcrk ara\u015ft\u0131rmac\u0131lara verildi. Y\u00fcz binlerce el yazmas\u0131 kitap, bir bu\u00e7uk milyon yaz\u0131l\u0131 eser ve d\u00fcnya tarihinin en \u00f6nemli anlar\u0131n\u0131 anlatan say\u0131s\u0131 y\u00fcz bine yak\u0131n oldu\u011fu tahmin edilen tarihi belgenin bulundu\u011fu \u00fcnl\u00fc Vatikan K\u00fct\u00fcphanesi\u2019nde \u00e7al\u0131\u015fmak i\u00e7in izin alan T\u00fcrk ara\u015ft\u0131rmac\u0131 Taceddin Kayao\u011flu, Vatikan yolculu\u011fu \u00f6ncesi STAR\u2019a konu\u015ftu.<!--more--><\/p>\n<p style=\"text-align: justify;\">Vatikan\u2019\u0131n her \u00fclkede bulunan adamlar\u0131 sayesinde d\u00fcnyan\u0131n en b\u00fcy\u00fck ve en gizli ar\u015fivine sahip oldu\u011funu s\u00f6yleyen Kayo\u011flu, \u201cVatikan\u2019\u0131n \u00fcnl\u00fc k\u00fct\u00fcphanesindeki eserleri tasnif etme ve katalog olu\u015fturma iznini ald\u0131k. Bu s\u0131rada bize y\u00fcz binlerce belge de verilecek. O belgelerde Osmanl\u0131\u2019n\u0131n y\u00fcz y\u0131llar boyunca ayakta kalmas\u0131n\u0131 sa\u011flayan k\u00fclt\u00fcrel kodlar\u0131n\u0131 Vatikan\u2019\u0131n g\u00f6z\u00fcnden g\u00f6rece\u011fiz. Umudumuz Cem Sultan olay\u0131n\u0131, \u0130stanbul\u2019un fethini, \u0130nebaht\u0131 Deniz Sava\u015f\u0131\u2019n\u0131 ve pek \u00e7ok olay\u0131, tarihte bilinmeyenleriyle ortaya \u00e7\u0131karmak.\u201d dedi.<\/p>\n<p style=\"text-align: justify;\">\u2018Cem Sultan olay\u0131n\u0131 \u00e7\u00f6zece\u011fiz\u2019<\/p>\n<p style=\"text-align: justify;\">Kayao\u011flu, \u015funlar\u0131 s\u00f6yledi: \u201c2010\u2019daki d\u00fczenleneme ile k\u00fct\u00fcphanede ayn\u0131 anda 40 ki\u015finin bulunmas\u0131na izin verilecek. Biz 77 kamera ile izlenece\u011fiz. Hangi kitab\u0131 ald\u0131\u011f\u0131m\u0131z, hangi sayfas\u0131n\u0131 okudu\u011fumuz bilinecek. Kar\u015f\u0131m\u0131za da Osmanl\u0131 ile ilgili pek \u00e7ok bilginin \u00e7\u0131kmas\u0131n\u0131 bekliyoruz. Osmanl\u0131 b\u00f6l\u00fcm\u00fc k\u00fct\u00fcphanede 5 ayr\u0131 b\u00f6l\u00fcmde muhafaza ediliyor. 500\u2019e yak\u0131n Osmanl\u0131 belgesi oldu\u011funu d\u00fc\u015f\u00fcn\u00fcyoruz. Orada toplam 70 bin el yazmas\u0131 belge var. Cem Sultan olay\u0131, \u0130stanbul\u2019un fethi ve \u0130nebaht\u0131 Deniz Sava\u015f\u0131\u2019na ili\u015fkin olarak Vatikan K\u00fct\u00fcphanesi\u2019nde yaz\u0131l\u0131 eserler i\u00e7inde belgelerde bilgiler bulundu\u011funu tespit ettik. Cem Sultan orada tutulurken, Fatih ile nas\u0131l pazarl\u0131klar yap\u0131ld\u0131, neler ya\u015fand\u0131 \u00f6\u011frenebilece\u011fiz. \u0130stanbul\u2019un fethinde bizim resmi tarihimizde olmayan ne t\u00fcr olaylar ya\u015fand\u0131, bunu Vatikan\u2019\u0131n g\u00f6z\u00fcnden g\u00f6rece\u011fiz.\u201d Kayao\u011flu, Dede Korkut\u2019un eserinin iki orijinal kopyas\u0131ndan birinin Vatikan\u2019da oldu\u011funu ve o kitab\u0131 yay\u0131nlamak istedi\u011fini belirtti.<\/p>\n<p style=\"text-align: justify;\">Papa bizi 77 kamerayla g\u00f6zetleyecek<\/p>\n<p style=\"text-align: justify;\">\u201cRinaldo Marmara\u2019n\u0131n giri\u015fimleri ve Vatikan B\u00fcy\u00fckel\u00e7isi Kenan G\u00fcrsoy\u2019un \u00e7abalar\u0131 ile Vatikan\u2019da \u00e7al\u0131\u015fma izni ald\u0131k\u201d diyen Kayao\u011flu, \u201cBize Yunus Emre Vakf\u0131 maddi destek sa\u011flad\u0131. Bu sayede ben, Prof. Dr. Mevl\u00fct Kaplan, Do\u00e7. Mehmet G\u00fcm\u00fc\u015ftekin, Prof. Belk\u0131s G\u00fcrsoy kimsenin kolay kolay giremedi\u011fi Vatikan K\u00fct\u00fcphanesi\u2019nde \u00e7al\u0131\u015faca\u011f\u0131z.\u201d \u015feklinde konu\u015ftu. Kayao\u011flu, Vatikan\u2019daki belge saklan\u0131m\u0131n\u0131n 3\u2019e ayr\u0131ld\u0131\u011f\u0131n\u0131 belirterek \u015funlar\u0131 s\u00f6yledi: \u201cBirincisi Vatikan K\u00fct\u00fcphanesi\u2019dir. Bu k\u00fct\u00fcphanenin temelleri \u0130sa\u2019dan sonra 400 y\u0131l\u0131nda at\u0131lm\u0131\u015ft\u0131r. O tarihten itibaren Vatikan\u2019a d\u00fcnyan\u0131n t\u00fcm \u00fclkelerindeki \u00f6nemli el yazmas\u0131 eserler, matbaan\u0131n icad\u0131ndan sonra bas\u0131l\u0131 eserler ve el yazmas\u0131 tarih notlar\u0131 g\u00f6nderilmi\u015ftir. Vatikan K\u00fct\u00fcphanesi\u2019nde bu eserler g\u00f6revli y\u00fcksek din adam\u0131 kardinaller taraf\u0131ndan korunmaktad\u0131r. Vatikan\u2019da ayr\u0131ca bir gizli ar\u015fiv bulunmaktad\u0131r. Bu ar\u015five kardinaller ve Papa girebilir. Bir de \u00f6zelin de \u00f6zeli bir ba\u015fka ar\u015fiv vard\u0131r ve buraya sadece Papa girebilir. O ar\u015fivlerde, d\u00fcnyan\u0131n merak edilen en \u00f6nemli s\u0131rlar\u0131na ili\u015fkin belgeler ve bilgiler bulundu\u011fu tahmin ediliyor. Fakat kimsenin bunlar\u0131n ne oldu\u011fu hakk\u0131nda tevat\u00fcrden ba\u015fka bir diyece\u011fi yok. K\u00fct\u00fcphane, Papa\u2019n\u0131n odas\u0131n\u0131n arkas\u0131nda bulunur ve Papa bu k\u00fct\u00fcphaneyi her zaman g\u00f6zetler. K\u00fct\u00fcphanede de 1,5 milyon bas\u0131l\u0131 kitap, y\u00fcz binlerce el yazmas\u0131 kitap ve belge bulunuyor\u201d<\/p>\n<p style=\"text-align: justify;\">Kaynak: http:\/\/www.stargazete.com<\/p>\n","protected":false},"excerpt":{"rendered":"<p>D\u00fcnyada milyonlarca adet satan Dan Brown\u2019un \u2018Da Vinci\u2019nin \u015eifresi\u2019 adl\u0131 roman\u0131na ilham olan tarihi 5\u2019inci y\u00fcz y\u0131la kadar uzanan Vatikan K\u00fct\u00fcphanesi\u2019nde tasnif ve katalog d\u00fczenleme izni T\u00fcrk ara\u015ft\u0131rmac\u0131lara verildi. Y\u00fcz binlerce el yazmas\u0131 kitap, bir bu\u00e7uk milyon yaz\u0131l\u0131 eser ve d\u00fcnya tarihinin en \u00f6nemli anlar\u0131n\u0131 anlatan say\u0131s\u0131 y\u00fcz bine yak\u0131n oldu\u011fu tahmin edilen tarihi belgenin [&hellip;]<\/p>\n","protected":false},"author":1,"featured_media":0,"comment_status":"open","ping_status":"open","sticky":false,"template":"","format":"standard","meta":{"footnotes":""},"categories":[],"tags":[1410],"class_list":["post-5303","post","type-post","status-publish","format-standard","hentry","tag-uluslararasi-kutuphane-haberleri"],"_links":{"self":[{"href":"https:\/\/www.bbyhaber.com\/bby\/wp-json\/wp\/v2\/posts\/5303"}],"collection":[{"href":"https:\/\/www.bbyhaber.com\/bby\/wp-json\/wp\/v2\/posts"}],"about":[{"href":"https:\/\/www.bbyhaber.com\/bby\/wp-json\/wp\/v2\/types\/post"}],"author":[{"embeddable":true,"href":"https:\/\/www.bbyhaber.com\/bby\/wp-json\/wp\/v2\/users\/1"}],"replies":[{"embeddable":true,"href":"https:\/\/www.bbyhaber.com\/bby\/wp-json\/wp\/v2\/comments?post=5303"}],"version-history":[{"count":0,"href":"https:\/\/www.bbyhaber.com\/bby\/wp-json\/wp\/v2\/posts\/5303\/revisions"}],"wp:attachment":[{"href":"https:\/\/www.bbyhaber.com\/bby\/wp-json\/wp\/v2\/media?parent=5303"}],"wp:term":[{"taxonomy":"category","embeddable":true,"href":"https:\/\/www.bbyhaber.com\/bby\/wp-json\/wp\/v2\/categories?post=5303"},{"taxonomy":"post_tag","embeddable":true,"href":"https:\/\/www.bbyhaber.com\/bby\/wp-json\/wp\/v2\/tags?post=5303"}],"curies":[{"name":"wp","href":"https:\/\/api.w.org\/{rel}","templated":true}]}}