{"id":5280,"date":"2012-06-14T05:52:58","date_gmt":"2012-06-14T05:52:58","guid":{"rendered":"http:\/\/www.bbyhaber.com\/bby\/?p=5280"},"modified":"2012-06-14T05:52:58","modified_gmt":"2012-06-14T05:52:58","slug":"engellilerin-kutuphane-cilesi","status":"publish","type":"post","link":"https:\/\/www.bbyhaber.com\/bby\/2012\/06\/14\/engellilerin-kutuphane-cilesi","title":{"rendered":"Engellilerin K\u00fct\u00fcphane \u00c7ilesi"},"content":{"rendered":"<p style=\"text-align: justify;\"><a href=\"http:\/\/www.canakkalehaber.com\/upload\/haber_resim\/1.JPG\"><img loading=\"lazy\" decoding=\"async\" class=\"alignleft\" src=\"http:\/\/www.canakkalehaber.com\/upload\/haber_resim\/1.JPG\" alt=\"\" width=\"288\" height=\"179\" \/><\/a>\u00d6zellikle ortopedik y\u00f6nden engelleri bulunanlar \u0130l Halk K\u00fct\u00fcphanesi\u2019ne geldiklerinde 2 ve 3. katlardaki salonlara ula\u015fmakta g\u00fc\u00e7l\u00fck \u00e7ektiklerini belirterek, \u201cK\u00fct\u00fcphane binas\u0131 eski oldu\u011fu i\u00e7in buraya asans\u00f6r yap\u0131lamayaca\u011f\u0131 s\u00f6yleniyor. <!--more--><\/p>\n<p style=\"text-align: justify;\">Bizlerde \u00f6zellikle ortopedik y\u00f6nden engelli olanlar i\u00e7in binan\u0131n giri\u015f k\u0131sm\u0131ndaki yer alan K\u00fclt\u00fcr ve Turizm M\u00fcd\u00fcrl\u00fc\u011f\u00fc Servisi olarak kullan\u0131lan odan\u0131n engelliler i\u00e7in d\u00fczenlenmesini istiyoruz. B\u00f6ylece \u00fcst katlara \u00e7\u0131kamamam\u0131za ra\u011fmen buradan rahatl\u0131kla faydalanabiliriz. K\u00fct\u00fcphaneye her geli\u015fimizde arkada\u015flar\u0131m\u0131z\u0131n yard\u0131mlar\u0131 ile \u00fcst katlara ula\u015fmak bizleri zor durumda b\u0131rak\u0131yor. Yetkilileri bu konuda g\u00f6reve davet ediyoruz\u201d dedi.<\/p>\n<p>Kaynak: http:\/\/www.canakkalehaber.com<\/p>\n","protected":false},"excerpt":{"rendered":"<p>\u00d6zellikle ortopedik y\u00f6nden engelleri bulunanlar \u0130l Halk K\u00fct\u00fcphanesi\u2019ne geldiklerinde 2 ve 3. katlardaki salonlara ula\u015fmakta g\u00fc\u00e7l\u00fck \u00e7ektiklerini belirterek, \u201cK\u00fct\u00fcphane binas\u0131 eski oldu\u011fu i\u00e7in buraya asans\u00f6r yap\u0131lamayaca\u011f\u0131 s\u00f6yleniyor.<\/p>\n","protected":false},"author":1,"featured_media":0,"comment_status":"open","ping_status":"open","sticky":false,"template":"","format":"standard","meta":{"footnotes":""},"categories":[1484,1485,1,1487],"tags":[],"class_list":["post-5280","post","type-post","status-publish","format-standard","hentry","category-engelliler-icin-bilgi-merkezleri","category-engelliler-icin-kutuphane","category-genel","category-gorme-engelli-kutuphane"],"_links":{"self":[{"href":"https:\/\/www.bbyhaber.com\/bby\/wp-json\/wp\/v2\/posts\/5280"}],"collection":[{"href":"https:\/\/www.bbyhaber.com\/bby\/wp-json\/wp\/v2\/posts"}],"about":[{"href":"https:\/\/www.bbyhaber.com\/bby\/wp-json\/wp\/v2\/types\/post"}],"author":[{"embeddable":true,"href":"https:\/\/www.bbyhaber.com\/bby\/wp-json\/wp\/v2\/users\/1"}],"replies":[{"embeddable":true,"href":"https:\/\/www.bbyhaber.com\/bby\/wp-json\/wp\/v2\/comments?post=5280"}],"version-history":[{"count":0,"href":"https:\/\/www.bbyhaber.com\/bby\/wp-json\/wp\/v2\/posts\/5280\/revisions"}],"wp:attachment":[{"href":"https:\/\/www.bbyhaber.com\/bby\/wp-json\/wp\/v2\/media?parent=5280"}],"wp:term":[{"taxonomy":"category","embeddable":true,"href":"https:\/\/www.bbyhaber.com\/bby\/wp-json\/wp\/v2\/categories?post=5280"},{"taxonomy":"post_tag","embeddable":true,"href":"https:\/\/www.bbyhaber.com\/bby\/wp-json\/wp\/v2\/tags?post=5280"}],"curies":[{"name":"wp","href":"https:\/\/api.w.org\/{rel}","templated":true}]}}