{"id":5270,"date":"2012-06-13T11:06:49","date_gmt":"2012-06-13T11:06:49","guid":{"rendered":"http:\/\/www.bbyhaber.com\/bby\/?p=5270"},"modified":"2012-09-07T12:59:35","modified_gmt":"2012-09-07T09:59:35","slug":"kutuphaneler-yasam-merkezi-manisa","status":"publish","type":"post","link":"https:\/\/www.bbyhaber.com\/bby\/2012\/06\/13\/kutuphaneler-yasam-merkezi-manisa","title":{"rendered":"K\u00fct\u00fcphaneler ya\u015fam merkezi-Manisa"},"content":{"rendered":"<p style=\"text-align: justify;\">Okullar\u0131n sona ermesiyle s\u0131nav maratonu ba\u015flad\u0131. \u00d6\u011frenciler ders \u00e7al\u0131\u015fmak i\u00e7in k\u00fct\u00fcphanelere ak\u0131n ediyor. <a href=\"http:\/\/www.manisakutup.gov.tr\/\" target=\"_blank\">Manisa \u0130l Halk K\u00fct\u00fcphanesi<\/a> M\u00fcd\u00fcr\u00fc Ali Ar\u0131, \u00f6\u011frencilerin k\u00fct\u00fcphaneyi sadece ders \u00e7al\u0131\u015fma mekan\u0131 olarak g\u00f6rmemesini, halk k\u00fct\u00fcphanelerin ayn\u0131 zamanda ya\u015fam merkezi oldu\u011funu s\u00f6yledi. Okullar tatile giriyor ama <a href=\"http:\/\/www.manisakutup.gov.tr\/\" target=\"_blank\">Manisa \u0130l Halk K\u00fct\u00fcphanesi<\/a>\u2019nde bo\u015f yer bulmak m\u00fcmk\u00fcn de\u011fil. Sabah\u0131n erken saatlerinden itibaren \u00f6\u011frenciler ders \u00e7al\u0131\u015fmak, kitap ve gazete okumak i\u00e7in k\u00fct\u00fcphaneye ak\u0131n ediyor.<!--more--><\/p>\n<p style=\"text-align: justify;\">2011-2012 e\u011fitim sezonun sonuna geldiklerini belirten Manisa \u0130l Halk K\u00fct\u00fcphanesi M\u00fcd\u00fcr\u00fc Ali Ar\u0131, Haziran ay\u0131nda \u00fcniversite s\u0131navlar\u0131, SBS, \u00f6n\u00fcm\u00fczdeki ayda KPSS s\u0131navlar\u0131n\u0131n oldu\u011funu s\u00f6yledi. \u00d6\u011frencilerin, vatanda\u015flar\u0131n k\u00fct\u00fcphaneden faydaland\u0131\u011f\u0131n\u0131 ifade eden Ar\u0131, k\u00fct\u00fcphanede 40 ki\u015filik oturma yerinin bulundu\u011funu ve sabah a\u00e7\u0131l\u0131r a\u00e7\u0131lmaz doldu\u011funu, baz\u0131lar\u0131n\u0131n da yer olmad\u0131\u011f\u0131ndan geri d\u00f6nd\u00fc\u011f\u00fcn\u00fc belirterek, \u201cGeri d\u00f6nen insanlar\u0131m\u0131z oldu\u011fu i\u00e7in \u00fcz\u00fcnt\u00fcl\u00fcy\u00fcz. K\u00fct\u00fcphanemiz fizik olarak insanlar\u0131n ihtiya\u00e7lar\u0131n\u0131 kar\u015f\u0131lama noktas\u0131nda yeterli de\u011fil. 300 bin n\u00fcfuslu olan bir yerde 40 ki\u015filik oturma alan\u0131n\u0131n bulunmas\u0131 yeni bir yere ihtiyac\u0131n oldu\u011funu g\u00f6steriyor.<\/p>\n<p style=\"text-align: justify;\">\u00c7OCUKLAR \u00c7E\u015e\u0130TL\u0130 OYUNLAR OYNUYOR<\/p>\n<p style=\"text-align: justify;\">\u00c7ocuk B\u00f6l\u00fcm\u00fcnde \u00e7ocuklar\u0131n zaman ge\u00e7irebilmeleri i\u00e7in de\u011fi\u015fik materyallerin oldu\u011funu kaydeden Ar\u0131, \u201c\u00c7ocuklar\u0131m\u0131z burada \u00e7e\u015fitli oyunlar oynuyor. K\u00fct\u00fcphaneler \u00e7ocuk i\u00e7in bir oyun yeridir. Ama\u00e7 \u00e7ocuklar\u0131n belli bir ya\u015fa kadar k\u00fct\u00fcphaneye al\u0131\u015fmalar\u0131n\u0131 sa\u011flamakt\u0131r. \u00c7ocuklar burada kitaplar var, kitaplar\u0131 okumaya ba\u015flas\u0131n, internet var interneti kullanmaya ba\u015flas\u0131n. Biz bu a\u00e7\u0131dan olaylar\u0131 de\u011ferlendiriyoruz\u201d dedi.<\/p>\n<p style=\"text-align: justify;\">K\u00dcT\u00dcPHANELER HER YA\u015eTAN \u0130NSANA H\u0130ZMET VER\u0130YOR<\/p>\n<p style=\"text-align: justify;\">K\u00fct\u00fcphanen \u00f6\u011frencilerin ders \u00e7al\u0131\u015fma mekan\u0131 olarak g\u00f6r\u00fclmesinden rahats\u0131zl\u0131k duydu\u011funu ifade eden Ar\u0131, \u201cTabi ki imkan\u0131 olmayan insanlar\u0131n gelip burada s\u0131nava \u00e7al\u0131\u015fmas\u0131 do\u011fald\u0131r. Ancak bu fiziki \u015fartlarda di\u011fer hizmetlerin y\u00fcr\u00fct\u00fclmesinde aksakl\u0131k olmasa da hizmet vermede s\u0131k\u0131nt\u0131 ya\u015f\u0131yoruz. K\u00fct\u00fcphaneler her ya\u015ftan insana hizmet veren yerlerdir. \u0130nsan her ya\u015fta bilgiye ihtiya\u00e7 duyar. K\u00fct\u00fcphanemizde binlerce \u00e7e\u015fit kitap var. \u0130nternet eri\u015fim merkezi var. K\u00fct\u00fcphanelerin sadece kitap okuma yeri olarak g\u00f6r\u00fclmesi bizleri \u00fcz\u00fcyor. Bu durum kitap okuma oranlar\u0131na da etkiliyor. \u00d6\u011frenciler yeni kitaplar\u0131n olabilece\u011fini hi\u00e7 d\u00fc\u015f\u00fcnmeden, sadece \u00f6dev yap\u0131lan bir yer olarak d\u00fc\u015f\u00fcn\u00fcyorlar. K\u00fct\u00fcphane bir ya\u015fam merkezidir. Onun gerekti\u011fi gibi davranmal\u0131y\u0131z.\u201ddedi.<\/p>\n<p style=\"text-align: justify;\">Kaynak: http:\/\/www.manisamanset.gen.tr<\/p>\n","protected":false},"excerpt":{"rendered":"<p>Okullar\u0131n sona ermesiyle s\u0131nav maratonu ba\u015flad\u0131. \u00d6\u011frenciler ders \u00e7al\u0131\u015fmak i\u00e7in k\u00fct\u00fcphanelere ak\u0131n ediyor. Manisa \u0130l Halk K\u00fct\u00fcphanesi M\u00fcd\u00fcr\u00fc Ali Ar\u0131, \u00f6\u011frencilerin k\u00fct\u00fcphaneyi sadece ders \u00e7al\u0131\u015fma mekan\u0131 olarak g\u00f6rmemesini, halk k\u00fct\u00fcphanelerin ayn\u0131 zamanda ya\u015fam merkezi oldu\u011funu s\u00f6yledi. Okullar tatile giriyor ama Manisa \u0130l Halk K\u00fct\u00fcphanesi\u2019nde bo\u015f yer bulmak m\u00fcmk\u00fcn de\u011fil. Sabah\u0131n erken saatlerinden itibaren \u00f6\u011frenciler ders [&hellip;]<\/p>\n","protected":false},"author":1,"featured_media":0,"comment_status":"open","ping_status":"open","sticky":false,"template":"","format":"standard","meta":{"footnotes":""},"categories":[],"tags":[848],"class_list":["post-5270","post","type-post","status-publish","format-standard","hentry","tag-halk-kutuphaneleri"],"_links":{"self":[{"href":"https:\/\/www.bbyhaber.com\/bby\/wp-json\/wp\/v2\/posts\/5270"}],"collection":[{"href":"https:\/\/www.bbyhaber.com\/bby\/wp-json\/wp\/v2\/posts"}],"about":[{"href":"https:\/\/www.bbyhaber.com\/bby\/wp-json\/wp\/v2\/types\/post"}],"author":[{"embeddable":true,"href":"https:\/\/www.bbyhaber.com\/bby\/wp-json\/wp\/v2\/users\/1"}],"replies":[{"embeddable":true,"href":"https:\/\/www.bbyhaber.com\/bby\/wp-json\/wp\/v2\/comments?post=5270"}],"version-history":[{"count":0,"href":"https:\/\/www.bbyhaber.com\/bby\/wp-json\/wp\/v2\/posts\/5270\/revisions"}],"wp:attachment":[{"href":"https:\/\/www.bbyhaber.com\/bby\/wp-json\/wp\/v2\/media?parent=5270"}],"wp:term":[{"taxonomy":"category","embeddable":true,"href":"https:\/\/www.bbyhaber.com\/bby\/wp-json\/wp\/v2\/categories?post=5270"},{"taxonomy":"post_tag","embeddable":true,"href":"https:\/\/www.bbyhaber.com\/bby\/wp-json\/wp\/v2\/tags?post=5270"}],"curies":[{"name":"wp","href":"https:\/\/api.w.org\/{rel}","templated":true}]}}