{"id":5256,"date":"2012-06-13T09:25:21","date_gmt":"2012-06-13T09:25:21","guid":{"rendered":"http:\/\/www.bbyhaber.com\/bby\/?p=5256"},"modified":"2012-06-13T09:31:23","modified_gmt":"2012-06-13T09:31:23","slug":"turk-arama-motoru-e-celebi-geliyor","status":"publish","type":"post","link":"https:\/\/www.bbyhaber.com\/bby\/2012\/06\/13\/turk-arama-motoru-e-celebi-geliyor","title":{"rendered":"T\u00fcrk arama motoru &#8216;e-\u00c7ELEB\u0130&#8217; geliyor"},"content":{"rendered":"<p style=\"text-align: justify;\"><a href=\"http:\/\/i.tmgrup.com.tr\/ahbr\/2012\/06\/13\/200x150\/320626226904.jpg?321083789569120613085508\"><img loading=\"lazy\" decoding=\"async\" class=\"alignleft\" src=\"http:\/\/i.tmgrup.com.tr\/ahbr\/2012\/06\/13\/200x150\/320626226904.jpg?321083789569120613085508\" alt=\"\" width=\"200\" height=\"150\" \/><\/a>Ula\u015ft\u0131rma, Denizcilik ve Haberle\u015fme Bakan\u0131 Binali Y\u0131ld\u0131r\u0131m, siber g\u00fcvenlik konusunda uyard\u0131, bili\u015fimin en \u00f6nemli sorunu haline geldi\u011fini s\u00f6yledi. T\u00fcrkiye&#8217;nin mutlaka kendi arama motoruna sahip olmas\u0131 gerekti\u011fini ifade eden Y\u0131ld\u0131r\u0131m, internet \u00fczerinden t\u00fcm bilgilerin ABD&#8217;ye akt\u0131\u011f\u0131n\u0131 s\u00f6yledi. TBMM Bilgi Toplumu Olma Yolunda Bili\u015fim Sekt\u00f6r\u00fcndeki Geli\u015fmeler ile \u0130nternet Kullan\u0131m\u0131n\u0131n Ba\u015fta \u00c7ocuklar, Gen\u00e7ler ve Aile Yap\u0131s\u0131 \u00dczerinde Olmak \u00dczere<!--more--> Sosyal Etkilerinin Ara\u015ft\u0131r\u0131lmas\u0131 Amac\u0131yla Kurulan Meclis Ara\u015ft\u0131rma Komisyonu, AK Parti Adana Milletvekili Necdet \u00dcn\u00fcvar&#8217;\u0131n ba\u015fkanl\u0131\u011f\u0131nda topland\u0131.<\/p>\n<p style=\"text-align: justify;\">\u00dcn\u00fcvar toplant\u0131n\u0131n ba\u015f\u0131nda yapt\u0131\u011f\u0131 konu\u015fmada, komisyonun yasal s\u00fcresinin bu hafta sona erece\u011fine i\u015faret ederek, internetin ta\u015f\u0131d\u0131\u011f\u0131 f\u0131rsatlar\u0131 art\u0131rmak, riskleri azaltmak amac\u0131yla \u00e7al\u0131\u015ft\u0131klar\u0131 belirtti ve haz\u0131rlayacaklar\u0131 raporun \u00fclkenin yol haritas\u0131na katk\u0131 sa\u011flamas\u0131n\u0131 umduklar\u0131n\u0131 s\u00f6yledi.<\/p>\n<p style=\"text-align: justify;\">&#8220;ALIN TER\u0130 YER\u0130NE AKIL TER\u0130 ALIYOR&#8221;<br \/>\nYaz\u0131l\u0131m\u0131n, geli\u015fim i\u00e7indeki pay\u0131n\u0131n biraz daha s\u0131n\u0131rl\u0131 kald\u0131\u011f\u0131na i\u015faret eden Y\u0131ld\u0131r\u0131m, \u015f\u00f6yle konu\u015ftu:<\/p>\n<p style=\"text-align: justify;\">&#8221;Toplam i\u00e7indeki pay\u0131 1&#8217;e 4 gibi. Yani t\u00fcketen bir pazara sahibiz, onu demek laz\u0131m. \u00dcreten pazar\u0131m\u0131z hen\u00fcz istedi\u011fimiz d\u00fczeyde de\u011fil. 2003&#8217;de 2,9 milyar dolarm\u0131\u015f, \u015fimdi 11 milyara \u00e7\u0131km\u0131\u015f ama 11 milyarla s\u0131n\u0131rl\u0131, neden? \u00c7\u00fcnk\u00fc bizim hala \u00fclkemizde yaz\u0131l\u0131m\u0131n bir \u00fcr\u00fcn oldu\u011fu, \u00e7o\u011fu kesimlerce kabul edilmiyor. Yaz\u0131l\u0131m bir \u00fcr\u00fcnd\u00fcr, ak\u0131l teridir. \u00dcr\u00fcn deyince fabrika akla geliyor, koca koca fabrikalar, makinalar ve binlerce insan. Halbuki yaz\u0131l\u0131m firmalar\u0131 3-5 ki\u015fiyle ba\u015flay\u0131p, 10 sene i\u00e7inde 200 milyar dolara ula\u015fm\u0131\u015f. \u00d6rnek; google, facebook. Bunlar 10-15 y\u0131ll\u0131k mazisi var ve \u00fcniversite \u00f6\u011frencilerinin ba\u015flatt\u0131\u011f\u0131, bug\u00fcn 200 milyar dolara yak\u0131n ciroya sahip dev, k\u00fcresel kurulu\u015flar. Bizim Telekom 160 y\u0131ll\u0131k, 50-60 bin \u00e7al\u0131\u015fan\u0131 vard\u0131r ve toplam cirosu 10 milyar dolar\u0131n alt\u0131nda. Bili\u015fimde de\u011fi\u015fimin nas\u0131l ya\u015fand\u0131\u011f\u0131n\u0131 bu a\u00e7\u0131k\u00e7a g\u00f6steriyor; al\u0131n terinin yerine ak\u0131l teri al\u0131yor, t\u00fcm d\u00fcnyada.&#8221;<\/p>\n<p style=\"text-align: justify;\">e-\u00c7ELEB\u0130 GEL\u0130YOR<br \/>\nY\u0131ld\u0131r\u0131m, 2023 hedefleri hakk\u0131nda bilgi verirken de milli internet arama motorunu (e-\u00c7elebi) hayata ge\u00e7irmek istediklerini belirtti.<\/p>\n<p style=\"text-align: justify;\">Google, yahoo gibi arama motorlar\u0131n\u0131n T\u00fcrkiye versiyonunu yapmay\u0131 hedeflediklerini dile getiren Y\u0131ld\u0131r\u0131m, \u015funlar\u0131 s\u00f6yledi:<\/p>\n<p style=\"text-align: justify;\">&#8221;Bu asl\u0131nda bence \u00e7ok \u00f6nemli bir \u015fey. Burada biraz da gecikti\u011fimizi itiraf etmeliyim. Bilgilerin kayna\u011f\u0131n\u0131n ba\u015fkas\u0131nda olmas\u0131, s\u00fcrd\u00fcr\u00fclebilir bir \u015fey de\u011fil. \u015eimdi payla\u015ft\u0131\u011f\u0131n\u0131z her bilgi, sizin olmaktan \u00e7\u0131k\u0131yor. Bu alan\u0131n en \u00f6nemli \u00f6zeli\u011fi, tu\u015fa dokundu\u011funuz anda b\u0131rakt\u0131\u011f\u0131n\u0131z her iz, art\u0131k sizin olmuyor. Kimin oluyor? Anonim oluyor. Anonim olurken de adres bir \u00fclkeye do\u011fru gidiyor. Bug\u00fcn d\u00fcnya bundan \u015fikayet\u00e7i. &#8216;\u0130nternetin sahibi benim, ben buldum&#8217; diyor ABD ve m\u00fcthi\u015f bir kavga var. Bu kavgan\u0131n sebebi \u015fu; b\u00fct\u00fcn bilgilerimiz, bu \u00fclke \u00fczerinden ak\u0131yor, biz bu bilgilerin g\u00fcvenli\u011fini, herhangi bir sorun ya\u015fad\u0131\u011f\u0131m\u0131zda, ba\u015f\u0131m\u0131za bir i\u015f gelmeyece\u011finden nas\u0131l emin olabiliriz. Bu soruyu bir \u00e7ok \u00fclke soruyor \u015fu anda. Bu konuda Uluslararas\u0131 Telekom\u00fcnikasyon Birli\u011fi, Avrupa Konseyi Siber Su\u00e7lar Konvansiyonu gibi organizasyonlar, hepsi, bu i\u015fi tart\u0131\u015f\u0131yorlar ama bir uzla\u015fma hen\u00fcz bulunmu\u015f de\u011fil.&#8221;<\/p>\n<p style=\"text-align: justify;\">&#8220;EN \u00d6NEML\u0130 SORUN G\u00dcVENL\u0130K&#8221;<br \/>\n\u0130nternet g\u00fcvenli\u011fiyle ilgili yap\u0131lan \u00e7al\u0131\u015fmalara da de\u011finen Y\u0131ld\u0131r\u0131m, internetin g\u00fcndelik hayat\u0131n \u00f6nemli bir par\u00e7as\u0131 oldu\u011funu, adeta &#8221;aileden biri&#8221; haline geldi\u011fini s\u00f6yledi.<\/p>\n<p style=\"text-align: justify;\">\u0130nterneti hayat\u0131 kolayla\u015ft\u0131rd\u0131\u011f\u0131n\u0131, ya\u015fam al\u0131\u015fkanl\u0131klar\u0131n\u0131 de\u011fi\u015ftirdi\u011fini, ancak olumsuz yanlar\u0131 da bulundu\u011funu anlatan Binali Y\u0131ld\u0131r\u0131m, \u00f6zelikle internet \u00fczerinden ticarette i\u015flenen su\u00e7lara dikkati \u00e7ekti.<\/p>\n<p style=\"text-align: justify;\">Y\u0131ld\u0131r\u0131m \u015f\u00f6yle devam etti:<\/p>\n<p style=\"text-align: justify;\">&#8221;\u00c7ok b\u00fcy\u00fck sorunlar kap\u0131m\u0131zda, en \u00f6nemli sorun ne diye sorarsan\u0131z; siber g\u00fcvenliktir. Siber g\u00fcvenlik yani fiziki altyap\u0131m\u0131z\u0131n, daha ziyade altyap\u0131dan akan trafi\u011fin zarar g\u00f6rmemesi, bir sald\u0131r\u0131ya u\u011framamas\u0131. Bu \u015fu andaki en b\u00fcy\u00fck tehditlerden biri. Bunu biz toplumsal olarak hen\u00fcz tam alg\u0131layabilmi\u015f de\u011filiz. Bu i\u015f i\u00e7in ABD her y\u0131l 15 milyar dolar harc\u0131yor. Bu konuda evvelki g\u00fcn Bakanlar Kurulu karar\u0131 imzaya a\u00e7t\u0131k, siber g\u00fcvenlikle ilgili. Buradaki amac\u0131m\u0131z; bili\u015fim a\u011f\u0131m\u0131z\u0131n korunmas\u0131 i\u00e7in Bakanl\u0131\u011f\u0131m\u0131z koordinasyonunda di\u011fer kurumlardan g\u00f6revli elemanlar\u0131n belirlenmesi, yeti\u015ftirilmesi, m\u00fccadele ve m\u00fcdahale y\u00f6ntemlerinin anlat\u0131lmas\u0131.&#8221;<\/p>\n<p style=\"text-align: justify;\">Kaynak: http:\/\/www.ahaber.com.tr<\/p>\n","protected":false},"excerpt":{"rendered":"<p>Ula\u015ft\u0131rma, Denizcilik ve Haberle\u015fme Bakan\u0131 Binali Y\u0131ld\u0131r\u0131m, siber g\u00fcvenlik konusunda uyard\u0131, bili\u015fimin en \u00f6nemli sorunu haline geldi\u011fini s\u00f6yledi. T\u00fcrkiye&#8217;nin mutlaka kendi arama motoruna sahip olmas\u0131 gerekti\u011fini ifade eden Y\u0131ld\u0131r\u0131m, internet \u00fczerinden t\u00fcm bilgilerin ABD&#8217;ye akt\u0131\u011f\u0131n\u0131 s\u00f6yledi. TBMM Bilgi Toplumu Olma Yolunda Bili\u015fim Sekt\u00f6r\u00fcndeki Geli\u015fmeler ile \u0130nternet Kullan\u0131m\u0131n\u0131n Ba\u015fta \u00c7ocuklar, Gen\u00e7ler ve Aile Yap\u0131s\u0131 \u00dczerinde Olmak [&hellip;]<\/p>\n","protected":false},"author":1,"featured_media":0,"comment_status":"open","ping_status":"open","sticky":false,"template":"","format":"standard","meta":{"footnotes":""},"categories":[1],"tags":[846,322],"class_list":["post-5256","post","type-post","status-publish","format-standard","hentry","category-genel","tag-bilgi-teknolojileri","tag-e-celebi"],"_links":{"self":[{"href":"https:\/\/www.bbyhaber.com\/bby\/wp-json\/wp\/v2\/posts\/5256"}],"collection":[{"href":"https:\/\/www.bbyhaber.com\/bby\/wp-json\/wp\/v2\/posts"}],"about":[{"href":"https:\/\/www.bbyhaber.com\/bby\/wp-json\/wp\/v2\/types\/post"}],"author":[{"embeddable":true,"href":"https:\/\/www.bbyhaber.com\/bby\/wp-json\/wp\/v2\/users\/1"}],"replies":[{"embeddable":true,"href":"https:\/\/www.bbyhaber.com\/bby\/wp-json\/wp\/v2\/comments?post=5256"}],"version-history":[{"count":0,"href":"https:\/\/www.bbyhaber.com\/bby\/wp-json\/wp\/v2\/posts\/5256\/revisions"}],"wp:attachment":[{"href":"https:\/\/www.bbyhaber.com\/bby\/wp-json\/wp\/v2\/media?parent=5256"}],"wp:term":[{"taxonomy":"category","embeddable":true,"href":"https:\/\/www.bbyhaber.com\/bby\/wp-json\/wp\/v2\/categories?post=5256"},{"taxonomy":"post_tag","embeddable":true,"href":"https:\/\/www.bbyhaber.com\/bby\/wp-json\/wp\/v2\/tags?post=5256"}],"curies":[{"name":"wp","href":"https:\/\/api.w.org\/{rel}","templated":true}]}}