{"id":5242,"date":"2012-06-13T07:18:26","date_gmt":"2012-06-13T07:18:26","guid":{"rendered":"http:\/\/www.bbyhaber.com\/bby\/?p=5242"},"modified":"2012-06-13T07:18:26","modified_gmt":"2012-06-13T07:18:26","slug":"sivas-kitap-fuarina-hazirlaniyor","status":"publish","type":"post","link":"https:\/\/www.bbyhaber.com\/bby\/2012\/06\/13\/sivas-kitap-fuarina-hazirlaniyor","title":{"rendered":"Sivas kitap fuar\u0131na haz\u0131rlan\u0131yor"},"content":{"rendered":"<p style=\"text-align: justify;\"><a href=\"http:\/\/www.kulturvesanat.tv\/wp-content\/uploads\/2011\/03\/ankara_kitap_fuari.jpg\"><img loading=\"lazy\" decoding=\"async\" class=\"alignleft\" src=\"http:\/\/www.kulturvesanat.tv\/wp-content\/uploads\/2011\/03\/ankara_kitap_fuari.jpg\" alt=\"\" width=\"200\" height=\"200\" \/><\/a>Kitap fuar\u0131 toplant\u0131s\u0131, Vali Ali KOLAT ba\u015fkanl\u0131\u011f\u0131nda, Vali Ahmet Muammer Bey Toplant\u0131 Salonunda ger\u00e7ekle\u015ftirildi. Toplant\u0131ya Vali Ali KOLAT\u2019\u0131n yan\u0131 s\u0131ra Belediye Ba\u015fkan\u0131 Do\u011fan \u00dcRG\u00dcP, Cumhuriyet \u00dcniversitesi Rekt\u00f6r\u00fc \u0130lyas D\u00d6KMETA\u015e, Vali Yard\u0131mc\u0131s\u0131 Veysel \u00c7\u0130FT\u00c7\u0130, \u0130l K\u00fclt\u00fcr ve Turizm M\u00fcd\u00fcr\u00fc Kadir P\u00dcRL\u00dc, \u0130l Milli E\u011fitim M\u00fcd\u00fcr\u00fc Turan AKPINAR, ve ilgili Protokol \u00fcyeleri kat\u0131ld\u0131.<!--more--><\/p>\n<p style=\"text-align: justify;\">Vali Ali KOLAT, toplant\u0131 \u00f6ncesi yapt\u0131\u011f\u0131 de\u011ferlendirmede; \u201cFuar \u00f6ncesinde yap\u0131lacak \u00e7al\u0131\u015fmalar\u0131\u00a0\u00a0 de\u011ferlendirmek \u00fczere bir araday\u0131z. Baz\u0131 illerde oldu\u011fu gibi ayr\u0131 bir kitap fuar\u0131 d\u00fczenlesek ne kadar ba\u015far\u0131l\u0131 olunur, ne kadar ilgi g\u00f6r\u00fcr b\u00f6yle bir \u015feyi tart\u0131\u015fmak, konu\u015fmak anlam\u0131nda bu toplant\u0131y\u0131 d\u00fczenledik. Hemen yapal\u0131m anlam\u0131nda de\u011fil bu konudaki fikirlerinizi almak ve daha sonra bunu birlikte bir karara ba\u011flamak a\u00e7\u0131s\u0131ndan b\u00f6yle bir toplant\u0131y\u0131 ger\u00e7ekle\u015ftiriyoruz.\u201d dedi.<\/p>\n<p>Kaynak: http:\/\/www.sivas.gov.tr<\/p>\n","protected":false},"excerpt":{"rendered":"<p>Kitap fuar\u0131 toplant\u0131s\u0131, Vali Ali KOLAT ba\u015fkanl\u0131\u011f\u0131nda, Vali Ahmet Muammer Bey Toplant\u0131 Salonunda ger\u00e7ekle\u015ftirildi. Toplant\u0131ya Vali Ali KOLAT\u2019\u0131n yan\u0131 s\u0131ra Belediye Ba\u015fkan\u0131 Do\u011fan \u00dcRG\u00dcP, Cumhuriyet \u00dcniversitesi Rekt\u00f6r\u00fc \u0130lyas D\u00d6KMETA\u015e, Vali Yard\u0131mc\u0131s\u0131 Veysel \u00c7\u0130FT\u00c7\u0130, \u0130l K\u00fclt\u00fcr ve Turizm M\u00fcd\u00fcr\u00fc Kadir P\u00dcRL\u00dc, \u0130l Milli E\u011fitim M\u00fcd\u00fcr\u00fc Turan AKPINAR, ve ilgili Protokol \u00fcyeleri kat\u0131ld\u0131.<\/p>\n","protected":false},"author":1,"featured_media":0,"comment_status":"open","ping_status":"open","sticky":false,"template":"","format":"standard","meta":{"footnotes":""},"categories":[1,1493],"tags":[],"class_list":["post-5242","post","type-post","status-publish","format-standard","hentry","category-genel","category-kitap-fuarlari-2"],"_links":{"self":[{"href":"https:\/\/www.bbyhaber.com\/bby\/wp-json\/wp\/v2\/posts\/5242"}],"collection":[{"href":"https:\/\/www.bbyhaber.com\/bby\/wp-json\/wp\/v2\/posts"}],"about":[{"href":"https:\/\/www.bbyhaber.com\/bby\/wp-json\/wp\/v2\/types\/post"}],"author":[{"embeddable":true,"href":"https:\/\/www.bbyhaber.com\/bby\/wp-json\/wp\/v2\/users\/1"}],"replies":[{"embeddable":true,"href":"https:\/\/www.bbyhaber.com\/bby\/wp-json\/wp\/v2\/comments?post=5242"}],"version-history":[{"count":0,"href":"https:\/\/www.bbyhaber.com\/bby\/wp-json\/wp\/v2\/posts\/5242\/revisions"}],"wp:attachment":[{"href":"https:\/\/www.bbyhaber.com\/bby\/wp-json\/wp\/v2\/media?parent=5242"}],"wp:term":[{"taxonomy":"category","embeddable":true,"href":"https:\/\/www.bbyhaber.com\/bby\/wp-json\/wp\/v2\/categories?post=5242"},{"taxonomy":"post_tag","embeddable":true,"href":"https:\/\/www.bbyhaber.com\/bby\/wp-json\/wp\/v2\/tags?post=5242"}],"curies":[{"name":"wp","href":"https:\/\/api.w.org\/{rel}","templated":true}]}}