{"id":5232,"date":"2012-06-12T17:52:10","date_gmt":"2012-06-12T17:52:10","guid":{"rendered":"http:\/\/www.bbyhaber.com\/bby\/?p=5232"},"modified":"2013-01-27T00:38:49","modified_gmt":"2013-01-26T22:38:49","slug":"parkbahce-ve-hastanelere-kutuphane-geldi-samsun","status":"publish","type":"post","link":"https:\/\/www.bbyhaber.com\/bby\/2012\/06\/12\/parkbahce-ve-hastanelere-kutuphane-geldi-samsun","title":{"rendered":"Park,bah\u00e7e ve hastanelere k\u00fct\u00fcphane geldi-Samsun"},"content":{"rendered":"<p style=\"text-align: justify;\">Samsun&#8217;un Havza il\u00e7esinde 7&#8217;den 70&#8217;e t\u00fcm bireylerin kitaba olan duyarl\u0131l\u0131\u011f\u0131n\u0131 art\u0131rmak i\u00e7in uygulamaya konulan &#8216;Halk Kitapl\u0131\u011f\u0131&#8217; projesi, park ve kamu binalar\u0131nda hayata ge\u00e7irildi. 25 May\u0131s \u0130lk\u00f6\u011fretim Okulu&#8217;nda g\u00f6revli \u00f6\u011fretmenler, il\u00e7e halk\u0131n\u0131n kitap okuma duyarl\u0131l\u0131\u011f\u0131n\u0131 art\u0131rmak i\u00e7in &#8216;Kitaplar Bize Geldi&#8217;<!--more--> projesiyle vatanda\u015flar\u0131n yo\u011fun olarak bulundu\u011fu yerlere kitapl\u0131klar yerle\u015ftirdi. \u0130l\u00e7e merkezindeki park, bah\u00e7e, cami meydanlar\u0131 ve hastanelerdeki halk kitapl\u0131klar\u0131na k\u00fc\u00e7\u00fcklerin ve b\u00fcy\u00fcklerin okuyabilecekleri onlarca kitap, \u00fclke genelinde yap\u0131lan kampanya sonras\u0131 toplanarak konuldu.<\/p>\n<p style=\"text-align: justify;\">\u00c7ocu\u011funu oyun park\u0131na getiren aileler, oturdu\u011fu bank\u0131n hemen yan\u0131 ba\u015f\u0131ndaki kitapl\u0131ktan ald\u0131\u011f\u0131 bir kitab\u0131 okuyarak hem vaktini iyi bir \u015fekilde de\u011ferlendirecek hem de \u00e7ocu\u011funa okuma bilincini kazand\u0131rma y\u00f6n\u00fcnde \u00f6rnek te\u015fkil edecek. Projenin il\u00e7ede b\u00fcy\u00fck bir ses getirdi\u011fini ve herkesin kulaktan kula\u011fa bu olay\u0131 konu\u015ftu\u011funu belirten 25 May\u0131s \u0130lk\u00f6\u011fretim Okulu M\u00fcd\u00fcr\u00fc O\u011fuz Ertu\u011f, &#8220;E\u011fitimciler olarak e\u011fitim ve \u00f6\u011fretim konusunda topluma vermemiz gereken bir katk\u0131 oldu\u011funu d\u00fc\u015f\u00fcnd\u00fck ve arkada\u015flar\u0131m\u0131zla oturup ne yapabiliriz dedik.<\/p>\n<p style=\"text-align: justify;\">D\u00fcnyada 6 insan\u0131n bir araya gelerek senede 1 kitap okudu\u011fumuz yap\u0131lan ara\u015ft\u0131rma ile ortaya \u00e7\u0131kt\u0131. Biz de bunun \u00fczerine insanlar\u0131m\u0131z\u0131n ayaklar\u0131na kadar kitaplar\u0131 g\u00f6t\u00fcrd\u00fc\u011f\u00fcm\u00fczde \u00e7ok daha fazla insan\u0131n kitapla bulu\u015fmas\u0131n\u0131 sa\u011flayaca\u011f\u0131m\u0131z\u0131 d\u00fc\u015f\u00fcnd\u00fc\u011f\u00fcm\u00fczden bu projeyi yapmaya karar verdik. \u015eu anda Havza&#8217;da insanlar\u0131n yo\u011fun olarak ya\u015fad\u0131\u011f\u0131 yerlerde yakla\u015f\u0131k 5 ayr\u0131 noktada her bir kitapl\u0131kta 100 adet kitap olmak \u00fczere yakla\u015f\u0131k 500-600 aras\u0131nda kitap var.&#8221; dedi.<\/p>\n<p style=\"text-align: justify;\">Vatanda\u015flar projenin kendilerini \u00e7ok mutlu etti\u011fini belirtti. \u0130l\u00e7e merkezinde Kevser Camii cemaatinden olan ve her vakit namaz\u0131 \u00f6ncesinde cami \u00f6n\u00fcnde oturdu\u011funu s\u00f6yleyen Emin Mutlu, &#8220;Bu kitapl\u0131\u011f\u0131n cami \u00f6n\u00fcne konulmas\u0131 \u00e7ok iyi oldu. Burada bo\u015f bo\u015f oturuyorduk, \u015fimdi kitap al\u0131p okuyoruz, \u00e7ok iyi oldu.&#8221; \u015feklinde memnuniyetini dile getirdi.<\/p>\n<p style=\"text-align: justify;\">\u0130l\u00e7e merkezinde ta\u015f\u0131mac\u0131l\u0131k yapan ve her zaman ta\u015f\u0131ma i\u015fi \u00e7\u0131kmad\u0131\u011f\u0131 i\u00e7in bo\u015f vaktinde bo\u015f bo\u015f arac\u0131nda oturan Erkut K\u00f6z ise &#8220;Bu kitaplar\u0131n buraya gelmesi \u00e7ok iyi oldu. Herkes okuyor, bir birine g\u00f6steriyor, bakt\u0131r\u0131yor. Bo\u015f zamanlar\u0131n\u0131 burada de\u011ferlendiriyor. Bu bizler i\u00e7in b\u00fcy\u00fck bir \u015fey, ba\u015fkas\u0131 i\u00e7in de\u011fil. En iyi bu kadar olur.&#8221; ifadesini kulland\u0131.<\/p>\n<p style=\"text-align: justify;\">Yerinde bir proje oldu\u011funu kaydeden esnaf Ramazan Bozkurt, &#8220;Cami \u00f6n\u00fcndeki parkta oturan vatanda\u015flar dedikodu yapmas\u0131nlar, kitap okusunlar da k\u00fclt\u00fcrleri arts\u0131n. Baz\u0131lar\u0131 burada bo\u015f oturup dedikodu yap\u0131yorlar, ben de buna kar\u015f\u0131y\u0131m. Gelsin okusun bir kitap, okuyam\u0131yorsa da bir gence bana \u015furadan bir \u015fey oku desin.&#8221; \u015feklinde g\u00f6r\u00fc\u015flerini dile getirdi.<\/p>\n<p style=\"text-align: justify;\">Kaynak: http:\/\/www.risalehaber.com<\/p>\n","protected":false},"excerpt":{"rendered":"<p>Samsun&#8217;un Havza il\u00e7esinde 7&#8217;den 70&#8217;e t\u00fcm bireylerin kitaba olan duyarl\u0131l\u0131\u011f\u0131n\u0131 art\u0131rmak i\u00e7in uygulamaya konulan &#8216;Halk Kitapl\u0131\u011f\u0131&#8217; projesi, park ve kamu binalar\u0131nda hayata ge\u00e7irildi. 25 May\u0131s \u0130lk\u00f6\u011fretim Okulu&#8217;nda g\u00f6revli \u00f6\u011fretmenler, il\u00e7e halk\u0131n\u0131n kitap okuma duyarl\u0131l\u0131\u011f\u0131n\u0131 art\u0131rmak i\u00e7in &#8216;Kitaplar Bize Geldi&#8217;<\/p>\n","protected":false},"author":1,"featured_media":0,"comment_status":"open","ping_status":"open","sticky":false,"template":"","format":"standard","meta":{"footnotes":""},"categories":[1,1504],"tags":[321],"class_list":["post-5232","post","type-post","status-publish","format-standard","hentry","category-genel","category-sokak-kutuphaneleri","tag-halk-kitapligi"],"_links":{"self":[{"href":"https:\/\/www.bbyhaber.com\/bby\/wp-json\/wp\/v2\/posts\/5232"}],"collection":[{"href":"https:\/\/www.bbyhaber.com\/bby\/wp-json\/wp\/v2\/posts"}],"about":[{"href":"https:\/\/www.bbyhaber.com\/bby\/wp-json\/wp\/v2\/types\/post"}],"author":[{"embeddable":true,"href":"https:\/\/www.bbyhaber.com\/bby\/wp-json\/wp\/v2\/users\/1"}],"replies":[{"embeddable":true,"href":"https:\/\/www.bbyhaber.com\/bby\/wp-json\/wp\/v2\/comments?post=5232"}],"version-history":[{"count":0,"href":"https:\/\/www.bbyhaber.com\/bby\/wp-json\/wp\/v2\/posts\/5232\/revisions"}],"wp:attachment":[{"href":"https:\/\/www.bbyhaber.com\/bby\/wp-json\/wp\/v2\/media?parent=5232"}],"wp:term":[{"taxonomy":"category","embeddable":true,"href":"https:\/\/www.bbyhaber.com\/bby\/wp-json\/wp\/v2\/categories?post=5232"},{"taxonomy":"post_tag","embeddable":true,"href":"https:\/\/www.bbyhaber.com\/bby\/wp-json\/wp\/v2\/tags?post=5232"}],"curies":[{"name":"wp","href":"https:\/\/api.w.org\/{rel}","templated":true}]}}