{"id":5229,"date":"2012-06-12T17:44:44","date_gmt":"2012-06-12T17:44:44","guid":{"rendered":"http:\/\/www.bbyhaber.com\/bby\/?p=5229"},"modified":"2013-02-08T10:45:41","modified_gmt":"2013-02-08T08:45:41","slug":"baska-kent-ankara-feridun-buyukyildiz","status":"publish","type":"post","link":"https:\/\/www.bbyhaber.com\/bby\/2012\/06\/12\/baska-kent-ankara-feridun-buyukyildiz","title":{"rendered":"Ba\u015fka Kent Ankara &#8211; Feridun B\u00fcy\u00fcky\u0131ld\u0131z"},"content":{"rendered":"<p style=\"text-align: justify;\"><a href=\"http:\/\/www.stargundem.com\/dosyalar\/images\/ba%C5%9Fka%20kent%20ankara%281%29.jpg\"><img loading=\"lazy\" decoding=\"async\" class=\"alignleft\" src=\"http:\/\/www.stargundem.com\/dosyalar\/images\/ba%C5%9Fka%20kent%20ankara%281%29.jpg\" alt=\"\" width=\"150\" height=\"150\" \/><\/a><strong>Feridun B\u00fcy\u00fcky\u0131ld\u0131z<\/strong>, Ba\u015fka Kent Ankara\u2019da foto\u011frafla desteklenmi\u015f ve belki de ilk defa \u00f6\u011frenece\u011finiz bilgilerle zenginle\u015ftirilmi\u015f bir Ankara portresi \u00e7iziyor.\u00a0 Ankara\u2019da tarihi bir tura \u00e7\u0131karan ve k\u00fclt\u00fcrel anlamda doyurucu bilgiler bar\u0131nd\u0131ran Ba\u015fka Kent Ankara,<!--more--> bir Ankara a\u015f\u0131\u011f\u0131 Milli K\u00fct\u00fcphane k\u00fct\u00fcphanecilerinden Feridun B\u00fcy\u00fcky\u0131ld\u0131z\u2019\u0131n titiz \u00e7al\u0131\u015fmas\u0131n\u0131n eseri. \u00d6zel bir ar\u015fiv ara\u015ft\u0131rmas\u0131 da kitapta kendisini g\u00f6steriyor ve bu y\u00f6n\u00fcyle \u00e7ok g\u00fcvenilir bir hazine g\u00f6revi g\u00f6r\u00fcyor Ba\u015fka Kent Ankara. Kitapta Ankara, Antik \u00c7a\u011f\u2019dan itibaren ele al\u0131nmaya ba\u015fl\u0131yor ve zaman 1960\u2019lara kadar getiriliyor. Tarih, k\u00fclt\u00fcr, halk\u0131n ya\u015fay\u0131\u015f\u0131 gibi t\u00fcm konularda detayl\u0131 bilgilerin yer ald\u0131\u011f\u0131 kitapta, \u00e7ok say\u0131da foto\u011fraf da kullan\u0131l\u0131yor. Ayn\u0131 zamanda d\u00f6nemin gazete k\u00fcp\u00fcrleriyle de zenginle\u015ftirilen Ba\u015fka Kent Ankara\u2019da sadece ve ak\u0131c\u0131 bir dil kullan\u0131l\u0131yor. Kitab\u0131n sonundaki kaynak\u00e7a ise olduk\u00e7a \u00f6nemli bir yer de te\u015fkil ediyor.<\/p>\n<p style=\"text-align: justify;\">Ankara ile ilgili kulaktan dolma ya da televizyondan g\u00f6rme bilgilerle de\u011fil de belgeleriyle bilgi edinmek isteyenler i\u00e7in tam bir hazine Ba\u015fka Kent Ankara. Feridun B\u00fcy\u00fcky\u0131ld\u0131z\u2019\u0131n kaleminden Ba\u015fka Kent Ankara, Phoenix taraf\u0131ndan yay\u0131mland\u0131.<\/p>\n<p>Kaynak: http:\/\/www.stargundem.com\/<\/p>\n","protected":false},"excerpt":{"rendered":"<p>Feridun B\u00fcy\u00fcky\u0131ld\u0131z, Ba\u015fka Kent Ankara\u2019da foto\u011frafla desteklenmi\u015f ve belki de ilk defa \u00f6\u011frenece\u011finiz bilgilerle zenginle\u015ftirilmi\u015f bir Ankara portresi \u00e7iziyor.\u00a0 Ankara\u2019da tarihi bir tura \u00e7\u0131karan ve k\u00fclt\u00fcrel anlamda doyurucu bilgiler bar\u0131nd\u0131ran Ba\u015fka Kent Ankara,<\/p>\n","protected":false},"author":1,"featured_media":0,"comment_status":"open","ping_status":"open","sticky":false,"template":"","format":"standard","meta":{"footnotes":""},"categories":[],"tags":[435,1408],"class_list":["post-5229","post","type-post","status-publish","format-standard","hentry","tag-feridun-buyukyildiz","tag-kitap-tanitimlari"],"_links":{"self":[{"href":"https:\/\/www.bbyhaber.com\/bby\/wp-json\/wp\/v2\/posts\/5229"}],"collection":[{"href":"https:\/\/www.bbyhaber.com\/bby\/wp-json\/wp\/v2\/posts"}],"about":[{"href":"https:\/\/www.bbyhaber.com\/bby\/wp-json\/wp\/v2\/types\/post"}],"author":[{"embeddable":true,"href":"https:\/\/www.bbyhaber.com\/bby\/wp-json\/wp\/v2\/users\/1"}],"replies":[{"embeddable":true,"href":"https:\/\/www.bbyhaber.com\/bby\/wp-json\/wp\/v2\/comments?post=5229"}],"version-history":[{"count":0,"href":"https:\/\/www.bbyhaber.com\/bby\/wp-json\/wp\/v2\/posts\/5229\/revisions"}],"wp:attachment":[{"href":"https:\/\/www.bbyhaber.com\/bby\/wp-json\/wp\/v2\/media?parent=5229"}],"wp:term":[{"taxonomy":"category","embeddable":true,"href":"https:\/\/www.bbyhaber.com\/bby\/wp-json\/wp\/v2\/categories?post=5229"},{"taxonomy":"post_tag","embeddable":true,"href":"https:\/\/www.bbyhaber.com\/bby\/wp-json\/wp\/v2\/tags?post=5229"}],"curies":[{"name":"wp","href":"https:\/\/api.w.org\/{rel}","templated":true}]}}