{"id":5227,"date":"2012-06-12T17:40:22","date_gmt":"2012-06-12T17:40:22","guid":{"rendered":"http:\/\/www.bbyhaber.com\/bby\/?p=5227"},"modified":"2012-09-07T17:43:35","modified_gmt":"2012-09-07T14:43:35","slug":"bir-kutuphane-bin-tebessum","status":"publish","type":"post","link":"https:\/\/www.bbyhaber.com\/bby\/2012\/06\/12\/bir-kutuphane-bin-tebessum","title":{"rendered":"Bir k\u00fct\u00fcphane bin tebess\u00fcm"},"content":{"rendered":"<p style=\"text-align: justify;\">A\u0130B\u00dc \u00d6zel E\u011fitim B\u00f6l\u00fcm\u00fc Zihin Engelliler \u00d6\u011fretmenli\u011fi 2. \u00d6\u011fretim \u00f6\u011fretmen adaylar\u0131 sosyal bir sorumlulu\u011fu yerine getirerek &#8220;Bir Kitap Bir Tebess\u00fcm&#8221; Projesi kapsam\u0131nda y\u00fcr\u00fct\u00fclen \u00e7al\u0131\u015fmalar ile geli\u015ftirilen okul k\u00fct\u00fcphanesi ve kavram laboratuvar\u0131n\u0131 Emine-Mehmet Baysal E\u011fitim Uygulama Okulu ve \u0130\u015f E\u011fitim Merkezi&#8217;ne kazand\u0131rd\u0131lar.<!--more--> &#8216;Bir kitap bir tebess\u00fcm&#8217; projesi kapsam\u0131nda Abant \u0130zzet Baysal \u00dcniversitesi \u00d6zel E\u011fitim B\u00f6l\u00fcm\u00fc Zihin Engelliler \u00d6\u011fretmenli\u011fi 2. \u00f6\u011fretim \u00f6\u011fretmen adaylar\u0131 Emine-Mehmet Baysal E\u011fitim Uygulama Okulu ve \u0130\u015f E\u011fitim Merkezi&#8217;ne tam donan\u0131ml\u0131 bir kavram laboratuvar\u0131 ve k\u00fct\u00fcphane kazand\u0131rd\u0131.<\/p>\n<p style=\"text-align: justify;\">Emine-Mehmet Baysal E\u011fitim Uygulama Okulu ve \u0130\u015f E\u011fitim Merkezi&#8217;nde yap\u0131lan bir a\u00e7\u0131l\u0131\u015f ile kullan\u0131ma sunulan b\u00f6l\u00fcmde zihin engelli \u00e7ocuklar\u0131n ilgisini \u00e7ekerek \u00f6\u011frenebilece\u011fi pek \u00e7ok malzeme, ara\u00e7 ve gere\u00e7 var.Emine Mehmet Baysal E\u011fitim Uygulama Okulu ve \u0130\u015f E\u011fitim Merkezi M\u00fcd\u00fcr\u00fc Zeki Arabac\u0131o\u011flu a\u00e7\u0131l\u0131\u015fta yapt\u0131\u011f\u0131 konu\u015fmada A\u0130B\u00dc&#8217;l\u00fc \u00f6\u011fretmen adaylar\u0131na ve projeye destek olanlara te\u015fekk\u00fcr ederek \u015funlar\u0131 s\u00f6yledi: &#8216;Abant \u0130zzet Baysal \u00dcniversitesi, E\u011fitim Fak\u00fcltesi-\u00d6zel E\u011fitim B\u00f6l\u00fcm\u00fc 4.S\u0131n\u0131f- ikinci \u00f6\u011fretim \u00f6\u011frencilerin ortakla\u015fa y\u00fcr\u00fctm\u00fc\u015f olduklar\u0131 &#8220;Bir Kitap, Bir Tebess\u00fcm&#8221; projesi kapsam\u0131nda Okulumuza kazand\u0131r\u0131lan K\u00fct\u00fcphanenin a\u00e7\u0131l\u0131\u015f\u0131na ho\u015f geldiniz der enderin sayg\u0131lar\u0131m\u0131 ve sevgilerimi sunar\u0131m. Engelli bireylerin ya\u015fad\u0131klar\u0131 sorunlar sadece kendilerinin de\u011fil; ailelilerinin, \u00e7evrenin, toplumun, k\u0131sacas\u0131 t\u00fcm insanlar\u0131n ortak sorunudur. Bu sorunlar\u0131 a\u015fman\u0131n ve engelli bireylerin normal bir hayat s\u00fcrmeleri ancak toplumsal duyarl\u0131l\u0131\u011f\u0131n olu\u015fmas\u0131yla m\u00fcmk\u00fcnd\u00fcr. Yetersizli\u011fi olan bu insanlar\u0131n toplumla kayna\u015f\u0131p-b\u00fct\u00fcnle\u015fmesinde herkese b\u00fcy\u00fck sorumluluklar d\u00fc\u015fmektedir.<\/p>\n<p style=\"text-align: justify;\">Engelli vatanda\u015flar\u0131m\u0131za ac\u0131ma duygular\u0131 ile yakla\u015fmak yerine, kurumsal hizmetlerin geli\u015ftirilmesine katk\u0131da bulunmak, engellilere hizmet veren kamu, \u00f6zel sekt\u00f6r, sivil toplum \u00f6rg\u00fctleri ve g\u00f6n\u00fcll\u00fc vatanda\u015flar\u0131m\u0131z\u0131n koordineli \u015fekilde \u00e7al\u0131\u015fmalar\u0131na ihtiya\u00e7 vard\u0131r. Sosyal sorumlulu\u011funuzdan ve toplumsal duyarl\u0131l\u0131\u011f\u0131n\u0131zdan dolay\u0131 okulumuza bu k\u00fct\u00fcphanenin kazand\u0131r\u0131lmas\u0131nda; Projeyi hayata ge\u00e7iren okulumuz \u00f6\u011fretmenlerine, \u00dcniversitemizin \u00d6zel E\u011fitim B\u00f6l\u00fcm\u00fc \u00f6\u011frencilerine, maddi ve manevi desteklerini esirgemeyen siz de\u011ferli hay\u0131rsever kat\u0131l\u0131mc\u0131lara ve burada olamayan hay\u0131rsever b\u00fcy\u00fcklerimize okulumuz ad\u0131na te\u015fekk\u00fcr ediyorum&#8217; A\u00e7\u0131l\u0131\u015fta projeyi aktif halle getiren ve destek vererek gerekli malzemelerin sa\u011flanmas\u0131nda katk\u0131 sunan Ba\u011f\u0131\u015f\u00e7\u0131lar Vakf\u0131 ad\u0131na vak\u0131f genel sekreteri Zuhal K\u0131l\u0131\u00e7 ve Akkent Yap\u0131 Emlak ad\u0131na Kamuran Avc\u0131&#8217;ya, Suat S\u00fcvario\u011flu , Adil Uyan\u0131k, Sekan Altun&#8217;a, A.\u0130.B.\u00dc \u00d6zel E\u011fitim B\u00f6l\u00fcm Ba\u015fkan\u0131 Ahmet Y\u0131km\u0131\u015f&#8217;a, Bolu Sanayi ve Ticaret Odas\u0131, \u00d6zg\u00fcr Kuzbunar, Ali Atalay, Gen\u00e7 Sanatlar Toplulu\u011fu ve Erdin\u00e7 Akta\u015f&#8217;a, okul \u00f6\u011fretmenlerinden \u00dcmit \u00d6zf\u0131rat, Yusuf Alpdo\u011fan,Sinan Tartar ve Abant \u0130zzet Baysal \u00dcniversitesi \u00d6zel E\u011fitim B\u00f6l\u00fcm\u00fc Zihin Engelliler \u00d6\u011fretmenli\u011fi 2. \u00f6\u011fretim \u00f6\u011fretmen adaylar\u0131 Kadir Han ve Gurbet Y\u0131lan&#8217;a te\u015fekk\u00fcr belgeleri verildi.<\/p>\n<p style=\"text-align: justify;\">Kaynak: http:\/\/www.bolutakip.com<\/p>\n","protected":false},"excerpt":{"rendered":"<p>A\u0130B\u00dc \u00d6zel E\u011fitim B\u00f6l\u00fcm\u00fc Zihin Engelliler \u00d6\u011fretmenli\u011fi 2. \u00d6\u011fretim \u00f6\u011fretmen adaylar\u0131 sosyal bir sorumlulu\u011fu yerine getirerek &#8220;Bir Kitap Bir Tebess\u00fcm&#8221; Projesi kapsam\u0131nda y\u00fcr\u00fct\u00fclen \u00e7al\u0131\u015fmalar ile geli\u015ftirilen okul k\u00fct\u00fcphanesi ve kavram laboratuvar\u0131n\u0131 Emine-Mehmet Baysal E\u011fitim Uygulama Okulu ve \u0130\u015f E\u011fitim Merkezi&#8217;ne kazand\u0131rd\u0131lar.<\/p>\n","protected":false},"author":1,"featured_media":0,"comment_status":"open","ping_status":"open","sticky":false,"template":"","format":"standard","meta":{"footnotes":""},"categories":[],"tags":[845],"class_list":["post-5227","post","type-post","status-publish","format-standard","hentry","tag-okul-kutuphaneleri"],"_links":{"self":[{"href":"https:\/\/www.bbyhaber.com\/bby\/wp-json\/wp\/v2\/posts\/5227"}],"collection":[{"href":"https:\/\/www.bbyhaber.com\/bby\/wp-json\/wp\/v2\/posts"}],"about":[{"href":"https:\/\/www.bbyhaber.com\/bby\/wp-json\/wp\/v2\/types\/post"}],"author":[{"embeddable":true,"href":"https:\/\/www.bbyhaber.com\/bby\/wp-json\/wp\/v2\/users\/1"}],"replies":[{"embeddable":true,"href":"https:\/\/www.bbyhaber.com\/bby\/wp-json\/wp\/v2\/comments?post=5227"}],"version-history":[{"count":0,"href":"https:\/\/www.bbyhaber.com\/bby\/wp-json\/wp\/v2\/posts\/5227\/revisions"}],"wp:attachment":[{"href":"https:\/\/www.bbyhaber.com\/bby\/wp-json\/wp\/v2\/media?parent=5227"}],"wp:term":[{"taxonomy":"category","embeddable":true,"href":"https:\/\/www.bbyhaber.com\/bby\/wp-json\/wp\/v2\/categories?post=5227"},{"taxonomy":"post_tag","embeddable":true,"href":"https:\/\/www.bbyhaber.com\/bby\/wp-json\/wp\/v2\/tags?post=5227"}],"curies":[{"name":"wp","href":"https:\/\/api.w.org\/{rel}","templated":true}]}}