{"id":5219,"date":"2012-06-12T08:01:39","date_gmt":"2012-06-12T08:01:39","guid":{"rendered":"http:\/\/www.bbyhaber.com\/bby\/?p=5219"},"modified":"2012-06-12T13:53:21","modified_gmt":"2012-06-12T13:53:21","slug":"ankos-dernegi-olagan-genel-kurul-sonuclari","status":"publish","type":"post","link":"https:\/\/www.bbyhaber.com\/bby\/2012\/06\/12\/ankos-dernegi-olagan-genel-kurul-sonuclari","title":{"rendered":"ANKOS Derne\u011fi Ola\u011fan Genel Kurul Sonu\u00e7lar\u0131"},"content":{"rendered":"<p>&#8220;ANKOS Derne\u011fi Ola\u011fan Genel Kurul Toplant\u0131s\u0131\u201d nda se\u00e7ilen Y\u00f6netim ve Denetleme Kurulu asil ve yedek \u00fcyeleri:<\/p>\n<p><strong>Y\u00f6netim Kurulu Asil \u00dcyeleri:<\/strong><br \/>\n1. Ertu\u011frul \u00c7\u0130MEN<br \/>\n2. Fatma Tuba AKBAYT\u00dcRK \u00c7ANAK<br \/>\n3. \u0130lkay HOLT<br \/>\n4. Cevat G\u00dcVEN<br \/>\n5. Nevzat SABAN<!--more--><br \/>\n6. Sami \u00c7UKADAR<br \/>\n7. \u0130smail \u00c7ET\u0130NKAYA<\/p>\n<p><strong>Y\u00f6netim Kurulu Yedek \u00dcyeleri<\/strong><br \/>\n1. Ayhan TU\u011eLU<br \/>\n2. G\u00fcltekin G\u00dcRDAL<br \/>\n3. Kenan ERZURUM<br \/>\n4. Hakan KAPUCU<br \/>\n5. Hakk\u0131 YILMAZ<br \/>\n6. Mehmet MANYAS<br \/>\n7. Yasin DEM\u0130RBA\u015e<\/p>\n<p><strong>Denetleme Kurulu \u00dcyeleri<\/strong><br \/>\n1. S\u00f6nmez \u00c7EL\u0130K<br \/>\n2. Fatih KUMSEL<br \/>\n3. Kenan \u00d6ZTOP<\/p>\n<p><strong>Denetleme Kurulu Yedek \u00dcyeleri<\/strong><br \/>\n1. Selma ASLAN<br \/>\n2. \u015eenol ARMA\u011eAN<br \/>\n3. Ezgi \u00c7EL\u0130K<\/p>\n<p>ANKOS Derne\u011fi Y\u00f6netim Kurulu\u2019nun se\u00e7ilmesinin ard\u0131ndan yap\u0131lan ilk toplant\u0131da, Y\u00f6netim Kurulu i\u00e7indeki g\u00f6rev da\u011f\u0131l\u0131m\u0131n\u0131n a\u015fa\u011f\u0131daki \u015fekilde olmas\u0131na karar verildi:<\/p>\n<p>1. Ertu\u011frul \u00c7\u0130MEN (Ba\u015fkan)<br \/>\n2. Fatma Tuba AKBAYTURK \u00c7ANAK (Yazman)<br \/>\n3. \u0130lkay HOLT (Sayman)<br \/>\n4. Cevat G\u00dcVEN (\u00dcye)<br \/>\n5. Nevzat SABAN (\u00dcye)<br \/>\n6. Sami \u00c7UKADAR (\u00dcye)<br \/>\n7. \u0130smail \u00c7ET\u0130NKAYA (\u00dcye)<\/p>\n<p>Ba\u015fkan Ertu\u011frul \u00c7\u0130MEN yapt\u0131\u011f\u0131 duyuruda; Y\u00f6netim ve Denetleme Kurulu asil ve yedek \u00fcyeli\u011fine se\u00e7ilen meslekta\u015flar\u0131m\u0131z\u0131 kutlayarak, ba\u015far\u0131lar diledi ve Akademik k\u00fct\u00fcphanecilik camias\u0131na hay\u0131rl\u0131 olmas\u0131 temennilerini iletti.<\/p>\n","protected":false},"excerpt":{"rendered":"<p>&#8220;ANKOS Derne\u011fi Ola\u011fan Genel Kurul Toplant\u0131s\u0131\u201d nda se\u00e7ilen Y\u00f6netim ve Denetleme Kurulu asil ve yedek \u00fcyeleri: Y\u00f6netim Kurulu Asil \u00dcyeleri: 1. Ertu\u011frul \u00c7\u0130MEN 2. Fatma Tuba AKBAYT\u00dcRK \u00c7ANAK 3. \u0130lkay HOLT 4. Cevat G\u00dcVEN 5. Nevzat SABAN<\/p>\n","protected":false},"author":1,"featured_media":0,"comment_status":"open","ping_status":"open","sticky":false,"template":"","format":"standard","meta":{"footnotes":""},"categories":[1],"tags":[1015],"class_list":["post-5219","post","type-post","status-publish","format-standard","hentry","category-genel","tag-ankos"],"_links":{"self":[{"href":"https:\/\/www.bbyhaber.com\/bby\/wp-json\/wp\/v2\/posts\/5219"}],"collection":[{"href":"https:\/\/www.bbyhaber.com\/bby\/wp-json\/wp\/v2\/posts"}],"about":[{"href":"https:\/\/www.bbyhaber.com\/bby\/wp-json\/wp\/v2\/types\/post"}],"author":[{"embeddable":true,"href":"https:\/\/www.bbyhaber.com\/bby\/wp-json\/wp\/v2\/users\/1"}],"replies":[{"embeddable":true,"href":"https:\/\/www.bbyhaber.com\/bby\/wp-json\/wp\/v2\/comments?post=5219"}],"version-history":[{"count":0,"href":"https:\/\/www.bbyhaber.com\/bby\/wp-json\/wp\/v2\/posts\/5219\/revisions"}],"wp:attachment":[{"href":"https:\/\/www.bbyhaber.com\/bby\/wp-json\/wp\/v2\/media?parent=5219"}],"wp:term":[{"taxonomy":"category","embeddable":true,"href":"https:\/\/www.bbyhaber.com\/bby\/wp-json\/wp\/v2\/categories?post=5219"},{"taxonomy":"post_tag","embeddable":true,"href":"https:\/\/www.bbyhaber.com\/bby\/wp-json\/wp\/v2\/tags?post=5219"}],"curies":[{"name":"wp","href":"https:\/\/api.w.org\/{rel}","templated":true}]}}