{"id":5206,"date":"2012-06-11T19:18:53","date_gmt":"2012-06-11T19:18:53","guid":{"rendered":"http:\/\/www.bbyhaber.com\/bby\/?p=5206"},"modified":"2012-10-22T12:57:00","modified_gmt":"2012-10-22T09:57:00","slug":"tkd-ankara-subesi-olagan-genel-kurulu-sonuclari","status":"publish","type":"post","link":"https:\/\/www.bbyhaber.com\/bby\/2012\/06\/11\/tkd-ankara-subesi-olagan-genel-kurulu-sonuclari","title":{"rendered":"TKD Ankara \u015eubesi Ola\u011fan Genel Kurul Sonu\u00e7lar\u0131"},"content":{"rendered":"<p><strong>Y\u00f6netim Kurulu \u00dcyeleri<\/strong><br \/>\nDide KARA\u015eAH\u0130N &#8211; Ba\u015fkan<br \/>\nMehmet K\u00dc\u00c7\u00dcK &#8211; Yazman<br \/>\nCanan ESMER &#8211; Sayman<!--more--><br \/>\nSercan Seren KIR\u00c7\u0130\u00c7EK &#8211; \u00dcye<br \/>\nCan UZUN &#8211; \u00dcye<\/p>\n<p><strong>Denetleme Kurulu \u00dcyeleri<\/strong><br \/>\nEkrem CO\u015eKUN<br \/>\nMehmet DEM\u0130R<br \/>\nSerhat BAYTUR<\/p>\n<p><strong>Genel Merkez Delegeleri<\/strong><br \/>\nSerhat BAYTUR<br \/>\n\u015eenol KARADEN\u0130Z<br \/>\nErol YILMAZ<br \/>\nHavva ALKI\u015e<br \/>\nCanan ESMER<br \/>\nRe\u015fit SARIG\u00dcL<br \/>\nBurcu KETEN<br \/>\nG\u00fcnay UYSAL<br \/>\nMehmet K\u00dc\u00c7\u00dcK<br \/>\n\u00c7a\u011fda\u015f \u00d6ZT\u00dcRK<br \/>\nCan UZUN<br \/>\nG\u00f6k\u00e7e KARADEN\u0130Z<br \/>\nNermin AV\u015eAR<\/p>\n","protected":false},"excerpt":{"rendered":"<p>Y\u00f6netim Kurulu \u00dcyeleri Dide KARA\u015eAH\u0130N &#8211; Ba\u015fkan Mehmet K\u00dc\u00c7\u00dcK &#8211; Yazman Canan ESMER &#8211; Sayman<\/p>\n","protected":false},"author":1,"featured_media":0,"comment_status":"open","ping_status":"open","sticky":false,"template":"","format":"standard","meta":{"footnotes":""},"categories":[1],"tags":[1421],"class_list":["post-5206","post","type-post","status-publish","format-standard","hentry","category-genel","tag-tkd-ankara"],"_links":{"self":[{"href":"https:\/\/www.bbyhaber.com\/bby\/wp-json\/wp\/v2\/posts\/5206"}],"collection":[{"href":"https:\/\/www.bbyhaber.com\/bby\/wp-json\/wp\/v2\/posts"}],"about":[{"href":"https:\/\/www.bbyhaber.com\/bby\/wp-json\/wp\/v2\/types\/post"}],"author":[{"embeddable":true,"href":"https:\/\/www.bbyhaber.com\/bby\/wp-json\/wp\/v2\/users\/1"}],"replies":[{"embeddable":true,"href":"https:\/\/www.bbyhaber.com\/bby\/wp-json\/wp\/v2\/comments?post=5206"}],"version-history":[{"count":0,"href":"https:\/\/www.bbyhaber.com\/bby\/wp-json\/wp\/v2\/posts\/5206\/revisions"}],"wp:attachment":[{"href":"https:\/\/www.bbyhaber.com\/bby\/wp-json\/wp\/v2\/media?parent=5206"}],"wp:term":[{"taxonomy":"category","embeddable":true,"href":"https:\/\/www.bbyhaber.com\/bby\/wp-json\/wp\/v2\/categories?post=5206"},{"taxonomy":"post_tag","embeddable":true,"href":"https:\/\/www.bbyhaber.com\/bby\/wp-json\/wp\/v2\/tags?post=5206"}],"curies":[{"name":"wp","href":"https:\/\/api.w.org\/{rel}","templated":true}]}}