{"id":5204,"date":"2012-06-11T19:14:29","date_gmt":"2012-06-11T19:14:29","guid":{"rendered":"http:\/\/www.bbyhaber.com\/bby\/?p=5204"},"modified":"2012-09-07T19:39:33","modified_gmt":"2012-09-07T16:39:33","slug":"tkd-istanbul-subesi-olagan-genel-kurulu-sonuclari","status":"publish","type":"post","link":"https:\/\/www.bbyhaber.com\/bby\/2012\/06\/11\/tkd-istanbul-subesi-olagan-genel-kurulu-sonuclari","title":{"rendered":"TKD \u0130stanbul \u015eubesi Ola\u011fan Genel Kurul Sonu\u00e7lar\u0131"},"content":{"rendered":"<p><strong><a href=\"http:\/\/www.istanbulkutuphaneci.org\/sites\/default\/files\/tkd_logo.png\"><img loading=\"lazy\" decoding=\"async\" class=\"alignleft\" src=\"http:\/\/www.istanbulkutuphaneci.org\/sites\/default\/files\/tkd_logo.png\" alt=\"\" width=\"135\" height=\"139\" \/><\/a>Y\u00f6netim Kurulu \u00dcyeleri<\/strong><br \/>\nMehmet MANYAS<br \/>\nHacer \u00c7\u0130MEN<br \/>\n\u00dcmran KANDEM\u0130R<br \/>\n\u00d6zlem BAYRAK<br \/>\nL\u00fctfi U\u011eUZ <!--more--><\/p>\n<p><strong>Denetleme Kurulu \u00dcyeleri<\/strong><br \/>\nAyhan TU\u011eLU<br \/>\nSemih \u0130\u015eEV\u0130<br \/>\nS\u00f6nmez \u00c7EL\u0130K<\/p>\n<p><strong>TKD Genel Merkez Genel Kurul Delegeleri<\/strong><br \/>\nDidar BAYIR<br \/>\nG\u00fcler YILDIZ<br \/>\nH\u00fcseyin T\u00dcRKMEN<br \/>\nMurat YILMAZ<br \/>\nS\u00f6nmez \u00c7EL\u0130K<br \/>\nSerap \u00d6ZYURT<br \/>\nTamer TEKG\u00dcL<br \/>\nTuba \u00c7AVDAR KARATEPE<br \/>\nYasin DEM\u0130RBA\u015e<\/p>\n","protected":false},"excerpt":{"rendered":"<p>Y\u00f6netim Kurulu \u00dcyeleri Mehmet MANYAS Hacer \u00c7\u0130MEN \u00dcmran KANDEM\u0130R \u00d6zlem BAYRAK L\u00fctfi U\u011eUZ<\/p>\n","protected":false},"author":1,"featured_media":0,"comment_status":"open","ping_status":"open","sticky":false,"template":"","format":"standard","meta":{"footnotes":""},"categories":[],"tags":[1420],"class_list":["post-5204","post","type-post","status-publish","format-standard","hentry","tag-tkd-istanbul"],"_links":{"self":[{"href":"https:\/\/www.bbyhaber.com\/bby\/wp-json\/wp\/v2\/posts\/5204"}],"collection":[{"href":"https:\/\/www.bbyhaber.com\/bby\/wp-json\/wp\/v2\/posts"}],"about":[{"href":"https:\/\/www.bbyhaber.com\/bby\/wp-json\/wp\/v2\/types\/post"}],"author":[{"embeddable":true,"href":"https:\/\/www.bbyhaber.com\/bby\/wp-json\/wp\/v2\/users\/1"}],"replies":[{"embeddable":true,"href":"https:\/\/www.bbyhaber.com\/bby\/wp-json\/wp\/v2\/comments?post=5204"}],"version-history":[{"count":0,"href":"https:\/\/www.bbyhaber.com\/bby\/wp-json\/wp\/v2\/posts\/5204\/revisions"}],"wp:attachment":[{"href":"https:\/\/www.bbyhaber.com\/bby\/wp-json\/wp\/v2\/media?parent=5204"}],"wp:term":[{"taxonomy":"category","embeddable":true,"href":"https:\/\/www.bbyhaber.com\/bby\/wp-json\/wp\/v2\/categories?post=5204"},{"taxonomy":"post_tag","embeddable":true,"href":"https:\/\/www.bbyhaber.com\/bby\/wp-json\/wp\/v2\/tags?post=5204"}],"curies":[{"name":"wp","href":"https:\/\/api.w.org\/{rel}","templated":true}]}}