{"id":5193,"date":"2012-06-08T07:28:12","date_gmt":"2012-06-08T07:28:12","guid":{"rendered":"http:\/\/www.bbyhaber.com\/bby\/?p=5193"},"modified":"2012-09-07T17:43:47","modified_gmt":"2012-09-07T14:43:47","slug":"bahcesehirliler-kutuphane-kuruyor","status":"publish","type":"post","link":"https:\/\/www.bbyhaber.com\/bby\/2012\/06\/08\/bahcesehirliler-kutuphane-kuruyor","title":{"rendered":"Bah\u00e7e\u015fehirliler k\u00fct\u00fcphane kuruyor"},"content":{"rendered":"<p style=\"text-align: justify;\">Bah\u00e7e\u015fehir Kolejleri ve BJK Koleji ile birlikte olu\u015fturulan ve t\u00fcm T\u00fcrkiye\u2019yi kapsayan dev proje kapsam\u0131nda ihtiya\u00e7 sahibi okullara k\u00fct\u00fcphaneler kurulmas\u0131 i\u00e7in ilk ad\u0131mlar Alanya\u2019da da at\u0131ld\u0131. Bah\u00e7e\u015fehir Kolejleri, \u201cK\u00fct\u00fcphane Kar\u0131ncalar\u0131 K\u00fct\u00fcphaneler Kuruyor\u201d projesiyle y\u00fcz binlerce kitap topluyor. Proje kapsam\u0131nda, Milli E\u011fitim Bakanl\u0131\u011f\u0131\u2019n\u0131n \u00f6ng\u00f6rd\u00fc\u011f\u00fc yay\u0131nlar ile gen\u00e7lik klasikleri, \u00e7ocuk klasikleri, klasikler, <!--more-->\u00fcniversite ve Anadolu liseleri haz\u0131rl\u0131k kitaplar\u0131, \u00e7ocuk hikayeleri, psikoloji kitaplar\u0131, \u00e7ocuk romanlar\u0131, anaokulu \u00e7ocuklar\u0131na y\u00f6nelik kitaplar, bilimsel ve edebi kitaplar, dergiler, \u00f6\u011fretmen e\u011fitim kitaplar\u0131 toplan\u0131yor ve bu kitaplar Bah\u00e7e\u015fehir Kolejleri \u00f6\u011frencileri taraf\u0131ndan tasnif ediliyorlar. Haz\u0131rlanan kitaplar, gidecekleri okullar\u0131n \u00f6nceliklerine ve ihtiya\u00e7lar\u0131na g\u00f6re ayr\u0131l\u0131yor, sonras\u0131nda, ihtiya\u00e7 sahibi oldu\u011fu belirlenen k\u00f6y, kasaba, il\u00e7e veya illerde bulunan okullara k\u00fct\u00fcphaneler kurulmas\u0131 ad\u0131na \u00e7al\u0131\u015fmalar yap\u0131l\u0131yor.<\/p>\n<p style=\"text-align: justify;\">Proje do\u011frultusunda Bah\u00e7e\u015fehir Koleji Alanya\u2019da da heyecanl\u0131 bir s\u00fcre\u00e7 devam etti. K\u00fct\u00fcphane Kar\u0131ncas\u0131 \u00f6\u011frenciler, \u201cKitaplar\u0131n\u0131z Raflarda Durmas\u0131n, Minik Ellerde Parlas\u0131n\u201d slogan\u0131yla toplad\u0131klar\u0131 binlerce kitab\u0131 ihtiya\u00e7 sahibi okullara da\u011f\u0131t\u0131yorlar. Bu do\u011frultuda Bah\u00e7e\u015fehir Koleji Alanya \u00f6\u011frencileri; De\u011firmendere \u0130lk\u00f6\u011fretim Okulu, Obak\u00f6y \u0130lk\u00f6\u011fretim Okulu ve A\u015fa\u011f\u0131oba Hasan At\u0131c\u0131 \u0130lk\u00f6\u011fretim Okulu\u2019na bir ziyaret ger\u00e7ekle\u015ftirerek toplad\u0131klar\u0131 kitaplar\u0131 hediye ettiler.<\/p>\n<p style=\"text-align: justify;\">Kaynak: http:\/\/www.yenialanya.com<\/p>\n","protected":false},"excerpt":{"rendered":"<p>Bah\u00e7e\u015fehir Kolejleri ve BJK Koleji ile birlikte olu\u015fturulan ve t\u00fcm T\u00fcrkiye\u2019yi kapsayan dev proje kapsam\u0131nda ihtiya\u00e7 sahibi okullara k\u00fct\u00fcphaneler kurulmas\u0131 i\u00e7in ilk ad\u0131mlar Alanya\u2019da da at\u0131ld\u0131. Bah\u00e7e\u015fehir Kolejleri, \u201cK\u00fct\u00fcphane Kar\u0131ncalar\u0131 K\u00fct\u00fcphaneler Kuruyor\u201d projesiyle y\u00fcz binlerce kitap topluyor. Proje kapsam\u0131nda, Milli E\u011fitim Bakanl\u0131\u011f\u0131\u2019n\u0131n \u00f6ng\u00f6rd\u00fc\u011f\u00fc yay\u0131nlar ile gen\u00e7lik klasikleri, \u00e7ocuk klasikleri, klasikler,<\/p>\n","protected":false},"author":1,"featured_media":0,"comment_status":"open","ping_status":"open","sticky":false,"template":"","format":"standard","meta":{"footnotes":""},"categories":[],"tags":[317,845],"class_list":["post-5193","post","type-post","status-publish","format-standard","hentry","tag-kutuphane-karincalari","tag-okul-kutuphaneleri"],"_links":{"self":[{"href":"https:\/\/www.bbyhaber.com\/bby\/wp-json\/wp\/v2\/posts\/5193"}],"collection":[{"href":"https:\/\/www.bbyhaber.com\/bby\/wp-json\/wp\/v2\/posts"}],"about":[{"href":"https:\/\/www.bbyhaber.com\/bby\/wp-json\/wp\/v2\/types\/post"}],"author":[{"embeddable":true,"href":"https:\/\/www.bbyhaber.com\/bby\/wp-json\/wp\/v2\/users\/1"}],"replies":[{"embeddable":true,"href":"https:\/\/www.bbyhaber.com\/bby\/wp-json\/wp\/v2\/comments?post=5193"}],"version-history":[{"count":0,"href":"https:\/\/www.bbyhaber.com\/bby\/wp-json\/wp\/v2\/posts\/5193\/revisions"}],"wp:attachment":[{"href":"https:\/\/www.bbyhaber.com\/bby\/wp-json\/wp\/v2\/media?parent=5193"}],"wp:term":[{"taxonomy":"category","embeddable":true,"href":"https:\/\/www.bbyhaber.com\/bby\/wp-json\/wp\/v2\/categories?post=5193"},{"taxonomy":"post_tag","embeddable":true,"href":"https:\/\/www.bbyhaber.com\/bby\/wp-json\/wp\/v2\/tags?post=5193"}],"curies":[{"name":"wp","href":"https:\/\/api.w.org\/{rel}","templated":true}]}}