{"id":5178,"date":"2012-06-07T19:06:18","date_gmt":"2012-06-07T19:06:18","guid":{"rendered":"http:\/\/www.bbyhaber.com\/bby\/?p=5178"},"modified":"2012-06-07T19:07:08","modified_gmt":"2012-06-07T19:07:08","slug":"bi-bana-bi-vana-kitap-kampanyasi-kocaeli-buyuksehir-belediyesi","status":"publish","type":"post","link":"https:\/\/www.bbyhaber.com\/bby\/2012\/06\/07\/bi-bana-bi-vana-kitap-kampanyasi-kocaeli-buyuksehir-belediyesi","title":{"rendered":"Bi Bana Bi Van\u2019a kitap kampanyas\u0131-Kocaeli B\u00fcy\u00fck\u015fehir Belediyesi"},"content":{"rendered":"<p style=\"text-align: justify;\"><a href=\"http:\/\/medya.ozgurkocaeli.com\/2012\/06\/16307-detay.jpg\"><img loading=\"lazy\" decoding=\"async\" class=\"alignleft\" src=\"http:\/\/medya.ozgurkocaeli.com\/2012\/06\/16307-detay.jpg\" alt=\"\" width=\"332\" height=\"153\" \/><\/a>Kocaeli B\u00fcy\u00fck\u015fehir Belediyesi\u2019nin d\u00fczenledi\u011fi 4. Kocaeli Kitap Fuar\u0131\u2019nda d\u00fczenlenen Bi Bana Bi Van\u2019a kitap kampanyas\u0131nda toplanan kitaplar Van\u2019a g\u00f6nderildi. Toplanan kitaplarla Van\u2019daki Nezahat \u00c7e\u00e7en \u0130lk\u00f6\u011fretim Okulu\u2019nda k\u00fct\u00fcphane kuruldu. Kampanya kapsam\u0131nda Kocaeli\u2019de de k\u00fct\u00fcphane kurulacak.<!--more--><\/p>\n<p style=\"text-align: justify;\">Kocaeli B\u00fcy\u00fck\u015fehir Belediyesi taraf\u0131ndan d\u00fczenlenen Bi Bana Bi Van\u2019a kitap kampanyas\u0131nda toplanan kitaplar Van\u2019a ula\u015ft\u0131. B\u00fcy\u00fck\u015fehir Belediyesi\u2019nin sosyal sorumluluk projesi olan kampanyaya Kocaelili kitapseverler b\u00fcy\u00fck ilgi g\u00f6stermi\u015fti. 4. Kocaeli Kitap Fuar\u0131\u2019na kat\u0131lan yazarlar da fuarda olu\u015fturulan kumbaraya kitaplar\u0131n\u0131 atarak destek vermi\u015fti.<\/p>\n<p style=\"text-align: justify;\">59 Koli kitap g\u00f6nderildi<\/p>\n<p style=\"text-align: justify;\">Toplanan kitaplar tek tek g\u00f6zden ge\u00e7irilirken kitaplar\u0131n bir k\u0131sm\u0131 Van\u2019da kurulacak k\u00fct\u00fcphaneye g\u00f6nderildi. \u00d6nceki g\u00fcn yola \u00e7\u0131kan ve 59 koliden olu\u015fan 8 bin kitap Van\u2019daki Nezahat \u00c7e\u00e7en \u0130lk\u00f6\u011fretim Okulu\u2019ndaki k\u00fct\u00fcphaneye yerle\u015ftirildi. Kitaplarla birlikte 15 koli oyunca ve 2 adet bilgisayar Okul M\u00fcd\u00fcr\u00fc Cemal Matur\u2019a teslim edildi. \u00d6te yandan Nezahat \u00c7e\u00e7en \u0130lk\u00f6\u011fretim Okulu\u2019ndaki k\u00fct\u00fcphanenin a\u00e7\u0131l\u0131\u015f\u0131 yar\u0131n t\u00f6renle yap\u0131lacak Programa Milli E\u011fitim Bakan\u0131 \u00d6mer Din\u00e7er de kat\u0131lacak.<\/p>\n<p style=\"text-align: justify;\">Kaynak: http:\/\/www.ozgurkocaeli.com.tr\/<\/p>\n","protected":false},"excerpt":{"rendered":"<p>Kocaeli B\u00fcy\u00fck\u015fehir Belediyesi\u2019nin d\u00fczenledi\u011fi 4. Kocaeli Kitap Fuar\u0131\u2019nda d\u00fczenlenen Bi Bana Bi Van\u2019a kitap kampanyas\u0131nda toplanan kitaplar Van\u2019a g\u00f6nderildi. Toplanan kitaplarla Van\u2019daki Nezahat \u00c7e\u00e7en \u0130lk\u00f6\u011fretim Okulu\u2019nda k\u00fct\u00fcphane kuruldu. Kampanya kapsam\u0131nda Kocaeli\u2019de de k\u00fct\u00fcphane kurulacak.<\/p>\n","protected":false},"author":1,"featured_media":0,"comment_status":"open","ping_status":"open","sticky":false,"template":"","format":"standard","meta":{"footnotes":""},"categories":[1555,1,1494],"tags":[],"class_list":["post-5178","post","type-post","status-publish","format-standard","hentry","category-deprem-kutuphane","category-genel","category-kitap-kampanyasi"],"_links":{"self":[{"href":"https:\/\/www.bbyhaber.com\/bby\/wp-json\/wp\/v2\/posts\/5178"}],"collection":[{"href":"https:\/\/www.bbyhaber.com\/bby\/wp-json\/wp\/v2\/posts"}],"about":[{"href":"https:\/\/www.bbyhaber.com\/bby\/wp-json\/wp\/v2\/types\/post"}],"author":[{"embeddable":true,"href":"https:\/\/www.bbyhaber.com\/bby\/wp-json\/wp\/v2\/users\/1"}],"replies":[{"embeddable":true,"href":"https:\/\/www.bbyhaber.com\/bby\/wp-json\/wp\/v2\/comments?post=5178"}],"version-history":[{"count":0,"href":"https:\/\/www.bbyhaber.com\/bby\/wp-json\/wp\/v2\/posts\/5178\/revisions"}],"wp:attachment":[{"href":"https:\/\/www.bbyhaber.com\/bby\/wp-json\/wp\/v2\/media?parent=5178"}],"wp:term":[{"taxonomy":"category","embeddable":true,"href":"https:\/\/www.bbyhaber.com\/bby\/wp-json\/wp\/v2\/categories?post=5178"},{"taxonomy":"post_tag","embeddable":true,"href":"https:\/\/www.bbyhaber.com\/bby\/wp-json\/wp\/v2\/tags?post=5178"}],"curies":[{"name":"wp","href":"https:\/\/api.w.org\/{rel}","templated":true}]}}