{"id":5165,"date":"2012-06-07T13:55:10","date_gmt":"2012-06-07T13:55:10","guid":{"rendered":"http:\/\/www.bbyhaber.com\/bby\/?p=5165"},"modified":"2012-07-25T16:08:08","modified_gmt":"2012-07-25T16:08:08","slug":"tkd-baskanindan-arsivciler-icin-iptal-ihdaslar-hakkindaki-aciklama","status":"publish","type":"post","link":"https:\/\/www.bbyhaber.com\/bby\/2012\/06\/07\/tkd-baskanindan-arsivciler-icin-iptal-ihdaslar-hakkindaki-aciklama","title":{"rendered":"TKD Ba\u015fkan\u0131n&#8217;dan Ar\u015fivciler i\u00e7in \u0130ptal &#8211; \u0130hdaslar Hakk\u0131nda A\u00e7\u0131klama"},"content":{"rendered":"<p style=\"text-align: justify;\">Tapu ve Kadastro Genel M\u00fcd\u00fcrl\u00fc\u011f\u00fc\u2019nde \u201cAr\u015fiv Memuru\u201d kadrosunda \u00e7al\u0131\u015fan Bilgi ve Belge Y\u00f6netimi B\u00f6l\u00fcm\u00fc mezunu arkada\u015flar\u0131m\u0131z\u0131n Ar\u015fivci kadrosuna ge\u00e7ebilmeleri i\u00e7in kadro \u0130ptal \u2013 \u0130hdaslar\u0131n\u0131n yap\u0131lmas\u0131 gerekiyordu. Bildi\u011finiz gibi konuyla ilgili olarak ge\u00e7en ay Tapu ve Kadastro Genel M\u00fcd\u00fcrl\u00fc\u011f\u00fc ile g\u00f6r\u00fc\u015fm\u00fc\u015ft\u00fcm. Bug\u00fcn tekrar g\u00f6r\u00fc\u015ft\u00fcm. Tapu ve Kadastro Genel M\u00fcd\u00fcrl\u00fc\u011f\u00fc \u0131srarlar\u0131m\u0131z sonunda <!--more-->\u0130ptal \u2013 \u0130hdaslar i\u00e7in Devlet Personel Ba\u015fkanl\u0131\u011f\u0131\u2019na Ar\u015fivci iste\u011finde bulunmu\u015ftur. S\u00fcre\u00e7 derne\u011fimiz taraf\u0131ndan izlenmeye devam edilecektir.<\/p>\n<p style=\"text-align: justify;\">Sayg\u0131lar\u0131mla.<br \/>\nAli Fuat KARTAL<br \/>\nTKD Genel Ba\u015fkan\u0131<\/p>\n<p style=\"text-align: justify;\">Kaynak: K\u00fct\u00fcp-L<\/p>\n","protected":false},"excerpt":{"rendered":"<p>Tapu ve Kadastro Genel M\u00fcd\u00fcrl\u00fc\u011f\u00fc\u2019nde \u201cAr\u015fiv Memuru\u201d kadrosunda \u00e7al\u0131\u015fan Bilgi ve Belge Y\u00f6netimi B\u00f6l\u00fcm\u00fc mezunu arkada\u015flar\u0131m\u0131z\u0131n Ar\u015fivci kadrosuna ge\u00e7ebilmeleri i\u00e7in kadro \u0130ptal \u2013 \u0130hdaslar\u0131n\u0131n yap\u0131lmas\u0131 gerekiyordu. Bildi\u011finiz gibi konuyla ilgili olarak ge\u00e7en ay Tapu ve Kadastro Genel M\u00fcd\u00fcrl\u00fc\u011f\u00fc ile g\u00f6r\u00fc\u015fm\u00fc\u015ft\u00fcm. Bug\u00fcn tekrar g\u00f6r\u00fc\u015ft\u00fcm. Tapu ve Kadastro Genel M\u00fcd\u00fcrl\u00fc\u011f\u00fc \u0131srarlar\u0131m\u0131z sonunda<\/p>\n","protected":false},"author":1,"featured_media":0,"comment_status":"open","ping_status":"open","sticky":false,"template":"","format":"standard","meta":{"footnotes":""},"categories":[1474,1605],"tags":[1096,1398],"class_list":["post-5165","post","type-post","status-publish","format-standard","hentry","category-ali-fuat-kartal","category-teknik-kadro-arsivciler","tag-arsivcilik","tag-bby-ozluk-haklari"],"_links":{"self":[{"href":"https:\/\/www.bbyhaber.com\/bby\/wp-json\/wp\/v2\/posts\/5165"}],"collection":[{"href":"https:\/\/www.bbyhaber.com\/bby\/wp-json\/wp\/v2\/posts"}],"about":[{"href":"https:\/\/www.bbyhaber.com\/bby\/wp-json\/wp\/v2\/types\/post"}],"author":[{"embeddable":true,"href":"https:\/\/www.bbyhaber.com\/bby\/wp-json\/wp\/v2\/users\/1"}],"replies":[{"embeddable":true,"href":"https:\/\/www.bbyhaber.com\/bby\/wp-json\/wp\/v2\/comments?post=5165"}],"version-history":[{"count":0,"href":"https:\/\/www.bbyhaber.com\/bby\/wp-json\/wp\/v2\/posts\/5165\/revisions"}],"wp:attachment":[{"href":"https:\/\/www.bbyhaber.com\/bby\/wp-json\/wp\/v2\/media?parent=5165"}],"wp:term":[{"taxonomy":"category","embeddable":true,"href":"https:\/\/www.bbyhaber.com\/bby\/wp-json\/wp\/v2\/categories?post=5165"},{"taxonomy":"post_tag","embeddable":true,"href":"https:\/\/www.bbyhaber.com\/bby\/wp-json\/wp\/v2\/tags?post=5165"}],"curies":[{"name":"wp","href":"https:\/\/api.w.org\/{rel}","templated":true}]}}