{"id":5133,"date":"2012-06-07T09:48:04","date_gmt":"2012-06-07T09:48:04","guid":{"rendered":"http:\/\/www.bbyhaber.com\/bby\/?p=5133"},"modified":"2013-01-14T13:13:25","modified_gmt":"2013-01-14T11:13:25","slug":"tarihi-eserlere-tarihi-konak-manisa","status":"publish","type":"post","link":"https:\/\/www.bbyhaber.com\/bby\/2012\/06\/07\/tarihi-eserlere-tarihi-konak-manisa","title":{"rendered":"Tarihi eserlere tarihi konak-Manisa"},"content":{"rendered":"<p style=\"text-align: justify;\">Manisa&#8217;n\u0131n el yazma eserleri bundan b\u00f6yle, Manisa \u0130l Halk K\u00fct\u00fcphanesi yerine, \u0130l \u00d6zel \u0130daresi taraf\u0131ndan sat\u0131n al\u0131narak restore ettirilen tarihi H\u0131d\u0131ro\u011flu Kona\u011f\u0131&#8217;nda sergilenecek. Tarihi el yazmas\u0131 eserlerin sergilenebilmesi i\u00e7in gerekli olan \u00f6zel b\u00f6l\u00fcmlerin in\u015fa edilmesi ile hizmete <!--more-->girecek olan binay\u0131 meclis \u00fcyeleri ile birlikte ziyaret eden Vali Da\u015f\u00f6z, \u00d6zel idarenin tarihi bir \u00e7al\u0131\u015fma yapt\u0131\u011f\u0131n\u0131 belirterek, \u00e7al\u0131\u015fman\u0131n olumlu anlamda domino etkisi yarataca\u011f\u0131n\u0131 s\u00f6yledi.<\/p>\n<p style=\"text-align: justify;\">Kaynak: http:\/\/www.manisahabergazetesi.com.tr<\/p>\n","protected":false},"excerpt":{"rendered":"<p>Manisa&#8217;n\u0131n el yazma eserleri bundan b\u00f6yle, Manisa \u0130l Halk K\u00fct\u00fcphanesi yerine, \u0130l \u00d6zel \u0130daresi taraf\u0131ndan sat\u0131n al\u0131narak restore ettirilen tarihi H\u0131d\u0131ro\u011flu Kona\u011f\u0131&#8217;nda sergilenecek. Tarihi el yazmas\u0131 eserlerin sergilenebilmesi i\u00e7in gerekli olan \u00f6zel b\u00f6l\u00fcmlerin in\u015fa edilmesi ile hizmete<\/p>\n","protected":false},"author":1,"featured_media":0,"comment_status":"open","ping_status":"open","sticky":false,"template":"","format":"standard","meta":{"footnotes":""},"categories":[1500,1509],"tags":[1096,438,1441],"class_list":["post-5133","post","type-post","status-publish","format-standard","hentry","category-nadir-eserler","category-yazma-eserler","tag-arsivcilik","tag-el-yazmalari","tag-yazma-eser-kutuphaneleri"],"_links":{"self":[{"href":"https:\/\/www.bbyhaber.com\/bby\/wp-json\/wp\/v2\/posts\/5133"}],"collection":[{"href":"https:\/\/www.bbyhaber.com\/bby\/wp-json\/wp\/v2\/posts"}],"about":[{"href":"https:\/\/www.bbyhaber.com\/bby\/wp-json\/wp\/v2\/types\/post"}],"author":[{"embeddable":true,"href":"https:\/\/www.bbyhaber.com\/bby\/wp-json\/wp\/v2\/users\/1"}],"replies":[{"embeddable":true,"href":"https:\/\/www.bbyhaber.com\/bby\/wp-json\/wp\/v2\/comments?post=5133"}],"version-history":[{"count":0,"href":"https:\/\/www.bbyhaber.com\/bby\/wp-json\/wp\/v2\/posts\/5133\/revisions"}],"wp:attachment":[{"href":"https:\/\/www.bbyhaber.com\/bby\/wp-json\/wp\/v2\/media?parent=5133"}],"wp:term":[{"taxonomy":"category","embeddable":true,"href":"https:\/\/www.bbyhaber.com\/bby\/wp-json\/wp\/v2\/categories?post=5133"},{"taxonomy":"post_tag","embeddable":true,"href":"https:\/\/www.bbyhaber.com\/bby\/wp-json\/wp\/v2\/tags?post=5133"}],"curies":[{"name":"wp","href":"https:\/\/api.w.org\/{rel}","templated":true}]}}